{"id":12194,"date":"2022-11-03T20:15:01","date_gmt":"2022-11-03T19:15:01","guid":{"rendered":"http:\/\/www.emeryci-sg.org.pl\/wp\/?p=12194"},"modified":"2022-12-12T13:20:29","modified_gmt":"2022-12-12T12:20:29","slug":"ostatnie-pozegnanie-sp-plk-w-st-spocz-grzegorza-kosmidra","status":"publish","type":"post","link":"https:\/\/www.emeryci-sg.org.pl\/wp\/ostatnie-pozegnanie-sp-plk-w-st-spocz-grzegorza-kosmidra\/","title":{"rendered":"Ostatnie po\u017cegnanie \u015bp. p\u0142k. w st. spocz. Grzegorza KO\u015aMIDRA."},"content":{"rendered":"<p><!--more--><\/p>\n<p style=\"text-align: center;\"><a href=\"https:\/\/www.emeryci-sg.org.pl\/wp\/wp-content\/uploads\/2015\/04\/klepsydra_motto.jpg\"><img loading=\"lazy\" decoding=\"async\" class=\"alignnone size-full wp-image-131\" src=\"https:\/\/www.emeryci-sg.org.pl\/wp\/wp-content\/uploads\/2015\/04\/klepsydra_motto.jpg\" alt=\"\" width=\"470\" height=\"100\" srcset=\"https:\/\/www.emeryci-sg.org.pl\/wp\/wp-content\/uploads\/2015\/04\/klepsydra_motto.jpg 470w, https:\/\/www.emeryci-sg.org.pl\/wp\/wp-content\/uploads\/2015\/04\/klepsydra_motto-300x64.jpg 300w\" sizes=\"auto, (max-width: 470px) 100vw, 470px\" \/><\/a><\/p>\n<p style=\"text-align: center;\"><a href=\"https:\/\/www.emeryci-sg.org.pl\/wp\/wp-content\/uploads\/2015\/04\/klepsydra_kreska.png\"><img loading=\"lazy\" decoding=\"async\" class=\"alignnone size-full wp-image-130\" src=\"https:\/\/www.emeryci-sg.org.pl\/wp\/wp-content\/uploads\/2015\/04\/klepsydra_kreska.png\" alt=\"\" width=\"489\" height=\"15\" srcset=\"https:\/\/www.emeryci-sg.org.pl\/wp\/wp-content\/uploads\/2015\/04\/klepsydra_kreska.png 489w, https:\/\/www.emeryci-sg.org.pl\/wp\/wp-content\/uploads\/2015\/04\/klepsydra_kreska-300x9.png 300w\" sizes=\"auto, (max-width: 489px) 100vw, 489px\" \/><\/a><\/p>\n<p style=\"text-align: center;\"><a href=\"https:\/\/www.emeryci-sg.org.pl\/wp\/wp-content\/uploads\/2022\/11\/Grzegorz-Kosmider.jpg\"><img loading=\"lazy\" decoding=\"async\" class=\"alignnone size-full wp-image-12195\" src=\"https:\/\/www.emeryci-sg.org.pl\/wp\/wp-content\/uploads\/2022\/11\/Grzegorz-Kosmider.jpg\" alt=\"\" width=\"640\" height=\"567\" srcset=\"https:\/\/www.emeryci-sg.org.pl\/wp\/wp-content\/uploads\/2022\/11\/Grzegorz-Kosmider.jpg 640w, https:\/\/www.emeryci-sg.org.pl\/wp\/wp-content\/uploads\/2022\/11\/Grzegorz-Kosmider-300x266.jpg 300w, https:\/\/www.emeryci-sg.org.pl\/wp\/wp-content\/uploads\/2022\/11\/Grzegorz-Kosmider-555x492.jpg 555w\" sizes=\"auto, (max-width: 640px) 100vw, 640px\" \/><\/a><a href=\"https:\/\/www.emeryci-sg.org.pl\/wp\/wp-content\/uploads\/2022\/11\/240_F_502699469_8FyylpPslslOadVQops8tboiEpRZ2oak.jpg\"><img loading=\"lazy\" decoding=\"async\" class=\"alignnone wp-image-12202 size-medium\" src=\"https:\/\/www.emeryci-sg.org.pl\/wp\/wp-content\/uploads\/2022\/11\/240_F_502699469_8FyylpPslslOadVQops8tboiEpRZ2oak-300x111.jpg\" alt=\"\" width=\"300\" height=\"111\" srcset=\"https:\/\/www.emeryci-sg.org.pl\/wp\/wp-content\/uploads\/2022\/11\/240_F_502699469_8FyylpPslslOadVQops8tboiEpRZ2oak-300x111.jpg 300w, https:\/\/www.emeryci-sg.org.pl\/wp\/wp-content\/uploads\/2022\/11\/240_F_502699469_8FyylpPslslOadVQops8tboiEpRZ2oak.jpg 501w\" sizes=\"auto, (max-width: 300px) 100vw, 300px\" \/><\/a><\/p>\n<p style=\"text-align: center;\"><a href=\"https:\/\/www.emeryci-sg.org.pl\/wp\/wp-content\/uploads\/2015\/04\/klepsydra_kreska.png\"><img loading=\"lazy\" decoding=\"async\" class=\"alignnone size-full wp-image-130\" src=\"https:\/\/www.emeryci-sg.org.pl\/wp\/wp-content\/uploads\/2015\/04\/klepsydra_kreska.png\" alt=\"\" width=\"489\" height=\"15\" srcset=\"https:\/\/www.emeryci-sg.org.pl\/wp\/wp-content\/uploads\/2015\/04\/klepsydra_kreska.png 489w, https:\/\/www.emeryci-sg.org.pl\/wp\/wp-content\/uploads\/2015\/04\/klepsydra_kreska-300x9.png 300w\" sizes=\"auto, (max-width: 489px) 100vw, 489px\" \/><\/a><\/p>\n","protected":false},"excerpt":{"rendered":"","protected":false},"author":2,"featured_media":3549,"comment_status":"closed","ping_status":"closed","sticky":false,"template":"","format":"standard","meta":{"footnotes":""},"categories":[13,11,14],"tags":[],"class_list":["post-12194","post","type-post","status-publish","format-standard","has-post-thumbnail","hentry","category-region-koszalin","category-region-nowy-sacz","category-zarzad-glowny","nodate","item-wrap"],"_links":{"self":[{"href":"https:\/\/www.emeryci-sg.org.pl\/wp\/wp-json\/wp\/v2\/posts\/12194","targetHints":{"allow":["GET"]}}],"collection":[{"href":"https:\/\/www.emeryci-sg.org.pl\/wp\/wp-json\/wp\/v2\/posts"}],"about":[{"href":"https:\/\/www.emeryci-sg.org.pl\/wp\/wp-json\/wp\/v2\/types\/post"}],"author":[{"embeddable":true,"href":"https:\/\/www.emeryci-sg.org.pl\/wp\/wp-json\/wp\/v2\/users\/2"}],"replies":[{"embeddable":true,"href":"https:\/\/www.emeryci-sg.org.pl\/wp\/wp-json\/wp\/v2\/comments?post=12194"}],"version-history":[{"count":6,"href":"https:\/\/www.emeryci-sg.org.pl\/wp\/wp-json\/wp\/v2\/posts\/12194\/revisions"}],"predecessor-version":[{"id":12423,"href":"https:\/\/www.emeryci-sg.org.pl\/wp\/wp-json\/wp\/v2\/posts\/12194\/revisions\/12423"}],"wp:featuredmedia":[{"embeddable":true,"href":"https:\/\/www.emeryci-sg.org.pl\/wp\/wp-json\/wp\/v2\/media\/3549"}],"wp:attachment":[{"href":"https:\/\/www.emeryci-sg.org.pl\/wp\/wp-json\/wp\/v2\/media?parent=12194"}],"wp:term":[{"taxonomy":"category","embeddable":true,"href":"https:\/\/www.emeryci-sg.org.pl\/wp\/wp-json\/wp\/v2\/categories?post=12194"},{"taxonomy":"post_tag","embeddable":true,"href":"https:\/\/www.emeryci-sg.org.pl\/wp\/wp-json\/wp\/v2\/tags?post=12194"}],"curies":[{"name":"wp","href":"https:\/\/api.w.org\/{rel}","templated":true}]}}