{"id":13142,"date":"2023-03-24T16:34:57","date_gmt":"2023-03-24T15:34:57","guid":{"rendered":"http:\/\/www.emeryci-sg.org.pl\/wp\/?p=13142"},"modified":"2023-04-20T15:23:33","modified_gmt":"2023-04-20T13:23:33","slug":"sprawozdanie-prezydium-zg-zeirsg-za-okres-x-2021-xii-2022-prezentacja-graficzna","status":"publish","type":"post","link":"https:\/\/www.emeryci-sg.org.pl\/wp\/sprawozdanie-prezydium-zg-zeirsg-za-okres-x-2021-xii-2022-prezentacja-graficzna\/","title":{"rendered":"Sprawozdanie Prezydium ZG ZEiRSG za okres: X 2021 &#8211; XII 2022. Prezentacja graficzna."},"content":{"rendered":"<p style=\"text-align: center;\"><strong><span style=\"font-size: 14pt;\">Zgodnie z zapowiedzi\u0105 poni\u017cej zamieszczamy prezentacj\u0119 graficzn\u0105 Sprawozdania Prezydium Zarz\u0105du G\u0142\u00f3wnego ZEiRSG za okres: pa\u017adziernik 2021 &#8211; grudzie\u0144 2022.\u00a0 \u00a0<\/span><\/strong><!--more--><\/p>\n\n\t\t<style>\n\t\t\t#gallery-1 {\n\t\t\t\tmargin: auto;\n\t\t\t}\n\t\t\t#gallery-1 .gallery-item {\n\t\t\t\tfloat: left;\n\t\t\t\tmargin-top: 10px;\n\t\t\t\ttext-align: center;\n\t\t\t\twidth: 25%;\n\t\t\t}\n\t\t\t#gallery-1 img {\n\t\t\t\tborder: 2px solid #cfcfcf;\n\t\t\t}\n\t\t\t#gallery-1 .gallery-caption {\n\t\t\t\tmargin-left: 0;\n\t\t\t}\n\t\t\t\/* see gallery_shortcode() in wp-includes\/media.php *\/\n\t\t<\/style>\n\t\t<div data-carousel-extra='{\"blog_id\":1,\"permalink\":\"https:\\\/\\\/www.emeryci-sg.org.pl\\\/wp\\\/sprawozdanie-prezydium-zg-zeirsg-za-okres-x-2021-xii-2022-prezentacja-graficzna\\\/\"}' id='gallery-1' class='gallery galleryid-13142 gallery-columns-4 gallery-size-thumbnail'><dl class='gallery-item'>\n\t\t\t<dt class='gallery-icon landscape'>\n\t\t\t\t<a href='https:\/\/www.emeryci-sg.org.pl\/wp\/sprawozdanie-prezydium-zg-zeirsg-za-okres-x-2021-xii-2022-prezentacja-graficzna\/e2d066d6dd98fba9c8684aadc630ab4c-0\/'><img loading=\"lazy\" decoding=\"async\" data-attachment-id=\"13143\" data-orig-file=\"https:\/\/www.emeryci-sg.org.pl\/wp\/wp-content\/uploads\/2023\/03\/e2d066d6dd98fba9c8684aadc630ab4c-0-scaled.jpeg\" data-orig-size=\"2560,1440\" data-comments-opened=\"0\" data-image-meta=\"{&quot;aperture&quot;:&quot;0&quot;,&quot;credit&quot;:&quot;&quot;,&quot;camera&quot;:&quot;&quot;,&quot;caption&quot;:&quot;&quot;,&quot;created_timestamp&quot;:&quot;0&quot;,&quot;copyright&quot;:&quot;&quot;,&quot;focal_length&quot;:&quot;0&quot;,&quot;iso&quot;:&quot;0&quot;,&quot;shutter_speed&quot;:&quot;0&quot;,&quot;title&quot;:&quot;&quot;,&quot;orientation&quot;:&quot;0&quot;,&quot;keywords&quot;:&quot;Array&quot;}\" data-image-title=\"e2d066d6dd98fba9c8684aadc630ab4c-0\" data-image-description=\"\" data-medium-file=\"https:\/\/www.emeryci-sg.org.pl\/wp\/wp-content\/uploads\/2023\/03\/e2d066d6dd98fba9c8684aadc630ab4c-0-300x169.jpeg\" data-large-file=\"https:\/\/www.emeryci-sg.org.pl\/wp\/wp-content\/uploads\/2023\/03\/e2d066d6dd98fba9c8684aadc630ab4c-0-1024x576.jpeg\" width=\"150\" height=\"150\" src=\"https:\/\/www.emeryci-sg.org.pl\/wp\/wp-content\/uploads\/2023\/03\/e2d066d6dd98fba9c8684aadc630ab4c-0-150x150.jpeg\" class=\"attachment-thumbnail size-thumbnail\" alt=\"\" \/><\/a>\n\t\t\t<\/dt><\/dl><dl class='gallery-item'>\n\t\t\t<dt class='gallery-icon landscape'>\n\t\t\t\t<a href='https:\/\/www.emeryci-sg.org.pl\/wp\/sprawozdanie-prezydium-zg-zeirsg-za-okres-x-2021-xii-2022-prezentacja-graficzna\/e2d066d6dd98fba9c8684aadc630ab4c-1\/'><img loading=\"lazy\" decoding=\"async\" data-attachment-id=\"13144\" data-orig-file=\"https:\/\/www.emeryci-sg.org.pl\/wp\/wp-content\/uploads\/2023\/03\/e2d066d6dd98fba9c8684aadc630ab4c-1-scaled.jpeg\" data-orig-size=\"2560,1440\" data-comments-opened=\"0\" data-image-meta=\"{&quot;aperture&quot;:&quot;0&quot;,&quot;credit&quot;:&quot;&quot;,&quot;camera&quot;:&quot;&quot;,&quot;caption&quot;:&quot;&quot;,&quot;created_timestamp&quot;:&quot;0&quot;,&quot;copyright&quot;:&quot;&quot;,&quot;focal_length&quot;:&quot;0&quot;,&quot;iso&quot;:&quot;0&quot;,&quot;shutter_speed&quot;:&quot;0&quot;,&quot;title&quot;:&quot;&quot;,&quot;orientation&quot;:&quot;0&quot;,&quot;keywords&quot;:&quot;Array&quot;}\" data-image-title=\"e2d066d6dd98fba9c8684aadc630ab4c-1\" data-image-description=\"\" data-medium-file=\"https:\/\/www.emeryci-sg.org.pl\/wp\/wp-content\/uploads\/2023\/03\/e2d066d6dd98fba9c8684aadc630ab4c-1-300x169.jpeg\" data-large-file=\"https:\/\/www.emeryci-sg.org.pl\/wp\/wp-content\/uploads\/2023\/03\/e2d066d6dd98fba9c8684aadc630ab4c-1-1024x576.jpeg\" width=\"150\" height=\"150\" src=\"https:\/\/www.emeryci-sg.org.pl\/wp\/wp-content\/uploads\/2023\/03\/e2d066d6dd98fba9c8684aadc630ab4c-1-150x150.jpeg\" class=\"attachment-thumbnail size-thumbnail\" alt=\"\" \/><\/a>\n\t\t\t<\/dt><\/dl><dl class='gallery-item'>\n\t\t\t<dt class='gallery-icon landscape'>\n\t\t\t\t<a href='https:\/\/www.emeryci-sg.org.pl\/wp\/sprawozdanie-prezydium-zg-zeirsg-za-okres-x-2021-xii-2022-prezentacja-graficzna\/b7094c4f5e3bff722fa7e40e531b42d9-2\/'><img loading=\"lazy\" decoding=\"async\" data-attachment-id=\"13170\" data-orig-file=\"https:\/\/www.emeryci-sg.org.pl\/wp\/wp-content\/uploads\/2023\/03\/b7094c4f5e3bff722fa7e40e531b42d9-2-scaled.jpeg\" data-orig-size=\"2560,1440\" data-comments-opened=\"0\" data-image-meta=\"{&quot;aperture&quot;:&quot;0&quot;,&quot;credit&quot;:&quot;&quot;,&quot;camera&quot;:&quot;&quot;,&quot;caption&quot;:&quot;&quot;,&quot;created_timestamp&quot;:&quot;0&quot;,&quot;copyright&quot;:&quot;&quot;,&quot;focal_length&quot;:&quot;0&quot;,&quot;iso&quot;:&quot;0&quot;,&quot;shutter_speed&quot;:&quot;0&quot;,&quot;title&quot;:&quot;&quot;,&quot;orientation&quot;:&quot;0&quot;,&quot;keywords&quot;:&quot;Array&quot;}\" data-image-title=\"b7094c4f5e3bff722fa7e40e531b42d9-2\" data-image-description=\"\" data-medium-file=\"https:\/\/www.emeryci-sg.org.pl\/wp\/wp-content\/uploads\/2023\/03\/b7094c4f5e3bff722fa7e40e531b42d9-2-300x169.jpeg\" data-large-file=\"https:\/\/www.emeryci-sg.org.pl\/wp\/wp-content\/uploads\/2023\/03\/b7094c4f5e3bff722fa7e40e531b42d9-2-1024x576.jpeg\" width=\"150\" height=\"150\" src=\"https:\/\/www.emeryci-sg.org.pl\/wp\/wp-content\/uploads\/2023\/03\/b7094c4f5e3bff722fa7e40e531b42d9-2-150x150.jpeg\" class=\"attachment-thumbnail size-thumbnail\" alt=\"\" \/><\/a>\n\t\t\t<\/dt><\/dl><dl class='gallery-item'>\n\t\t\t<dt class='gallery-icon landscape'>\n\t\t\t\t<a href='https:\/\/www.emeryci-sg.org.pl\/wp\/sprawozdanie-prezydium-zg-zeirsg-za-okres-x-2021-xii-2022-prezentacja-graficzna\/e2d066d6dd98fba9c8684aadc630ab4c-3\/'><img loading=\"lazy\" decoding=\"async\" data-attachment-id=\"13146\" data-orig-file=\"https:\/\/www.emeryci-sg.org.pl\/wp\/wp-content\/uploads\/2023\/03\/e2d066d6dd98fba9c8684aadc630ab4c-3-scaled.jpeg\" data-orig-size=\"2560,1440\" data-comments-opened=\"0\" data-image-meta=\"{&quot;aperture&quot;:&quot;0&quot;,&quot;credit&quot;:&quot;&quot;,&quot;camera&quot;:&quot;&quot;,&quot;caption&quot;:&quot;&quot;,&quot;created_timestamp&quot;:&quot;0&quot;,&quot;copyright&quot;:&quot;&quot;,&quot;focal_length&quot;:&quot;0&quot;,&quot;iso&quot;:&quot;0&quot;,&quot;shutter_speed&quot;:&quot;0&quot;,&quot;title&quot;:&quot;&quot;,&quot;orientation&quot;:&quot;0&quot;,&quot;keywords&quot;:&quot;Array&quot;}\" data-image-title=\"e2d066d6dd98fba9c8684aadc630ab4c-3\" data-image-description=\"\" data-medium-file=\"https:\/\/www.emeryci-sg.org.pl\/wp\/wp-content\/uploads\/2023\/03\/e2d066d6dd98fba9c8684aadc630ab4c-3-300x169.jpeg\" data-large-file=\"https:\/\/www.emeryci-sg.org.pl\/wp\/wp-content\/uploads\/2023\/03\/e2d066d6dd98fba9c8684aadc630ab4c-3-1024x576.jpeg\" width=\"150\" height=\"150\" src=\"https:\/\/www.emeryci-sg.org.pl\/wp\/wp-content\/uploads\/2023\/03\/e2d066d6dd98fba9c8684aadc630ab4c-3-150x150.jpeg\" class=\"attachment-thumbnail size-thumbnail\" alt=\"\" \/><\/a>\n\t\t\t<\/dt><\/dl><br style=\"clear: both\" \/><dl class='gallery-item'>\n\t\t\t<dt class='gallery-icon landscape'>\n\t\t\t\t<a href='https:\/\/www.emeryci-sg.org.pl\/wp\/sprawozdanie-prezydium-zg-zeirsg-za-okres-x-2021-xii-2022-prezentacja-graficzna\/e2d066d6dd98fba9c8684aadc630ab4c-4\/'><img loading=\"lazy\" decoding=\"async\" data-attachment-id=\"13147\" data-orig-file=\"https:\/\/www.emeryci-sg.org.pl\/wp\/wp-content\/uploads\/2023\/03\/e2d066d6dd98fba9c8684aadc630ab4c-4-scaled.jpeg\" data-orig-size=\"2560,1440\" data-comments-opened=\"0\" data-image-meta=\"{&quot;aperture&quot;:&quot;0&quot;,&quot;credit&quot;:&quot;&quot;,&quot;camera&quot;:&quot;&quot;,&quot;caption&quot;:&quot;&quot;,&quot;created_timestamp&quot;:&quot;0&quot;,&quot;copyright&quot;:&quot;&quot;,&quot;focal_length&quot;:&quot;0&quot;,&quot;iso&quot;:&quot;0&quot;,&quot;shutter_speed&quot;:&quot;0&quot;,&quot;title&quot;:&quot;&quot;,&quot;orientation&quot;:&quot;0&quot;,&quot;keywords&quot;:&quot;Array&quot;}\" data-image-title=\"e2d066d6dd98fba9c8684aadc630ab4c-4\" data-image-description=\"\" data-medium-file=\"https:\/\/www.emeryci-sg.org.pl\/wp\/wp-content\/uploads\/2023\/03\/e2d066d6dd98fba9c8684aadc630ab4c-4-300x169.jpeg\" data-large-file=\"https:\/\/www.emeryci-sg.org.pl\/wp\/wp-content\/uploads\/2023\/03\/e2d066d6dd98fba9c8684aadc630ab4c-4-1024x576.jpeg\" width=\"150\" height=\"150\" src=\"https:\/\/www.emeryci-sg.org.pl\/wp\/wp-content\/uploads\/2023\/03\/e2d066d6dd98fba9c8684aadc630ab4c-4-150x150.jpeg\" class=\"attachment-thumbnail size-thumbnail\" alt=\"\" \/><\/a>\n\t\t\t<\/dt><\/dl><dl class='gallery-item'>\n\t\t\t<dt class='gallery-icon landscape'>\n\t\t\t\t<a href='https:\/\/www.emeryci-sg.org.pl\/wp\/sprawozdanie-prezydium-zg-zeirsg-za-okres-x-2021-xii-2022-prezentacja-graficzna\/e2d066d6dd98fba9c8684aadc630ab4c-5\/'><img loading=\"lazy\" decoding=\"async\" data-attachment-id=\"13148\" data-orig-file=\"https:\/\/www.emeryci-sg.org.pl\/wp\/wp-content\/uploads\/2023\/03\/e2d066d6dd98fba9c8684aadc630ab4c-5-scaled.jpeg\" data-orig-size=\"2560,1440\" data-comments-opened=\"0\" data-image-meta=\"{&quot;aperture&quot;:&quot;0&quot;,&quot;credit&quot;:&quot;&quot;,&quot;camera&quot;:&quot;&quot;,&quot;caption&quot;:&quot;&quot;,&quot;created_timestamp&quot;:&quot;0&quot;,&quot;copyright&quot;:&quot;&quot;,&quot;focal_length&quot;:&quot;0&quot;,&quot;iso&quot;:&quot;0&quot;,&quot;shutter_speed&quot;:&quot;0&quot;,&quot;title&quot;:&quot;&quot;,&quot;orientation&quot;:&quot;0&quot;,&quot;keywords&quot;:&quot;Array&quot;}\" data-image-title=\"e2d066d6dd98fba9c8684aadc630ab4c-5\" data-image-description=\"\" data-medium-file=\"https:\/\/www.emeryci-sg.org.pl\/wp\/wp-content\/uploads\/2023\/03\/e2d066d6dd98fba9c8684aadc630ab4c-5-300x169.jpeg\" data-large-file=\"https:\/\/www.emeryci-sg.org.pl\/wp\/wp-content\/uploads\/2023\/03\/e2d066d6dd98fba9c8684aadc630ab4c-5-1024x576.jpeg\" width=\"150\" height=\"150\" src=\"https:\/\/www.emeryci-sg.org.pl\/wp\/wp-content\/uploads\/2023\/03\/e2d066d6dd98fba9c8684aadc630ab4c-5-150x150.jpeg\" class=\"attachment-thumbnail size-thumbnail\" alt=\"\" \/><\/a>\n\t\t\t<\/dt><\/dl><dl class='gallery-item'>\n\t\t\t<dt class='gallery-icon landscape'>\n\t\t\t\t<a href='https:\/\/www.emeryci-sg.org.pl\/wp\/sprawozdanie-prezydium-zg-zeirsg-za-okres-x-2021-xii-2022-prezentacja-graficzna\/e2d066d6dd98fba9c8684aadc630ab4c-6\/'><img loading=\"lazy\" decoding=\"async\" data-attachment-id=\"13149\" data-orig-file=\"https:\/\/www.emeryci-sg.org.pl\/wp\/wp-content\/uploads\/2023\/03\/e2d066d6dd98fba9c8684aadc630ab4c-6-scaled.jpeg\" data-orig-size=\"2560,1440\" data-comments-opened=\"0\" data-image-meta=\"{&quot;aperture&quot;:&quot;0&quot;,&quot;credit&quot;:&quot;&quot;,&quot;camera&quot;:&quot;&quot;,&quot;caption&quot;:&quot;&quot;,&quot;created_timestamp&quot;:&quot;0&quot;,&quot;copyright&quot;:&quot;&quot;,&quot;focal_length&quot;:&quot;0&quot;,&quot;iso&quot;:&quot;0&quot;,&quot;shutter_speed&quot;:&quot;0&quot;,&quot;title&quot;:&quot;&quot;,&quot;orientation&quot;:&quot;0&quot;,&quot;keywords&quot;:&quot;Array&quot;}\" data-image-title=\"e2d066d6dd98fba9c8684aadc630ab4c-6\" data-image-description=\"\" data-medium-file=\"https:\/\/www.emeryci-sg.org.pl\/wp\/wp-content\/uploads\/2023\/03\/e2d066d6dd98fba9c8684aadc630ab4c-6-300x169.jpeg\" data-large-file=\"https:\/\/www.emeryci-sg.org.pl\/wp\/wp-content\/uploads\/2023\/03\/e2d066d6dd98fba9c8684aadc630ab4c-6-1024x576.jpeg\" width=\"150\" height=\"150\" src=\"https:\/\/www.emeryci-sg.org.pl\/wp\/wp-content\/uploads\/2023\/03\/e2d066d6dd98fba9c8684aadc630ab4c-6-150x150.jpeg\" class=\"attachment-thumbnail size-thumbnail\" alt=\"\" \/><\/a>\n\t\t\t<\/dt><\/dl><dl class='gallery-item'>\n\t\t\t<dt class='gallery-icon landscape'>\n\t\t\t\t<a href='https:\/\/www.emeryci-sg.org.pl\/wp\/sprawozdanie-prezydium-zg-zeirsg-za-okres-x-2021-xii-2022-prezentacja-graficzna\/e2d066d6dd98fba9c8684aadc630ab4c-7\/'><img loading=\"lazy\" decoding=\"async\" data-attachment-id=\"13150\" data-orig-file=\"https:\/\/www.emeryci-sg.org.pl\/wp\/wp-content\/uploads\/2023\/03\/e2d066d6dd98fba9c8684aadc630ab4c-7-scaled.jpeg\" data-orig-size=\"2560,1440\" data-comments-opened=\"0\" data-image-meta=\"{&quot;aperture&quot;:&quot;0&quot;,&quot;credit&quot;:&quot;&quot;,&quot;camera&quot;:&quot;&quot;,&quot;caption&quot;:&quot;&quot;,&quot;created_timestamp&quot;:&quot;0&quot;,&quot;copyright&quot;:&quot;&quot;,&quot;focal_length&quot;:&quot;0&quot;,&quot;iso&quot;:&quot;0&quot;,&quot;shutter_speed&quot;:&quot;0&quot;,&quot;title&quot;:&quot;&quot;,&quot;orientation&quot;:&quot;0&quot;,&quot;keywords&quot;:&quot;Array&quot;}\" data-image-title=\"e2d066d6dd98fba9c8684aadc630ab4c-7\" data-image-description=\"\" data-medium-file=\"https:\/\/www.emeryci-sg.org.pl\/wp\/wp-content\/uploads\/2023\/03\/e2d066d6dd98fba9c8684aadc630ab4c-7-300x169.jpeg\" data-large-file=\"https:\/\/www.emeryci-sg.org.pl\/wp\/wp-content\/uploads\/2023\/03\/e2d066d6dd98fba9c8684aadc630ab4c-7-1024x576.jpeg\" width=\"150\" height=\"150\" src=\"https:\/\/www.emeryci-sg.org.pl\/wp\/wp-content\/uploads\/2023\/03\/e2d066d6dd98fba9c8684aadc630ab4c-7-150x150.jpeg\" class=\"attachment-thumbnail size-thumbnail\" alt=\"\" \/><\/a>\n\t\t\t<\/dt><\/dl><br style=\"clear: both\" \/><dl class='gallery-item'>\n\t\t\t<dt class='gallery-icon landscape'>\n\t\t\t\t<a href='https:\/\/www.emeryci-sg.org.pl\/wp\/sprawozdanie-prezydium-zg-zeirsg-za-okres-x-2021-xii-2022-prezentacja-graficzna\/e2d066d6dd98fba9c8684aadc630ab4c-8\/'><img loading=\"lazy\" decoding=\"async\" data-attachment-id=\"13151\" data-orig-file=\"https:\/\/www.emeryci-sg.org.pl\/wp\/wp-content\/uploads\/2023\/03\/e2d066d6dd98fba9c8684aadc630ab4c-8-scaled.jpeg\" data-orig-size=\"2560,1440\" data-comments-opened=\"0\" data-image-meta=\"{&quot;aperture&quot;:&quot;0&quot;,&quot;credit&quot;:&quot;&quot;,&quot;camera&quot;:&quot;&quot;,&quot;caption&quot;:&quot;&quot;,&quot;created_timestamp&quot;:&quot;0&quot;,&quot;copyright&quot;:&quot;&quot;,&quot;focal_length&quot;:&quot;0&quot;,&quot;iso&quot;:&quot;0&quot;,&quot;shutter_speed&quot;:&quot;0&quot;,&quot;title&quot;:&quot;&quot;,&quot;orientation&quot;:&quot;0&quot;,&quot;keywords&quot;:&quot;Array&quot;}\" data-image-title=\"e2d066d6dd98fba9c8684aadc630ab4c-8\" data-image-description=\"\" data-medium-file=\"https:\/\/www.emeryci-sg.org.pl\/wp\/wp-content\/uploads\/2023\/03\/e2d066d6dd98fba9c8684aadc630ab4c-8-300x169.jpeg\" data-large-file=\"https:\/\/www.emeryci-sg.org.pl\/wp\/wp-content\/uploads\/2023\/03\/e2d066d6dd98fba9c8684aadc630ab4c-8-1024x576.jpeg\" width=\"150\" height=\"150\" src=\"https:\/\/www.emeryci-sg.org.pl\/wp\/wp-content\/uploads\/2023\/03\/e2d066d6dd98fba9c8684aadc630ab4c-8-150x150.jpeg\" class=\"attachment-thumbnail size-thumbnail\" alt=\"\" \/><\/a>\n\t\t\t<\/dt><\/dl><dl class='gallery-item'>\n\t\t\t<dt class='gallery-icon landscape'>\n\t\t\t\t<a href='https:\/\/www.emeryci-sg.org.pl\/wp\/sprawozdanie-prezydium-zg-zeirsg-za-okres-x-2021-xii-2022-prezentacja-graficzna\/e2d066d6dd98fba9c8684aadc630ab4c-9\/'><img loading=\"lazy\" decoding=\"async\" data-attachment-id=\"13152\" data-orig-file=\"https:\/\/www.emeryci-sg.org.pl\/wp\/wp-content\/uploads\/2023\/03\/e2d066d6dd98fba9c8684aadc630ab4c-9-scaled.jpeg\" data-orig-size=\"2560,1440\" data-comments-opened=\"0\" data-image-meta=\"{&quot;aperture&quot;:&quot;0&quot;,&quot;credit&quot;:&quot;&quot;,&quot;camera&quot;:&quot;&quot;,&quot;caption&quot;:&quot;&quot;,&quot;created_timestamp&quot;:&quot;0&quot;,&quot;copyright&quot;:&quot;&quot;,&quot;focal_length&quot;:&quot;0&quot;,&quot;iso&quot;:&quot;0&quot;,&quot;shutter_speed&quot;:&quot;0&quot;,&quot;title&quot;:&quot;&quot;,&quot;orientation&quot;:&quot;0&quot;,&quot;keywords&quot;:&quot;Array&quot;}\" data-image-title=\"e2d066d6dd98fba9c8684aadc630ab4c-9\" data-image-description=\"\" data-medium-file=\"https:\/\/www.emeryci-sg.org.pl\/wp\/wp-content\/uploads\/2023\/03\/e2d066d6dd98fba9c8684aadc630ab4c-9-300x169.jpeg\" data-large-file=\"https:\/\/www.emeryci-sg.org.pl\/wp\/wp-content\/uploads\/2023\/03\/e2d066d6dd98fba9c8684aadc630ab4c-9-1024x576.jpeg\" width=\"150\" height=\"150\" src=\"https:\/\/www.emeryci-sg.org.pl\/wp\/wp-content\/uploads\/2023\/03\/e2d066d6dd98fba9c8684aadc630ab4c-9-150x150.jpeg\" class=\"attachment-thumbnail size-thumbnail\" alt=\"\" \/><\/a>\n\t\t\t<\/dt><\/dl><dl class='gallery-item'>\n\t\t\t<dt class='gallery-icon landscape'>\n\t\t\t\t<a href='https:\/\/www.emeryci-sg.org.pl\/wp\/sprawozdanie-prezydium-zg-zeirsg-za-okres-x-2021-xii-2022-prezentacja-graficzna\/e2d066d6dd98fba9c8684aadc630ab4c-10\/'><img loading=\"lazy\" decoding=\"async\" data-attachment-id=\"13153\" data-orig-file=\"https:\/\/www.emeryci-sg.org.pl\/wp\/wp-content\/uploads\/2023\/03\/e2d066d6dd98fba9c8684aadc630ab4c-10-scaled.jpeg\" data-orig-size=\"2560,1440\" data-comments-opened=\"0\" data-image-meta=\"{&quot;aperture&quot;:&quot;0&quot;,&quot;credit&quot;:&quot;&quot;,&quot;camera&quot;:&quot;&quot;,&quot;caption&quot;:&quot;&quot;,&quot;created_timestamp&quot;:&quot;0&quot;,&quot;copyright&quot;:&quot;&quot;,&quot;focal_length&quot;:&quot;0&quot;,&quot;iso&quot;:&quot;0&quot;,&quot;shutter_speed&quot;:&quot;0&quot;,&quot;title&quot;:&quot;&quot;,&quot;orientation&quot;:&quot;0&quot;,&quot;keywords&quot;:&quot;Array&quot;}\" data-image-title=\"e2d066d6dd98fba9c8684aadc630ab4c-10\" data-image-description=\"\" data-medium-file=\"https:\/\/www.emeryci-sg.org.pl\/wp\/wp-content\/uploads\/2023\/03\/e2d066d6dd98fba9c8684aadc630ab4c-10-300x169.jpeg\" data-large-file=\"https:\/\/www.emeryci-sg.org.pl\/wp\/wp-content\/uploads\/2023\/03\/e2d066d6dd98fba9c8684aadc630ab4c-10-1024x576.jpeg\" width=\"150\" height=\"150\" src=\"https:\/\/www.emeryci-sg.org.pl\/wp\/wp-content\/uploads\/2023\/03\/e2d066d6dd98fba9c8684aadc630ab4c-10-150x150.jpeg\" class=\"attachment-thumbnail size-thumbnail\" alt=\"\" \/><\/a>\n\t\t\t<\/dt><\/dl><dl class='gallery-item'>\n\t\t\t<dt class='gallery-icon landscape'>\n\t\t\t\t<a href='https:\/\/www.emeryci-sg.org.pl\/wp\/sprawozdanie-prezydium-zg-zeirsg-za-okres-x-2021-xii-2022-prezentacja-graficzna\/e2d066d6dd98fba9c8684aadc630ab4c-11\/'><img loading=\"lazy\" decoding=\"async\" data-attachment-id=\"13154\" data-orig-file=\"https:\/\/www.emeryci-sg.org.pl\/wp\/wp-content\/uploads\/2023\/03\/e2d066d6dd98fba9c8684aadc630ab4c-11-scaled.jpeg\" data-orig-size=\"2560,1440\" data-comments-opened=\"0\" data-image-meta=\"{&quot;aperture&quot;:&quot;0&quot;,&quot;credit&quot;:&quot;&quot;,&quot;camera&quot;:&quot;&quot;,&quot;caption&quot;:&quot;&quot;,&quot;created_timestamp&quot;:&quot;0&quot;,&quot;copyright&quot;:&quot;&quot;,&quot;focal_length&quot;:&quot;0&quot;,&quot;iso&quot;:&quot;0&quot;,&quot;shutter_speed&quot;:&quot;0&quot;,&quot;title&quot;:&quot;&quot;,&quot;orientation&quot;:&quot;0&quot;,&quot;keywords&quot;:&quot;Array&quot;}\" data-image-title=\"e2d066d6dd98fba9c8684aadc630ab4c-11\" data-image-description=\"\" data-medium-file=\"https:\/\/www.emeryci-sg.org.pl\/wp\/wp-content\/uploads\/2023\/03\/e2d066d6dd98fba9c8684aadc630ab4c-11-300x169.jpeg\" data-large-file=\"https:\/\/www.emeryci-sg.org.pl\/wp\/wp-content\/uploads\/2023\/03\/e2d066d6dd98fba9c8684aadc630ab4c-11-1024x576.jpeg\" width=\"150\" height=\"150\" src=\"https:\/\/www.emeryci-sg.org.pl\/wp\/wp-content\/uploads\/2023\/03\/e2d066d6dd98fba9c8684aadc630ab4c-11-150x150.jpeg\" class=\"attachment-thumbnail size-thumbnail\" alt=\"\" \/><\/a>\n\t\t\t<\/dt><\/dl><br style=\"clear: both\" \/><dl class='gallery-item'>\n\t\t\t<dt class='gallery-icon landscape'>\n\t\t\t\t<a href='https:\/\/www.emeryci-sg.org.pl\/wp\/sprawozdanie-prezydium-zg-zeirsg-za-okres-x-2021-xii-2022-prezentacja-graficzna\/e2d066d6dd98fba9c8684aadc630ab4c-12\/'><img loading=\"lazy\" decoding=\"async\" data-attachment-id=\"13155\" data-orig-file=\"https:\/\/www.emeryci-sg.org.pl\/wp\/wp-content\/uploads\/2023\/03\/e2d066d6dd98fba9c8684aadc630ab4c-12-scaled.jpeg\" data-orig-size=\"2560,1440\" data-comments-opened=\"0\" data-image-meta=\"{&quot;aperture&quot;:&quot;0&quot;,&quot;credit&quot;:&quot;&quot;,&quot;camera&quot;:&quot;&quot;,&quot;caption&quot;:&quot;&quot;,&quot;created_timestamp&quot;:&quot;0&quot;,&quot;copyright&quot;:&quot;&quot;,&quot;focal_length&quot;:&quot;0&quot;,&quot;iso&quot;:&quot;0&quot;,&quot;shutter_speed&quot;:&quot;0&quot;,&quot;title&quot;:&quot;&quot;,&quot;orientation&quot;:&quot;0&quot;,&quot;keywords&quot;:&quot;Array&quot;}\" data-image-title=\"e2d066d6dd98fba9c8684aadc630ab4c-12\" data-image-description=\"\" data-medium-file=\"https:\/\/www.emeryci-sg.org.pl\/wp\/wp-content\/uploads\/2023\/03\/e2d066d6dd98fba9c8684aadc630ab4c-12-300x169.jpeg\" data-large-file=\"https:\/\/www.emeryci-sg.org.pl\/wp\/wp-content\/uploads\/2023\/03\/e2d066d6dd98fba9c8684aadc630ab4c-12-1024x576.jpeg\" width=\"150\" height=\"150\" src=\"https:\/\/www.emeryci-sg.org.pl\/wp\/wp-content\/uploads\/2023\/03\/e2d066d6dd98fba9c8684aadc630ab4c-12-150x150.jpeg\" class=\"attachment-thumbnail size-thumbnail\" alt=\"\" \/><\/a>\n\t\t\t<\/dt><\/dl><dl class='gallery-item'>\n\t\t\t<dt class='gallery-icon landscape'>\n\t\t\t\t<a href='https:\/\/www.emeryci-sg.org.pl\/wp\/sprawozdanie-prezydium-zg-zeirsg-za-okres-x-2021-xii-2022-prezentacja-graficzna\/e2d066d6dd98fba9c8684aadc630ab4c-13\/'><img loading=\"lazy\" decoding=\"async\" data-attachment-id=\"13156\" data-orig-file=\"https:\/\/www.emeryci-sg.org.pl\/wp\/wp-content\/uploads\/2023\/03\/e2d066d6dd98fba9c8684aadc630ab4c-13-scaled.jpeg\" data-orig-size=\"2560,1440\" data-comments-opened=\"0\" data-image-meta=\"{&quot;aperture&quot;:&quot;0&quot;,&quot;credit&quot;:&quot;&quot;,&quot;camera&quot;:&quot;&quot;,&quot;caption&quot;:&quot;&quot;,&quot;created_timestamp&quot;:&quot;0&quot;,&quot;copyright&quot;:&quot;&quot;,&quot;focal_length&quot;:&quot;0&quot;,&quot;iso&quot;:&quot;0&quot;,&quot;shutter_speed&quot;:&quot;0&quot;,&quot;title&quot;:&quot;&quot;,&quot;orientation&quot;:&quot;0&quot;,&quot;keywords&quot;:&quot;Array&quot;}\" data-image-title=\"e2d066d6dd98fba9c8684aadc630ab4c-13\" data-image-description=\"\" data-medium-file=\"https:\/\/www.emeryci-sg.org.pl\/wp\/wp-content\/uploads\/2023\/03\/e2d066d6dd98fba9c8684aadc630ab4c-13-300x169.jpeg\" data-large-file=\"https:\/\/www.emeryci-sg.org.pl\/wp\/wp-content\/uploads\/2023\/03\/e2d066d6dd98fba9c8684aadc630ab4c-13-1024x576.jpeg\" width=\"150\" height=\"150\" src=\"https:\/\/www.emeryci-sg.org.pl\/wp\/wp-content\/uploads\/2023\/03\/e2d066d6dd98fba9c8684aadc630ab4c-13-150x150.jpeg\" class=\"attachment-thumbnail size-thumbnail\" alt=\"\" \/><\/a>\n\t\t\t<\/dt><\/dl><dl class='gallery-item'>\n\t\t\t<dt class='gallery-icon landscape'>\n\t\t\t\t<a href='https:\/\/www.emeryci-sg.org.pl\/wp\/sprawozdanie-prezydium-zg-zeirsg-za-okres-x-2021-xii-2022-prezentacja-graficzna\/e2d066d6dd98fba9c8684aadc630ab4c-14\/'><img loading=\"lazy\" decoding=\"async\" data-attachment-id=\"13157\" data-orig-file=\"https:\/\/www.emeryci-sg.org.pl\/wp\/wp-content\/uploads\/2023\/03\/e2d066d6dd98fba9c8684aadc630ab4c-14-scaled.jpeg\" data-orig-size=\"2560,1440\" data-comments-opened=\"0\" data-image-meta=\"{&quot;aperture&quot;:&quot;0&quot;,&quot;credit&quot;:&quot;&quot;,&quot;camera&quot;:&quot;&quot;,&quot;caption&quot;:&quot;&quot;,&quot;created_timestamp&quot;:&quot;0&quot;,&quot;copyright&quot;:&quot;&quot;,&quot;focal_length&quot;:&quot;0&quot;,&quot;iso&quot;:&quot;0&quot;,&quot;shutter_speed&quot;:&quot;0&quot;,&quot;title&quot;:&quot;&quot;,&quot;orientation&quot;:&quot;0&quot;,&quot;keywords&quot;:&quot;Array&quot;}\" data-image-title=\"e2d066d6dd98fba9c8684aadc630ab4c-14\" data-image-description=\"\" data-medium-file=\"https:\/\/www.emeryci-sg.org.pl\/wp\/wp-content\/uploads\/2023\/03\/e2d066d6dd98fba9c8684aadc630ab4c-14-300x169.jpeg\" data-large-file=\"https:\/\/www.emeryci-sg.org.pl\/wp\/wp-content\/uploads\/2023\/03\/e2d066d6dd98fba9c8684aadc630ab4c-14-1024x576.jpeg\" width=\"150\" height=\"150\" src=\"https:\/\/www.emeryci-sg.org.pl\/wp\/wp-content\/uploads\/2023\/03\/e2d066d6dd98fba9c8684aadc630ab4c-14-150x150.jpeg\" class=\"attachment-thumbnail size-thumbnail\" alt=\"\" \/><\/a>\n\t\t\t<\/dt><\/dl><dl class='gallery-item'>\n\t\t\t<dt class='gallery-icon landscape'>\n\t\t\t\t<a href='https:\/\/www.emeryci-sg.org.pl\/wp\/sprawozdanie-prezydium-zg-zeirsg-za-okres-x-2021-xii-2022-prezentacja-graficzna\/e2d066d6dd98fba9c8684aadc630ab4c-15\/'><img loading=\"lazy\" decoding=\"async\" data-attachment-id=\"13158\" data-orig-file=\"https:\/\/www.emeryci-sg.org.pl\/wp\/wp-content\/uploads\/2023\/03\/e2d066d6dd98fba9c8684aadc630ab4c-15-scaled.jpeg\" data-orig-size=\"2560,1440\" data-comments-opened=\"0\" data-image-meta=\"{&quot;aperture&quot;:&quot;0&quot;,&quot;credit&quot;:&quot;&quot;,&quot;camera&quot;:&quot;&quot;,&quot;caption&quot;:&quot;&quot;,&quot;created_timestamp&quot;:&quot;0&quot;,&quot;copyright&quot;:&quot;&quot;,&quot;focal_length&quot;:&quot;0&quot;,&quot;iso&quot;:&quot;0&quot;,&quot;shutter_speed&quot;:&quot;0&quot;,&quot;title&quot;:&quot;&quot;,&quot;orientation&quot;:&quot;0&quot;,&quot;keywords&quot;:&quot;Array&quot;}\" data-image-title=\"e2d066d6dd98fba9c8684aadc630ab4c-15\" data-image-description=\"\" data-medium-file=\"https:\/\/www.emeryci-sg.org.pl\/wp\/wp-content\/uploads\/2023\/03\/e2d066d6dd98fba9c8684aadc630ab4c-15-300x169.jpeg\" data-large-file=\"https:\/\/www.emeryci-sg.org.pl\/wp\/wp-content\/uploads\/2023\/03\/e2d066d6dd98fba9c8684aadc630ab4c-15-1024x576.jpeg\" width=\"150\" height=\"150\" src=\"https:\/\/www.emeryci-sg.org.pl\/wp\/wp-content\/uploads\/2023\/03\/e2d066d6dd98fba9c8684aadc630ab4c-15-150x150.jpeg\" class=\"attachment-thumbnail size-thumbnail\" alt=\"\" \/><\/a>\n\t\t\t<\/dt><\/dl><br style=\"clear: both\" \/><dl class='gallery-item'>\n\t\t\t<dt class='gallery-icon landscape'>\n\t\t\t\t<a href='https:\/\/www.emeryci-sg.org.pl\/wp\/sprawozdanie-prezydium-zg-zeirsg-za-okres-x-2021-xii-2022-prezentacja-graficzna\/e2d066d6dd98fba9c8684aadc630ab4c-16\/'><img loading=\"lazy\" decoding=\"async\" data-attachment-id=\"13159\" data-orig-file=\"https:\/\/www.emeryci-sg.org.pl\/wp\/wp-content\/uploads\/2023\/03\/e2d066d6dd98fba9c8684aadc630ab4c-16-scaled.jpeg\" data-orig-size=\"2560,1440\" data-comments-opened=\"0\" data-image-meta=\"{&quot;aperture&quot;:&quot;0&quot;,&quot;credit&quot;:&quot;&quot;,&quot;camera&quot;:&quot;&quot;,&quot;caption&quot;:&quot;&quot;,&quot;created_timestamp&quot;:&quot;0&quot;,&quot;copyright&quot;:&quot;&quot;,&quot;focal_length&quot;:&quot;0&quot;,&quot;iso&quot;:&quot;0&quot;,&quot;shutter_speed&quot;:&quot;0&quot;,&quot;title&quot;:&quot;&quot;,&quot;orientation&quot;:&quot;0&quot;,&quot;keywords&quot;:&quot;Array&quot;}\" data-image-title=\"e2d066d6dd98fba9c8684aadc630ab4c-16\" data-image-description=\"\" data-medium-file=\"https:\/\/www.emeryci-sg.org.pl\/wp\/wp-content\/uploads\/2023\/03\/e2d066d6dd98fba9c8684aadc630ab4c-16-300x169.jpeg\" data-large-file=\"https:\/\/www.emeryci-sg.org.pl\/wp\/wp-content\/uploads\/2023\/03\/e2d066d6dd98fba9c8684aadc630ab4c-16-1024x576.jpeg\" width=\"150\" height=\"150\" src=\"https:\/\/www.emeryci-sg.org.pl\/wp\/wp-content\/uploads\/2023\/03\/e2d066d6dd98fba9c8684aadc630ab4c-16-150x150.jpeg\" class=\"attachment-thumbnail size-thumbnail\" alt=\"\" \/><\/a>\n\t\t\t<\/dt><\/dl><dl class='gallery-item'>\n\t\t\t<dt class='gallery-icon landscape'>\n\t\t\t\t<a href='https:\/\/www.emeryci-sg.org.pl\/wp\/sprawozdanie-prezydium-zg-zeirsg-za-okres-x-2021-xii-2022-prezentacja-graficzna\/e2d066d6dd98fba9c8684aadc630ab4c-17\/'><img loading=\"lazy\" decoding=\"async\" data-attachment-id=\"13160\" data-orig-file=\"https:\/\/www.emeryci-sg.org.pl\/wp\/wp-content\/uploads\/2023\/03\/e2d066d6dd98fba9c8684aadc630ab4c-17-scaled.jpeg\" data-orig-size=\"2560,1440\" data-comments-opened=\"0\" data-image-meta=\"{&quot;aperture&quot;:&quot;0&quot;,&quot;credit&quot;:&quot;&quot;,&quot;camera&quot;:&quot;&quot;,&quot;caption&quot;:&quot;&quot;,&quot;created_timestamp&quot;:&quot;0&quot;,&quot;copyright&quot;:&quot;&quot;,&quot;focal_length&quot;:&quot;0&quot;,&quot;iso&quot;:&quot;0&quot;,&quot;shutter_speed&quot;:&quot;0&quot;,&quot;title&quot;:&quot;&quot;,&quot;orientation&quot;:&quot;0&quot;,&quot;keywords&quot;:&quot;Array&quot;}\" data-image-title=\"e2d066d6dd98fba9c8684aadc630ab4c-17\" data-image-description=\"\" data-medium-file=\"https:\/\/www.emeryci-sg.org.pl\/wp\/wp-content\/uploads\/2023\/03\/e2d066d6dd98fba9c8684aadc630ab4c-17-300x169.jpeg\" data-large-file=\"https:\/\/www.emeryci-sg.org.pl\/wp\/wp-content\/uploads\/2023\/03\/e2d066d6dd98fba9c8684aadc630ab4c-17-1024x576.jpeg\" width=\"150\" height=\"150\" src=\"https:\/\/www.emeryci-sg.org.pl\/wp\/wp-content\/uploads\/2023\/03\/e2d066d6dd98fba9c8684aadc630ab4c-17-150x150.jpeg\" class=\"attachment-thumbnail size-thumbnail\" alt=\"\" \/><\/a>\n\t\t\t<\/dt><\/dl><dl class='gallery-item'>\n\t\t\t<dt class='gallery-icon landscape'>\n\t\t\t\t<a href='https:\/\/www.emeryci-sg.org.pl\/wp\/sprawozdanie-prezydium-zg-zeirsg-za-okres-x-2021-xii-2022-prezentacja-graficzna\/e2d066d6dd98fba9c8684aadc630ab4c-18\/'><img loading=\"lazy\" decoding=\"async\" data-attachment-id=\"13161\" data-orig-file=\"https:\/\/www.emeryci-sg.org.pl\/wp\/wp-content\/uploads\/2023\/03\/e2d066d6dd98fba9c8684aadc630ab4c-18-scaled.jpeg\" data-orig-size=\"2560,1440\" data-comments-opened=\"0\" data-image-meta=\"{&quot;aperture&quot;:&quot;0&quot;,&quot;credit&quot;:&quot;&quot;,&quot;camera&quot;:&quot;&quot;,&quot;caption&quot;:&quot;&quot;,&quot;created_timestamp&quot;:&quot;0&quot;,&quot;copyright&quot;:&quot;&quot;,&quot;focal_length&quot;:&quot;0&quot;,&quot;iso&quot;:&quot;0&quot;,&quot;shutter_speed&quot;:&quot;0&quot;,&quot;title&quot;:&quot;&quot;,&quot;orientation&quot;:&quot;0&quot;,&quot;keywords&quot;:&quot;Array&quot;}\" data-image-title=\"e2d066d6dd98fba9c8684aadc630ab4c-18\" data-image-description=\"\" data-medium-file=\"https:\/\/www.emeryci-sg.org.pl\/wp\/wp-content\/uploads\/2023\/03\/e2d066d6dd98fba9c8684aadc630ab4c-18-300x169.jpeg\" data-large-file=\"https:\/\/www.emeryci-sg.org.pl\/wp\/wp-content\/uploads\/2023\/03\/e2d066d6dd98fba9c8684aadc630ab4c-18-1024x576.jpeg\" width=\"150\" height=\"150\" src=\"https:\/\/www.emeryci-sg.org.pl\/wp\/wp-content\/uploads\/2023\/03\/e2d066d6dd98fba9c8684aadc630ab4c-18-150x150.jpeg\" class=\"attachment-thumbnail size-thumbnail\" alt=\"\" \/><\/a>\n\t\t\t<\/dt><\/dl><dl class='gallery-item'>\n\t\t\t<dt class='gallery-icon landscape'>\n\t\t\t\t<a href='https:\/\/www.emeryci-sg.org.pl\/wp\/sprawozdanie-prezydium-zg-zeirsg-za-okres-x-2021-xii-2022-prezentacja-graficzna\/e2d066d6dd98fba9c8684aadc630ab4c-19\/'><img loading=\"lazy\" decoding=\"async\" data-attachment-id=\"13162\" data-orig-file=\"https:\/\/www.emeryci-sg.org.pl\/wp\/wp-content\/uploads\/2023\/03\/e2d066d6dd98fba9c8684aadc630ab4c-19-scaled.jpeg\" data-orig-size=\"2560,1440\" data-comments-opened=\"0\" data-image-meta=\"{&quot;aperture&quot;:&quot;0&quot;,&quot;credit&quot;:&quot;&quot;,&quot;camera&quot;:&quot;&quot;,&quot;caption&quot;:&quot;&quot;,&quot;created_timestamp&quot;:&quot;0&quot;,&quot;copyright&quot;:&quot;&quot;,&quot;focal_length&quot;:&quot;0&quot;,&quot;iso&quot;:&quot;0&quot;,&quot;shutter_speed&quot;:&quot;0&quot;,&quot;title&quot;:&quot;&quot;,&quot;orientation&quot;:&quot;0&quot;,&quot;keywords&quot;:&quot;Array&quot;}\" data-image-title=\"e2d066d6dd98fba9c8684aadc630ab4c-19\" data-image-description=\"\" data-medium-file=\"https:\/\/www.emeryci-sg.org.pl\/wp\/wp-content\/uploads\/2023\/03\/e2d066d6dd98fba9c8684aadc630ab4c-19-300x169.jpeg\" data-large-file=\"https:\/\/www.emeryci-sg.org.pl\/wp\/wp-content\/uploads\/2023\/03\/e2d066d6dd98fba9c8684aadc630ab4c-19-1024x576.jpeg\" width=\"150\" height=\"150\" src=\"https:\/\/www.emeryci-sg.org.pl\/wp\/wp-content\/uploads\/2023\/03\/e2d066d6dd98fba9c8684aadc630ab4c-19-150x150.jpeg\" class=\"attachment-thumbnail size-thumbnail\" alt=\"\" \/><\/a>\n\t\t\t<\/dt><\/dl><br style=\"clear: both\" \/><dl class='gallery-item'>\n\t\t\t<dt class='gallery-icon landscape'>\n\t\t\t\t<a href='https:\/\/www.emeryci-sg.org.pl\/wp\/sprawozdanie-prezydium-zg-zeirsg-za-okres-x-2021-xii-2022-prezentacja-graficzna\/e2d066d6dd98fba9c8684aadc630ab4c-20\/'><img loading=\"lazy\" decoding=\"async\" data-attachment-id=\"13163\" data-orig-file=\"https:\/\/www.emeryci-sg.org.pl\/wp\/wp-content\/uploads\/2023\/03\/e2d066d6dd98fba9c8684aadc630ab4c-20-scaled.jpeg\" data-orig-size=\"2560,1440\" data-comments-opened=\"0\" data-image-meta=\"{&quot;aperture&quot;:&quot;0&quot;,&quot;credit&quot;:&quot;&quot;,&quot;camera&quot;:&quot;&quot;,&quot;caption&quot;:&quot;&quot;,&quot;created_timestamp&quot;:&quot;0&quot;,&quot;copyright&quot;:&quot;&quot;,&quot;focal_length&quot;:&quot;0&quot;,&quot;iso&quot;:&quot;0&quot;,&quot;shutter_speed&quot;:&quot;0&quot;,&quot;title&quot;:&quot;&quot;,&quot;orientation&quot;:&quot;0&quot;,&quot;keywords&quot;:&quot;Array&quot;}\" data-image-title=\"e2d066d6dd98fba9c8684aadc630ab4c-20\" data-image-description=\"\" data-medium-file=\"https:\/\/www.emeryci-sg.org.pl\/wp\/wp-content\/uploads\/2023\/03\/e2d066d6dd98fba9c8684aadc630ab4c-20-300x169.jpeg\" data-large-file=\"https:\/\/www.emeryci-sg.org.pl\/wp\/wp-content\/uploads\/2023\/03\/e2d066d6dd98fba9c8684aadc630ab4c-20-1024x576.jpeg\" width=\"150\" height=\"150\" src=\"https:\/\/www.emeryci-sg.org.pl\/wp\/wp-content\/uploads\/2023\/03\/e2d066d6dd98fba9c8684aadc630ab4c-20-150x150.jpeg\" class=\"attachment-thumbnail size-thumbnail\" alt=\"\" \/><\/a>\n\t\t\t<\/dt><\/dl><dl class='gallery-item'>\n\t\t\t<dt class='gallery-icon landscape'>\n\t\t\t\t<a href='https:\/\/www.emeryci-sg.org.pl\/wp\/sprawozdanie-prezydium-zg-zeirsg-za-okres-x-2021-xii-2022-prezentacja-graficzna\/e2d066d6dd98fba9c8684aadc630ab4c-21\/'><img loading=\"lazy\" decoding=\"async\" data-attachment-id=\"13164\" data-orig-file=\"https:\/\/www.emeryci-sg.org.pl\/wp\/wp-content\/uploads\/2023\/03\/e2d066d6dd98fba9c8684aadc630ab4c-21-scaled.jpeg\" data-orig-size=\"2560,1440\" data-comments-opened=\"0\" data-image-meta=\"{&quot;aperture&quot;:&quot;0&quot;,&quot;credit&quot;:&quot;&quot;,&quot;camera&quot;:&quot;&quot;,&quot;caption&quot;:&quot;&quot;,&quot;created_timestamp&quot;:&quot;0&quot;,&quot;copyright&quot;:&quot;&quot;,&quot;focal_length&quot;:&quot;0&quot;,&quot;iso&quot;:&quot;0&quot;,&quot;shutter_speed&quot;:&quot;0&quot;,&quot;title&quot;:&quot;&quot;,&quot;orientation&quot;:&quot;0&quot;,&quot;keywords&quot;:&quot;Array&quot;}\" data-image-title=\"e2d066d6dd98fba9c8684aadc630ab4c-21\" data-image-description=\"\" data-medium-file=\"https:\/\/www.emeryci-sg.org.pl\/wp\/wp-content\/uploads\/2023\/03\/e2d066d6dd98fba9c8684aadc630ab4c-21-300x169.jpeg\" data-large-file=\"https:\/\/www.emeryci-sg.org.pl\/wp\/wp-content\/uploads\/2023\/03\/e2d066d6dd98fba9c8684aadc630ab4c-21-1024x576.jpeg\" width=\"150\" height=\"150\" src=\"https:\/\/www.emeryci-sg.org.pl\/wp\/wp-content\/uploads\/2023\/03\/e2d066d6dd98fba9c8684aadc630ab4c-21-150x150.jpeg\" class=\"attachment-thumbnail size-thumbnail\" alt=\"\" \/><\/a>\n\t\t\t<\/dt><\/dl><dl class='gallery-item'>\n\t\t\t<dt class='gallery-icon landscape'>\n\t\t\t\t<a href='https:\/\/www.emeryci-sg.org.pl\/wp\/sprawozdanie-prezydium-zg-zeirsg-za-okres-x-2021-xii-2022-prezentacja-graficzna\/e2d066d6dd98fba9c8684aadc630ab4c-22\/'><img loading=\"lazy\" decoding=\"async\" data-attachment-id=\"13165\" data-orig-file=\"https:\/\/www.emeryci-sg.org.pl\/wp\/wp-content\/uploads\/2023\/03\/e2d066d6dd98fba9c8684aadc630ab4c-22-scaled.jpeg\" data-orig-size=\"2560,1440\" data-comments-opened=\"0\" data-image-meta=\"{&quot;aperture&quot;:&quot;0&quot;,&quot;credit&quot;:&quot;&quot;,&quot;camera&quot;:&quot;&quot;,&quot;caption&quot;:&quot;&quot;,&quot;created_timestamp&quot;:&quot;0&quot;,&quot;copyright&quot;:&quot;&quot;,&quot;focal_length&quot;:&quot;0&quot;,&quot;iso&quot;:&quot;0&quot;,&quot;shutter_speed&quot;:&quot;0&quot;,&quot;title&quot;:&quot;&quot;,&quot;orientation&quot;:&quot;0&quot;,&quot;keywords&quot;:&quot;Array&quot;}\" data-image-title=\"e2d066d6dd98fba9c8684aadc630ab4c-22\" data-image-description=\"\" data-medium-file=\"https:\/\/www.emeryci-sg.org.pl\/wp\/wp-content\/uploads\/2023\/03\/e2d066d6dd98fba9c8684aadc630ab4c-22-300x169.jpeg\" data-large-file=\"https:\/\/www.emeryci-sg.org.pl\/wp\/wp-content\/uploads\/2023\/03\/e2d066d6dd98fba9c8684aadc630ab4c-22-1024x576.jpeg\" width=\"150\" height=\"150\" src=\"https:\/\/www.emeryci-sg.org.pl\/wp\/wp-content\/uploads\/2023\/03\/e2d066d6dd98fba9c8684aadc630ab4c-22-150x150.jpeg\" class=\"attachment-thumbnail size-thumbnail\" alt=\"\" \/><\/a>\n\t\t\t<\/dt><\/dl><dl class='gallery-item'>\n\t\t\t<dt class='gallery-icon landscape'>\n\t\t\t\t<a href='https:\/\/www.emeryci-sg.org.pl\/wp\/sprawozdanie-prezydium-zg-zeirsg-za-okres-x-2021-xii-2022-prezentacja-graficzna\/e2d066d6dd98fba9c8684aadc630ab4c-23\/'><img loading=\"lazy\" decoding=\"async\" data-attachment-id=\"13166\" data-orig-file=\"https:\/\/www.emeryci-sg.org.pl\/wp\/wp-content\/uploads\/2023\/03\/e2d066d6dd98fba9c8684aadc630ab4c-23-scaled.jpeg\" data-orig-size=\"2560,1440\" data-comments-opened=\"0\" data-image-meta=\"{&quot;aperture&quot;:&quot;0&quot;,&quot;credit&quot;:&quot;&quot;,&quot;camera&quot;:&quot;&quot;,&quot;caption&quot;:&quot;&quot;,&quot;created_timestamp&quot;:&quot;0&quot;,&quot;copyright&quot;:&quot;&quot;,&quot;focal_length&quot;:&quot;0&quot;,&quot;iso&quot;:&quot;0&quot;,&quot;shutter_speed&quot;:&quot;0&quot;,&quot;title&quot;:&quot;&quot;,&quot;orientation&quot;:&quot;0&quot;,&quot;keywords&quot;:&quot;Array&quot;}\" data-image-title=\"e2d066d6dd98fba9c8684aadc630ab4c-23\" data-image-description=\"\" data-medium-file=\"https:\/\/www.emeryci-sg.org.pl\/wp\/wp-content\/uploads\/2023\/03\/e2d066d6dd98fba9c8684aadc630ab4c-23-300x169.jpeg\" data-large-file=\"https:\/\/www.emeryci-sg.org.pl\/wp\/wp-content\/uploads\/2023\/03\/e2d066d6dd98fba9c8684aadc630ab4c-23-1024x576.jpeg\" width=\"150\" height=\"150\" src=\"https:\/\/www.emeryci-sg.org.pl\/wp\/wp-content\/uploads\/2023\/03\/e2d066d6dd98fba9c8684aadc630ab4c-23-150x150.jpeg\" class=\"attachment-thumbnail size-thumbnail\" alt=\"\" \/><\/a>\n\t\t\t<\/dt><\/dl><br style=\"clear: both\" \/><dl class='gallery-item'>\n\t\t\t<dt class='gallery-icon landscape'>\n\t\t\t\t<a href='https:\/\/www.emeryci-sg.org.pl\/wp\/sprawozdanie-prezydium-zg-zeirsg-za-okres-x-2021-xii-2022-prezentacja-graficzna\/e2d066d6dd98fba9c8684aadc630ab4c-24\/'><img loading=\"lazy\" decoding=\"async\" data-attachment-id=\"13167\" data-orig-file=\"https:\/\/www.emeryci-sg.org.pl\/wp\/wp-content\/uploads\/2023\/03\/e2d066d6dd98fba9c8684aadc630ab4c-24-scaled.jpeg\" data-orig-size=\"2560,1440\" data-comments-opened=\"0\" data-image-meta=\"{&quot;aperture&quot;:&quot;0&quot;,&quot;credit&quot;:&quot;&quot;,&quot;camera&quot;:&quot;&quot;,&quot;caption&quot;:&quot;&quot;,&quot;created_timestamp&quot;:&quot;0&quot;,&quot;copyright&quot;:&quot;&quot;,&quot;focal_length&quot;:&quot;0&quot;,&quot;iso&quot;:&quot;0&quot;,&quot;shutter_speed&quot;:&quot;0&quot;,&quot;title&quot;:&quot;&quot;,&quot;orientation&quot;:&quot;0&quot;,&quot;keywords&quot;:&quot;Array&quot;}\" data-image-title=\"e2d066d6dd98fba9c8684aadc630ab4c-24\" data-image-description=\"\" data-medium-file=\"https:\/\/www.emeryci-sg.org.pl\/wp\/wp-content\/uploads\/2023\/03\/e2d066d6dd98fba9c8684aadc630ab4c-24-300x169.jpeg\" data-large-file=\"https:\/\/www.emeryci-sg.org.pl\/wp\/wp-content\/uploads\/2023\/03\/e2d066d6dd98fba9c8684aadc630ab4c-24-1024x576.jpeg\" width=\"150\" height=\"150\" src=\"https:\/\/www.emeryci-sg.org.pl\/wp\/wp-content\/uploads\/2023\/03\/e2d066d6dd98fba9c8684aadc630ab4c-24-150x150.jpeg\" class=\"attachment-thumbnail size-thumbnail\" alt=\"\" \/><\/a>\n\t\t\t<\/dt><\/dl><dl class='gallery-item'>\n\t\t\t<dt class='gallery-icon landscape'>\n\t\t\t\t<a href='https:\/\/www.emeryci-sg.org.pl\/wp\/sprawozdanie-prezydium-zg-zeirsg-za-okres-x-2021-xii-2022-prezentacja-graficzna\/e2d066d6dd98fba9c8684aadc630ab4c-25\/'><img loading=\"lazy\" decoding=\"async\" data-attachment-id=\"13168\" data-orig-file=\"https:\/\/www.emeryci-sg.org.pl\/wp\/wp-content\/uploads\/2023\/03\/e2d066d6dd98fba9c8684aadc630ab4c-25-scaled.jpeg\" data-orig-size=\"2560,1440\" data-comments-opened=\"0\" data-image-meta=\"{&quot;aperture&quot;:&quot;0&quot;,&quot;credit&quot;:&quot;&quot;,&quot;camera&quot;:&quot;&quot;,&quot;caption&quot;:&quot;&quot;,&quot;created_timestamp&quot;:&quot;0&quot;,&quot;copyright&quot;:&quot;&quot;,&quot;focal_length&quot;:&quot;0&quot;,&quot;iso&quot;:&quot;0&quot;,&quot;shutter_speed&quot;:&quot;0&quot;,&quot;title&quot;:&quot;&quot;,&quot;orientation&quot;:&quot;0&quot;,&quot;keywords&quot;:&quot;Array&quot;}\" data-image-title=\"e2d066d6dd98fba9c8684aadc630ab4c-25\" data-image-description=\"\" data-medium-file=\"https:\/\/www.emeryci-sg.org.pl\/wp\/wp-content\/uploads\/2023\/03\/e2d066d6dd98fba9c8684aadc630ab4c-25-300x169.jpeg\" data-large-file=\"https:\/\/www.emeryci-sg.org.pl\/wp\/wp-content\/uploads\/2023\/03\/e2d066d6dd98fba9c8684aadc630ab4c-25-1024x576.jpeg\" width=\"150\" height=\"150\" src=\"https:\/\/www.emeryci-sg.org.pl\/wp\/wp-content\/uploads\/2023\/03\/e2d066d6dd98fba9c8684aadc630ab4c-25-150x150.jpeg\" class=\"attachment-thumbnail size-thumbnail\" alt=\"\" \/><\/a>\n\t\t\t<\/dt><\/dl>\n\t\t\t<br style='clear: both' \/>\n\t\t<\/div>\n\n<p style=\"text-align: right;\"><span style=\"font-size: 14pt;\">Wiceprezes ds. O-P ZEiRSG<\/span><\/p>\n<p style=\"text-align: right;\"><span style=\"font-size: 14pt;\">Andrzej BUDZY\u0143SKI<\/span><\/p>\n","protected":false},"excerpt":{"rendered":"<p>Zgodnie z zapowiedzi\u0105 poni\u017cej zamieszczamy prezentacj\u0119 graficzn\u0105 Sprawozdania Prezydium Zarz\u0105du G\u0142\u00f3wnego ZEiRSG za okres: pa\u017adziernik 2021 &#8211; grudzie\u0144 2022.\u00a0 \u00a0<\/p><p><a class=\"more-link btn\" href=\"https:\/\/www.emeryci-sg.org.pl\/wp\/sprawozdanie-prezydium-zg-zeirsg-za-okres-x-2021-xii-2022-prezentacja-graficzna\/\">Czytaj dalej<\/a><\/p>\n","protected":false},"author":2,"featured_media":13163,"comment_status":"closed","ping_status":"closed","sticky":false,"template":"","format":"standard","meta":{"footnotes":""},"categories":[39,6,38,7,8,37,42,13,9,10,11,57,12,36,40,14],"tags":[],"class_list":["post-13142","post","type-post","status-publish","format-standard","has-post-thumbnail","hentry","category-region-chojna","category-region-cieszyn","category-region-gdansk","category-region-glubczyce","category-region-hrubieszow","category-region-ketrzyn","category-region-kolobrzeg","category-region-koszalin","category-region-krakow-balice","category-region-luban","category-region-nowy-sacz","category-region-raciborz","category-region-slubice","category-region-swinoujscie","category-region-szczecin","category-zarzad-glowny","nodate","item-wrap"],"_links":{"self":[{"href":"https:\/\/www.emeryci-sg.org.pl\/wp\/wp-json\/wp\/v2\/posts\/13142","targetHints":{"allow":["GET"]}}],"collection":[{"href":"https:\/\/www.emeryci-sg.org.pl\/wp\/wp-json\/wp\/v2\/posts"}],"about":[{"href":"https:\/\/www.emeryci-sg.org.pl\/wp\/wp-json\/wp\/v2\/types\/post"}],"author":[{"embeddable":true,"href":"https:\/\/www.emeryci-sg.org.pl\/wp\/wp-json\/wp\/v2\/users\/2"}],"replies":[{"embeddable":true,"href":"https:\/\/www.emeryci-sg.org.pl\/wp\/wp-json\/wp\/v2\/comments?post=13142"}],"version-history":[{"count":4,"href":"https:\/\/www.emeryci-sg.org.pl\/wp\/wp-json\/wp\/v2\/posts\/13142\/revisions"}],"predecessor-version":[{"id":13291,"href":"https:\/\/www.emeryci-sg.org.pl\/wp\/wp-json\/wp\/v2\/posts\/13142\/revisions\/13291"}],"wp:featuredmedia":[{"embeddable":true,"href":"https:\/\/www.emeryci-sg.org.pl\/wp\/wp-json\/wp\/v2\/media\/13163"}],"wp:attachment":[{"href":"https:\/\/www.emeryci-sg.org.pl\/wp\/wp-json\/wp\/v2\/media?parent=13142"}],"wp:term":[{"taxonomy":"category","embeddable":true,"href":"https:\/\/www.emeryci-sg.org.pl\/wp\/wp-json\/wp\/v2\/categories?post=13142"},{"taxonomy":"post_tag","embeddable":true,"href":"https:\/\/www.emeryci-sg.org.pl\/wp\/wp-json\/wp\/v2\/tags?post=13142"}],"curies":[{"name":"wp","href":"https:\/\/api.w.org\/{rel}","templated":true}]}}