{"id":16288,"date":"2024-05-11T18:14:58","date_gmt":"2024-05-11T16:14:58","guid":{"rendered":"https:\/\/www.emeryci-sg.org.pl\/wp\/?p=16288"},"modified":"2024-05-11T18:16:12","modified_gmt":"2024-05-11T16:16:12","slug":"33-rocznica-powolania-sg-i-100-rocznica-kop-nabozenstwo-rocznicowe-w-kosciele-ewangelicko-augsburskim-w-wisle","status":"publish","type":"post","link":"https:\/\/www.emeryci-sg.org.pl\/wp\/33-rocznica-powolania-sg-i-100-rocznica-kop-nabozenstwo-rocznicowe-w-kosciele-ewangelicko-augsburskim-w-wisle\/","title":{"rendered":"33. rocznica powo\u0142ania SG i 100. rocznica KOP &#8211; nabo\u017ce\u0144stwo rocznicowe w Ko\u015bciele Ewangelicko-Augsburskim w Wi\u015ble."},"content":{"rendered":"<div class=\"xdj266r x11i5rnm xat24cr x1mh8g0r x1vvkbs x126k92a\">\n<div dir=\"auto\"><span style=\"font-size: 14pt;\"><strong>W dniu 10 maja 2024 r. w Wi\u015ble, w Ko\u015bciele Ewangelicko Augsburskim Ap. Piotra i Paw\u0142a odby\u0142o si\u0119 nabo\u017ce\u0144stwo w intencji 33 rocznicy utworzenia Stra\u017cy Granicznej oraz 100 &#8211; lecia powo\u0142ania Korpusu Ochrony Pogranicza. Nabo\u017ce\u0144stwo prowadzi\u0142 Dziekan Ewangelicki Stra\u017cy Granicznej ks. p\u0142k SG Kornel Undas, oraz Proboszcz Parafii ks. Waldemar Szajthauer. W uroczysto\u015bciach wzi\u0105\u0142 udzia\u0142 pe\u0142ni\u0105cy obowi\u0105zki Naczelnego Kapelana Ewangelickiego ks. pp\u0142k Tomasz Wola oraz kapelani wojskowi Si\u0142 Zbrojnych i Stra\u017cy Granicznej.<\/strong><\/span><\/div>\n<\/div>\n<p><!--more--><\/p>\n<div class=\"x11i5rnm xat24cr x1mh8g0r x1vvkbs xtlvy1s x126k92a\">\n<div dir=\"auto\"><span style=\"font-size: 14pt;\"><strong>Wojewod\u0119 \u015al\u0105skiego reprezentowa\u0142 Micha\u0142 Kopa\u0144ski wicewojewoda \u015al\u0105ski, a Komendanta \u015al\u0105skiego Oddzia\u0142u Stra\u017cy Granicznej w Raciborzu jego zast\u0119pca p\u0142k SG Adam Kurek. Obecna by\u0142a liczna grupa funkcjonariuszek, funkcjonariuszy i pracownik\u00f3w cywilnych na czele z komendantami Plac\u00f3wek \u015al\u0105skiego Oddzia\u0142u Stra\u017cy Granicznej i przewodnicz\u0105cym Zarz\u0105du Oddzia\u0142owego NSZZ FSG mjr SG Mariuszem Wi\u015bniewskim.<\/strong><\/span><\/div>\n<\/div>\n<div class=\"x11i5rnm xat24cr x1mh8g0r x1vvkbs xtlvy1s x126k92a\">\n<div dir=\"auto\"><span style=\"font-size: 14pt;\"><strong>W rocznicowych obchodach nie zabrak\u0142o cz\u0142onk\u00f3w i sympatyk\u00f3w Zwi\u0105zku Emeryt\u00f3w i Rencist\u00f3w Stra\u017cy Granicznej wraz prezesem Regionu Cieszyn kol. Mariuszem Kosmatym i prezesem Regionu Racib\u00f3rz kol. Wojciechem Szyszk\u0105, a tak\u017ce cz\u0142onkiem wspieraj\u0105cym Zwi\u0105zek Kol. Cezarym Tomiczkiem.<\/strong><\/span><\/div>\n<\/div>\n<div class=\"x11i5rnm xat24cr x1mh8g0r x1vvkbs xtlvy1s x126k92a\">\n<div dir=\"auto\"><span style=\"font-size: 14pt;\"><strong>Zabieraj\u0105c g\u0142os w trakcie uroczysto\u015bci mia\u0142em przyjemno\u015b\u0107 przekaza\u0107 \u017cyczenia i podzi\u0119kowania a tak\u017ce wyrazy uznania funkcjonariuszkom i funkcjonariuszom Stra\u017cy Granicznej za ich po\u015bwi\u0119cenie, s\u0142u\u017cb\u0119 i prac\u0119 w ochronie granicy Rzeczypospolitej Polskiej od cz\u0142onk\u00f3w i sympatyk\u00f3w Zwi\u0105zku Emeryt\u00f3w i Rencist\u00f3w Stra\u017cy Granicznej (tekst wyst\u0105pienia w za\u0142\u0105czeniu).<\/strong><\/span><\/div>\n<\/div>\n<div class=\"x11i5rnm xat24cr x1mh8g0r x1vvkbs xtlvy1s x126k92a\">\n<div dir=\"auto\"><span style=\"font-size: 14pt;\"><strong>Mia\u0142em r\u00f3wnie\u017c przyjemno\u015b\u0107 wraz z prezesem Regionu Cieszyn kol. Mariuszem Kosmatym zrealizowania uchwa\u0142y Nr 14\/2023 Zarz\u0105du G\u0142\u00f3wnego ZEiRSG i uhonorowanie Dziekana Stra\u017cy Granicznej ks. p\u0142k SG Kornela Undasa Odznak\u0105 &#8222;Zas\u0142u\u017cony Dla Zwi\u0105zku&#8221;.<\/strong><\/span><\/div>\n<\/div>\n<div class=\"x11i5rnm xat24cr x1mh8g0r x1vvkbs xtlvy1s x126k92a\">\n<div dir=\"auto\"><span style=\"font-size: 14pt;\"><strong>Uroczysto\u015bci zako\u0144czy\u0142 koncert i pokaz musztry paradnej w wykonaniu Kompanii i Orkiestry Reprezentacyjnej Stra\u017cy Granicznej. Poni\u017cej ma\u0142a galeria zdj\u0119\u0107 z uroczysto\u015bci.<\/strong><\/span><\/div>\n<div dir=\"auto\"><\/div>\n<\/div>\n<div class=\"x11i5rnm xat24cr x1mh8g0r x1vvkbs xtlvy1s x126k92a\">\n<div dir=\"auto\" style=\"text-align: right;\"><span style=\"font-size: 14pt;\"><strong>S\u0142awomir Matusewicz<\/strong><\/span><\/div>\n<div dir=\"auto\" style=\"text-align: right;\"><span style=\"font-size: 14pt;\"><strong>Prezes ZEIRSG<\/strong><\/span><\/div>\n<div dir=\"auto\"><\/div>\n<\/div>\n<div class=\"x11i5rnm xat24cr x1mh8g0r x1vvkbs xtlvy1s x126k92a\">\n<div dir=\"auto\" style=\"text-align: center;\"><strong>Tekst wyst\u0105pienia Prezesa ZEiRSG w czasie Nabo\u017ce\u0144stwa z okazji 33 rocznicy utworzenia Stra\u017cy Granicznej i 100 rocznicy powo\u0142ania Korpusu Ochrony Pogranicza.<\/strong><\/div>\n<div dir=\"auto\"><\/div>\n<\/div>\n<div class=\"x11i5rnm xat24cr x1mh8g0r x1vvkbs xtlvy1s x126k92a\">\n<div dir=\"auto\"><em><strong>Dzisiejsze nabo\u017ce\u0144stwo w intencji obchod\u00f3w XXXIII rocznicy powo\u0142ania Stra\u017cy Granicznej jest okazj\u0105 do z\u0142o\u017cenia \u017cycze\u0144 i podzi\u0119kowa\u0144 dla szerokiego grona funkcjonariuszek i funkcjonariuszy oraz pracownic i pracownik\u00f3w Stra\u017cy Granicznej w imieniu cz\u0142onk\u00f3w i sympatyk\u00f3w Zwi\u0105zku Emeryt\u00f3w i Rencist\u00f3w Stra\u017cy Granicznej.<\/strong><\/em><\/div>\n<\/div>\n<div class=\"x11i5rnm xat24cr x1mh8g0r x1vvkbs xtlvy1s x126k92a\">\n<div dir=\"auto\"><em><strong>Podzi\u0119kowania s\u0105 dowodem uznania dla waszej pe\u0142nej po\u015bwi\u0119cenia s\u0142u\u017cby i pracy w ochronie granicy Rzeczypospolitej Polskiej.<\/strong><\/em><\/div>\n<\/div>\n<div class=\"x11i5rnm xat24cr x1mh8g0r x1vvkbs xtlvy1s x126k92a\">\n<div dir=\"auto\"><em><strong>Przypomn\u0119, \u017ce w tym roku przypada 100 rocznica powo\u0142ania Korpusu Ochrony Pogranicza, a tak\u017ce 79 rocznica sformowania Wojsk Ochrony Pogranicza. \u00d3wczesnym \u017co\u0142nierzom i pracownikom r\u00f3wnie\u017c na sercu le\u017ca\u0142o dobro ochrony granic Rzeczypospolitej Polskiej i bezpiecze\u0144stwo Polek i Polak\u00f3w.<\/strong><\/em><\/div>\n<\/div>\n<div class=\"x11i5rnm xat24cr x1mh8g0r x1vvkbs xtlvy1s x126k92a\">\n<div dir=\"auto\"><em><strong>Emeryci i Renci\u015bci Stra\u017cy Granicznej pami\u0119taj\u0105 o 26 latach pos\u0142ugi duszpasterskiej Ks. P\u0142k Kornela Undasa, po\u015br\u00f3d funkcjonariuszek i funkcjonariuszy w jednostkach Stra\u017cy Granicznej.<\/strong><\/em><\/div>\n<\/div>\n<div class=\"x11i5rnm xat24cr x1mh8g0r x1vvkbs xtlvy1s x126k92a\">\n<div dir=\"auto\"><em><strong>Te 26 lat pos\u0142ugi zbiega si\u0119 z 26 rocznic\u0105 utworzenia ZEiRSG. Zwi\u0105zku, z kt\u00f3rym Ksi\u0105dz Dziekan wsp\u00f3\u0142pracuje od pierwszego dnia swojej pos\u0142ugi.<\/strong><\/em><\/div>\n<\/div>\n<div class=\"x11i5rnm xat24cr x1mh8g0r x1vvkbs xtlvy1s x126k92a\">\n<div dir=\"auto\"><em><strong>Z tej okazji jest mi niezmiernie mi\u0142o m\u00f3c dzisiaj zrealizowa\u0107 Uchwal\u0119 Nr 14 Zarz\u0105du G\u0142\u00f3wnego Zwi\u0105zku Emeryt\u00f3w i Rencist\u00f3w Stra\u017cy Granicznej i wyr\u00f3\u017cni\u0107 Odznak\u0105 &#8222;Zas\u0142u\u017cony Dla Zwi\u0105zku&#8221; Ks. Dziekana P\u0142k Kornela Undasa.<\/strong><\/em><\/div>\n<\/div>\n<div class=\"x11i5rnm xat24cr x1mh8g0r x1vvkbs xtlvy1s x126k92a\">\n<div dir=\"auto\"><em><strong>Szcz\u0119\u015b\u0107 Bo\u017ce Ksi\u0119\u017ce Dziekanie.<\/strong><\/em><\/div>\n<\/div>\n<div dir=\"auto\"><\/div>\n<div dir=\"auto\">\n\n\t\t<style>\n\t\t\t#gallery-1 {\n\t\t\t\tmargin: auto;\n\t\t\t}\n\t\t\t#gallery-1 .gallery-item {\n\t\t\t\tfloat: left;\n\t\t\t\tmargin-top: 10px;\n\t\t\t\ttext-align: center;\n\t\t\t\twidth: 25%;\n\t\t\t}\n\t\t\t#gallery-1 img {\n\t\t\t\tborder: 2px solid #cfcfcf;\n\t\t\t}\n\t\t\t#gallery-1 .gallery-caption {\n\t\t\t\tmargin-left: 0;\n\t\t\t}\n\t\t\t\/* see gallery_shortcode() in wp-includes\/media.php *\/\n\t\t<\/style>\n\t\t<div data-carousel-extra='{\"blog_id\":1,\"permalink\":\"https:\\\/\\\/www.emeryci-sg.org.pl\\\/wp\\\/33-rocznica-powolania-sg-i-100-rocznica-kop-nabozenstwo-rocznicowe-w-kosciele-ewangelicko-augsburskim-w-wisle\\\/\"}' id='gallery-1' class='gallery galleryid-16288 gallery-columns-4 gallery-size-thumbnail'><dl class='gallery-item'>\n\t\t\t<dt class='gallery-icon portrait'>\n\t\t\t\t<a href='https:\/\/www.emeryci-sg.org.pl\/wp\/33-rocznica-powolania-sg-i-100-rocznica-kop-nabozenstwo-rocznicowe-w-kosciele-ewangelicko-augsburskim-w-wisle\/441156615_761499429431429_3978699849528406726_n\/'><img loading=\"lazy\" decoding=\"async\" data-attachment-id=\"16304\" data-orig-file=\"https:\/\/www.emeryci-sg.org.pl\/wp\/wp-content\/uploads\/2024\/05\/441156615_761499429431429_3978699849528406726_n.jpg\" data-orig-size=\"1200,1600\" data-comments-opened=\"0\" data-image-meta=\"{&quot;aperture&quot;:&quot;0&quot;,&quot;credit&quot;:&quot;&quot;,&quot;camera&quot;:&quot;&quot;,&quot;caption&quot;:&quot;&quot;,&quot;created_timestamp&quot;:&quot;0&quot;,&quot;copyright&quot;:&quot;&quot;,&quot;focal_length&quot;:&quot;0&quot;,&quot;iso&quot;:&quot;0&quot;,&quot;shutter_speed&quot;:&quot;0&quot;,&quot;title&quot;:&quot;&quot;,&quot;orientation&quot;:&quot;0&quot;,&quot;keywords&quot;:&quot;Array&quot;}\" data-image-title=\"441156615_761499429431429_3978699849528406726_n\" data-image-description=\"\" data-medium-file=\"https:\/\/www.emeryci-sg.org.pl\/wp\/wp-content\/uploads\/2024\/05\/441156615_761499429431429_3978699849528406726_n-225x300.jpg\" data-large-file=\"https:\/\/www.emeryci-sg.org.pl\/wp\/wp-content\/uploads\/2024\/05\/441156615_761499429431429_3978699849528406726_n-768x1024.jpg\" width=\"150\" height=\"150\" src=\"https:\/\/www.emeryci-sg.org.pl\/wp\/wp-content\/uploads\/2024\/05\/441156615_761499429431429_3978699849528406726_n-150x150.jpg\" class=\"attachment-thumbnail size-thumbnail\" alt=\"\" \/><\/a>\n\t\t\t<\/dt><\/dl><dl class='gallery-item'>\n\t\t\t<dt class='gallery-icon portrait'>\n\t\t\t\t<a href='https:\/\/www.emeryci-sg.org.pl\/wp\/33-rocznica-powolania-sg-i-100-rocznica-kop-nabozenstwo-rocznicowe-w-kosciele-ewangelicko-augsburskim-w-wisle\/438172412_761499432764762_6363060726148094736_n\/'><img loading=\"lazy\" decoding=\"async\" data-attachment-id=\"16303\" data-orig-file=\"https:\/\/www.emeryci-sg.org.pl\/wp\/wp-content\/uploads\/2024\/05\/438172412_761499432764762_6363060726148094736_n.jpg\" data-orig-size=\"924,2000\" data-comments-opened=\"0\" data-image-meta=\"{&quot;aperture&quot;:&quot;0&quot;,&quot;credit&quot;:&quot;&quot;,&quot;camera&quot;:&quot;&quot;,&quot;caption&quot;:&quot;&quot;,&quot;created_timestamp&quot;:&quot;0&quot;,&quot;copyright&quot;:&quot;&quot;,&quot;focal_length&quot;:&quot;0&quot;,&quot;iso&quot;:&quot;0&quot;,&quot;shutter_speed&quot;:&quot;0&quot;,&quot;title&quot;:&quot;&quot;,&quot;orientation&quot;:&quot;0&quot;,&quot;keywords&quot;:&quot;Array&quot;}\" data-image-title=\"438172412_761499432764762_6363060726148094736_n\" data-image-description=\"\" data-medium-file=\"https:\/\/www.emeryci-sg.org.pl\/wp\/wp-content\/uploads\/2024\/05\/438172412_761499432764762_6363060726148094736_n-139x300.jpg\" data-large-file=\"https:\/\/www.emeryci-sg.org.pl\/wp\/wp-content\/uploads\/2024\/05\/438172412_761499432764762_6363060726148094736_n-473x1024.jpg\" width=\"150\" height=\"150\" src=\"https:\/\/www.emeryci-sg.org.pl\/wp\/wp-content\/uploads\/2024\/05\/438172412_761499432764762_6363060726148094736_n-150x150.jpg\" class=\"attachment-thumbnail size-thumbnail\" alt=\"\" \/><\/a>\n\t\t\t<\/dt><\/dl><dl class='gallery-item'>\n\t\t\t<dt class='gallery-icon portrait'>\n\t\t\t\t<a href='https:\/\/www.emeryci-sg.org.pl\/wp\/33-rocznica-powolania-sg-i-100-rocznica-kop-nabozenstwo-rocznicowe-w-kosciele-ewangelicko-augsburskim-w-wisle\/441168668_761499422764763_2349850084110895456_n\/'><img loading=\"lazy\" decoding=\"async\" data-attachment-id=\"16302\" data-orig-file=\"https:\/\/www.emeryci-sg.org.pl\/wp\/wp-content\/uploads\/2024\/05\/441168668_761499422764763_2349850084110895456_n.jpg\" data-orig-size=\"924,2000\" data-comments-opened=\"0\" data-image-meta=\"{&quot;aperture&quot;:&quot;0&quot;,&quot;credit&quot;:&quot;&quot;,&quot;camera&quot;:&quot;&quot;,&quot;caption&quot;:&quot;&quot;,&quot;created_timestamp&quot;:&quot;0&quot;,&quot;copyright&quot;:&quot;&quot;,&quot;focal_length&quot;:&quot;0&quot;,&quot;iso&quot;:&quot;0&quot;,&quot;shutter_speed&quot;:&quot;0&quot;,&quot;title&quot;:&quot;&quot;,&quot;orientation&quot;:&quot;0&quot;,&quot;keywords&quot;:&quot;Array&quot;}\" data-image-title=\"441168668_761499422764763_2349850084110895456_n\" data-image-description=\"\" data-medium-file=\"https:\/\/www.emeryci-sg.org.pl\/wp\/wp-content\/uploads\/2024\/05\/441168668_761499422764763_2349850084110895456_n-139x300.jpg\" data-large-file=\"https:\/\/www.emeryci-sg.org.pl\/wp\/wp-content\/uploads\/2024\/05\/441168668_761499422764763_2349850084110895456_n-473x1024.jpg\" width=\"150\" height=\"150\" src=\"https:\/\/www.emeryci-sg.org.pl\/wp\/wp-content\/uploads\/2024\/05\/441168668_761499422764763_2349850084110895456_n-150x150.jpg\" class=\"attachment-thumbnail size-thumbnail\" alt=\"\" \/><\/a>\n\t\t\t<\/dt><\/dl><dl class='gallery-item'>\n\t\t\t<dt class='gallery-icon landscape'>\n\t\t\t\t<a href='https:\/\/www.emeryci-sg.org.pl\/wp\/33-rocznica-powolania-sg-i-100-rocznica-kop-nabozenstwo-rocznicowe-w-kosciele-ewangelicko-augsburskim-w-wisle\/441155239_761499549431417_3165027692940922555_n\/'><img loading=\"lazy\" decoding=\"async\" data-attachment-id=\"16301\" data-orig-file=\"https:\/\/www.emeryci-sg.org.pl\/wp\/wp-content\/uploads\/2024\/05\/441155239_761499549431417_3165027692940922555_n.jpg\" data-orig-size=\"2000,924\" data-comments-opened=\"0\" data-image-meta=\"{&quot;aperture&quot;:&quot;0&quot;,&quot;credit&quot;:&quot;&quot;,&quot;camera&quot;:&quot;&quot;,&quot;caption&quot;:&quot;&quot;,&quot;created_timestamp&quot;:&quot;0&quot;,&quot;copyright&quot;:&quot;&quot;,&quot;focal_length&quot;:&quot;0&quot;,&quot;iso&quot;:&quot;0&quot;,&quot;shutter_speed&quot;:&quot;0&quot;,&quot;title&quot;:&quot;&quot;,&quot;orientation&quot;:&quot;0&quot;,&quot;keywords&quot;:&quot;Array&quot;}\" data-image-title=\"441155239_761499549431417_3165027692940922555_n\" data-image-description=\"\" data-medium-file=\"https:\/\/www.emeryci-sg.org.pl\/wp\/wp-content\/uploads\/2024\/05\/441155239_761499549431417_3165027692940922555_n-300x139.jpg\" data-large-file=\"https:\/\/www.emeryci-sg.org.pl\/wp\/wp-content\/uploads\/2024\/05\/441155239_761499549431417_3165027692940922555_n-1024x473.jpg\" width=\"150\" height=\"150\" src=\"https:\/\/www.emeryci-sg.org.pl\/wp\/wp-content\/uploads\/2024\/05\/441155239_761499549431417_3165027692940922555_n-150x150.jpg\" class=\"attachment-thumbnail size-thumbnail\" alt=\"\" \/><\/a>\n\t\t\t<\/dt><\/dl><br style=\"clear: both\" \/><dl class='gallery-item'>\n\t\t\t<dt class='gallery-icon portrait'>\n\t\t\t\t<a href='https:\/\/www.emeryci-sg.org.pl\/wp\/33-rocznica-powolania-sg-i-100-rocznica-kop-nabozenstwo-rocznicowe-w-kosciele-ewangelicko-augsburskim-w-wisle\/438164641_761499542764751_8641110867463021484_n\/'><img loading=\"lazy\" decoding=\"async\" data-attachment-id=\"16300\" data-orig-file=\"https:\/\/www.emeryci-sg.org.pl\/wp\/wp-content\/uploads\/2024\/05\/438164641_761499542764751_8641110867463021484_n.jpg\" data-orig-size=\"924,2000\" data-comments-opened=\"0\" data-image-meta=\"{&quot;aperture&quot;:&quot;0&quot;,&quot;credit&quot;:&quot;&quot;,&quot;camera&quot;:&quot;&quot;,&quot;caption&quot;:&quot;&quot;,&quot;created_timestamp&quot;:&quot;0&quot;,&quot;copyright&quot;:&quot;&quot;,&quot;focal_length&quot;:&quot;0&quot;,&quot;iso&quot;:&quot;0&quot;,&quot;shutter_speed&quot;:&quot;0&quot;,&quot;title&quot;:&quot;&quot;,&quot;orientation&quot;:&quot;0&quot;,&quot;keywords&quot;:&quot;Array&quot;}\" data-image-title=\"438164641_761499542764751_8641110867463021484_n\" data-image-description=\"\" data-medium-file=\"https:\/\/www.emeryci-sg.org.pl\/wp\/wp-content\/uploads\/2024\/05\/438164641_761499542764751_8641110867463021484_n-139x300.jpg\" data-large-file=\"https:\/\/www.emeryci-sg.org.pl\/wp\/wp-content\/uploads\/2024\/05\/438164641_761499542764751_8641110867463021484_n-473x1024.jpg\" width=\"150\" height=\"150\" src=\"https:\/\/www.emeryci-sg.org.pl\/wp\/wp-content\/uploads\/2024\/05\/438164641_761499542764751_8641110867463021484_n-150x150.jpg\" class=\"attachment-thumbnail size-thumbnail\" alt=\"\" \/><\/a>\n\t\t\t<\/dt><\/dl><dl class='gallery-item'>\n\t\t\t<dt class='gallery-icon portrait'>\n\t\t\t\t<a href='https:\/\/www.emeryci-sg.org.pl\/wp\/33-rocznica-powolania-sg-i-100-rocznica-kop-nabozenstwo-rocznicowe-w-kosciele-ewangelicko-augsburskim-w-wisle\/438164945_761499562764749_1757445599549913397_n\/'><img loading=\"lazy\" decoding=\"async\" data-attachment-id=\"16299\" data-orig-file=\"https:\/\/www.emeryci-sg.org.pl\/wp\/wp-content\/uploads\/2024\/05\/438164945_761499562764749_1757445599549913397_n.jpg\" data-orig-size=\"924,2000\" data-comments-opened=\"0\" data-image-meta=\"{&quot;aperture&quot;:&quot;0&quot;,&quot;credit&quot;:&quot;&quot;,&quot;camera&quot;:&quot;&quot;,&quot;caption&quot;:&quot;&quot;,&quot;created_timestamp&quot;:&quot;0&quot;,&quot;copyright&quot;:&quot;&quot;,&quot;focal_length&quot;:&quot;0&quot;,&quot;iso&quot;:&quot;0&quot;,&quot;shutter_speed&quot;:&quot;0&quot;,&quot;title&quot;:&quot;&quot;,&quot;orientation&quot;:&quot;0&quot;,&quot;keywords&quot;:&quot;Array&quot;}\" data-image-title=\"438164945_761499562764749_1757445599549913397_n\" data-image-description=\"\" data-medium-file=\"https:\/\/www.emeryci-sg.org.pl\/wp\/wp-content\/uploads\/2024\/05\/438164945_761499562764749_1757445599549913397_n-139x300.jpg\" data-large-file=\"https:\/\/www.emeryci-sg.org.pl\/wp\/wp-content\/uploads\/2024\/05\/438164945_761499562764749_1757445599549913397_n-473x1024.jpg\" width=\"150\" height=\"150\" src=\"https:\/\/www.emeryci-sg.org.pl\/wp\/wp-content\/uploads\/2024\/05\/438164945_761499562764749_1757445599549913397_n-150x150.jpg\" class=\"attachment-thumbnail size-thumbnail\" alt=\"\" \/><\/a>\n\t\t\t<\/dt><\/dl><dl class='gallery-item'>\n\t\t\t<dt class='gallery-icon landscape'>\n\t\t\t\t<a href='https:\/\/www.emeryci-sg.org.pl\/wp\/33-rocznica-powolania-sg-i-100-rocznica-kop-nabozenstwo-rocznicowe-w-kosciele-ewangelicko-augsburskim-w-wisle\/438171408_761499682764737_2756511264264976004_n\/'><img loading=\"lazy\" decoding=\"async\" data-attachment-id=\"16298\" data-orig-file=\"https:\/\/www.emeryci-sg.org.pl\/wp\/wp-content\/uploads\/2024\/05\/438171408_761499682764737_2756511264264976004_n.jpg\" data-orig-size=\"1640,1232\" data-comments-opened=\"0\" data-image-meta=\"{&quot;aperture&quot;:&quot;0&quot;,&quot;credit&quot;:&quot;&quot;,&quot;camera&quot;:&quot;&quot;,&quot;caption&quot;:&quot;&quot;,&quot;created_timestamp&quot;:&quot;0&quot;,&quot;copyright&quot;:&quot;&quot;,&quot;focal_length&quot;:&quot;0&quot;,&quot;iso&quot;:&quot;0&quot;,&quot;shutter_speed&quot;:&quot;0&quot;,&quot;title&quot;:&quot;&quot;,&quot;orientation&quot;:&quot;0&quot;,&quot;keywords&quot;:&quot;Array&quot;}\" data-image-title=\"438171408_761499682764737_2756511264264976004_n\" data-image-description=\"\" data-medium-file=\"https:\/\/www.emeryci-sg.org.pl\/wp\/wp-content\/uploads\/2024\/05\/438171408_761499682764737_2756511264264976004_n-300x225.jpg\" data-large-file=\"https:\/\/www.emeryci-sg.org.pl\/wp\/wp-content\/uploads\/2024\/05\/438171408_761499682764737_2756511264264976004_n-1024x769.jpg\" width=\"150\" height=\"150\" src=\"https:\/\/www.emeryci-sg.org.pl\/wp\/wp-content\/uploads\/2024\/05\/438171408_761499682764737_2756511264264976004_n-150x150.jpg\" class=\"attachment-thumbnail size-thumbnail\" alt=\"\" \/><\/a>\n\t\t\t<\/dt><\/dl><dl class='gallery-item'>\n\t\t\t<dt class='gallery-icon portrait'>\n\t\t\t\t<a href='https:\/\/www.emeryci-sg.org.pl\/wp\/33-rocznica-powolania-sg-i-100-rocznica-kop-nabozenstwo-rocznicowe-w-kosciele-ewangelicko-augsburskim-w-wisle\/441159157_761499679431404_7993762738286682325_n\/'><img loading=\"lazy\" decoding=\"async\" data-attachment-id=\"16297\" data-orig-file=\"https:\/\/www.emeryci-sg.org.pl\/wp\/wp-content\/uploads\/2024\/05\/441159157_761499679431404_7993762738286682325_n.jpg\" data-orig-size=\"1080,1440\" data-comments-opened=\"0\" data-image-meta=\"{&quot;aperture&quot;:&quot;0&quot;,&quot;credit&quot;:&quot;&quot;,&quot;camera&quot;:&quot;&quot;,&quot;caption&quot;:&quot;&quot;,&quot;created_timestamp&quot;:&quot;0&quot;,&quot;copyright&quot;:&quot;&quot;,&quot;focal_length&quot;:&quot;0&quot;,&quot;iso&quot;:&quot;0&quot;,&quot;shutter_speed&quot;:&quot;0&quot;,&quot;title&quot;:&quot;&quot;,&quot;orientation&quot;:&quot;0&quot;,&quot;keywords&quot;:&quot;Array&quot;}\" data-image-title=\"441159157_761499679431404_7993762738286682325_n\" data-image-description=\"\" data-medium-file=\"https:\/\/www.emeryci-sg.org.pl\/wp\/wp-content\/uploads\/2024\/05\/441159157_761499679431404_7993762738286682325_n-225x300.jpg\" data-large-file=\"https:\/\/www.emeryci-sg.org.pl\/wp\/wp-content\/uploads\/2024\/05\/441159157_761499679431404_7993762738286682325_n-768x1024.jpg\" width=\"150\" height=\"150\" src=\"https:\/\/www.emeryci-sg.org.pl\/wp\/wp-content\/uploads\/2024\/05\/441159157_761499679431404_7993762738286682325_n-150x150.jpg\" class=\"attachment-thumbnail size-thumbnail\" alt=\"\" \/><\/a>\n\t\t\t<\/dt><\/dl><br style=\"clear: both\" \/><dl class='gallery-item'>\n\t\t\t<dt class='gallery-icon portrait'>\n\t\t\t\t<a href='https:\/\/www.emeryci-sg.org.pl\/wp\/33-rocznica-powolania-sg-i-100-rocznica-kop-nabozenstwo-rocznicowe-w-kosciele-ewangelicko-augsburskim-w-wisle\/424582638_761499686098070_3396679772736425068_n\/'><img loading=\"lazy\" decoding=\"async\" data-attachment-id=\"16296\" data-orig-file=\"https:\/\/www.emeryci-sg.org.pl\/wp\/wp-content\/uploads\/2024\/05\/424582638_761499686098070_3396679772736425068_n.jpg\" data-orig-size=\"1080,1440\" data-comments-opened=\"0\" data-image-meta=\"{&quot;aperture&quot;:&quot;0&quot;,&quot;credit&quot;:&quot;&quot;,&quot;camera&quot;:&quot;&quot;,&quot;caption&quot;:&quot;&quot;,&quot;created_timestamp&quot;:&quot;0&quot;,&quot;copyright&quot;:&quot;&quot;,&quot;focal_length&quot;:&quot;0&quot;,&quot;iso&quot;:&quot;0&quot;,&quot;shutter_speed&quot;:&quot;0&quot;,&quot;title&quot;:&quot;&quot;,&quot;orientation&quot;:&quot;0&quot;,&quot;keywords&quot;:&quot;Array&quot;}\" data-image-title=\"424582638_761499686098070_3396679772736425068_n\" data-image-description=\"\" data-medium-file=\"https:\/\/www.emeryci-sg.org.pl\/wp\/wp-content\/uploads\/2024\/05\/424582638_761499686098070_3396679772736425068_n-225x300.jpg\" data-large-file=\"https:\/\/www.emeryci-sg.org.pl\/wp\/wp-content\/uploads\/2024\/05\/424582638_761499686098070_3396679772736425068_n-768x1024.jpg\" width=\"150\" height=\"150\" src=\"https:\/\/www.emeryci-sg.org.pl\/wp\/wp-content\/uploads\/2024\/05\/424582638_761499686098070_3396679772736425068_n-150x150.jpg\" class=\"attachment-thumbnail size-thumbnail\" alt=\"\" \/><\/a>\n\t\t\t<\/dt><\/dl><dl class='gallery-item'>\n\t\t\t<dt class='gallery-icon landscape'>\n\t\t\t\t<a href='https:\/\/www.emeryci-sg.org.pl\/wp\/33-rocznica-powolania-sg-i-100-rocznica-kop-nabozenstwo-rocznicowe-w-kosciele-ewangelicko-augsburskim-w-wisle\/441068716_761499819431390_7850757319598283358_n\/'><img loading=\"lazy\" decoding=\"async\" data-attachment-id=\"16295\" data-orig-file=\"https:\/\/www.emeryci-sg.org.pl\/wp\/wp-content\/uploads\/2024\/05\/441068716_761499819431390_7850757319598283358_n.jpg\" data-orig-size=\"1080,810\" data-comments-opened=\"0\" data-image-meta=\"{&quot;aperture&quot;:&quot;0&quot;,&quot;credit&quot;:&quot;&quot;,&quot;camera&quot;:&quot;&quot;,&quot;caption&quot;:&quot;&quot;,&quot;created_timestamp&quot;:&quot;0&quot;,&quot;copyright&quot;:&quot;&quot;,&quot;focal_length&quot;:&quot;0&quot;,&quot;iso&quot;:&quot;0&quot;,&quot;shutter_speed&quot;:&quot;0&quot;,&quot;title&quot;:&quot;&quot;,&quot;orientation&quot;:&quot;0&quot;,&quot;keywords&quot;:&quot;Array&quot;}\" data-image-title=\"441068716_761499819431390_7850757319598283358_n\" data-image-description=\"\" data-medium-file=\"https:\/\/www.emeryci-sg.org.pl\/wp\/wp-content\/uploads\/2024\/05\/441068716_761499819431390_7850757319598283358_n-300x225.jpg\" data-large-file=\"https:\/\/www.emeryci-sg.org.pl\/wp\/wp-content\/uploads\/2024\/05\/441068716_761499819431390_7850757319598283358_n-1024x768.jpg\" width=\"150\" height=\"150\" src=\"https:\/\/www.emeryci-sg.org.pl\/wp\/wp-content\/uploads\/2024\/05\/441068716_761499819431390_7850757319598283358_n-150x150.jpg\" class=\"attachment-thumbnail size-thumbnail\" alt=\"\" \/><\/a>\n\t\t\t<\/dt><\/dl><dl class='gallery-item'>\n\t\t\t<dt class='gallery-icon portrait'>\n\t\t\t\t<a href='https:\/\/www.emeryci-sg.org.pl\/wp\/33-rocznica-powolania-sg-i-100-rocznica-kop-nabozenstwo-rocznicowe-w-kosciele-ewangelicko-augsburskim-w-wisle\/438165121_761499842764721_377643483324102120_n\/'><img loading=\"lazy\" decoding=\"async\" data-attachment-id=\"16294\" data-orig-file=\"https:\/\/www.emeryci-sg.org.pl\/wp\/wp-content\/uploads\/2024\/05\/438165121_761499842764721_377643483324102120_n.jpg\" data-orig-size=\"1080,1440\" data-comments-opened=\"0\" data-image-meta=\"{&quot;aperture&quot;:&quot;0&quot;,&quot;credit&quot;:&quot;&quot;,&quot;camera&quot;:&quot;&quot;,&quot;caption&quot;:&quot;&quot;,&quot;created_timestamp&quot;:&quot;0&quot;,&quot;copyright&quot;:&quot;&quot;,&quot;focal_length&quot;:&quot;0&quot;,&quot;iso&quot;:&quot;0&quot;,&quot;shutter_speed&quot;:&quot;0&quot;,&quot;title&quot;:&quot;&quot;,&quot;orientation&quot;:&quot;0&quot;,&quot;keywords&quot;:&quot;Array&quot;}\" data-image-title=\"438165121_761499842764721_377643483324102120_n\" data-image-description=\"\" data-medium-file=\"https:\/\/www.emeryci-sg.org.pl\/wp\/wp-content\/uploads\/2024\/05\/438165121_761499842764721_377643483324102120_n-225x300.jpg\" data-large-file=\"https:\/\/www.emeryci-sg.org.pl\/wp\/wp-content\/uploads\/2024\/05\/438165121_761499842764721_377643483324102120_n-768x1024.jpg\" width=\"150\" height=\"150\" src=\"https:\/\/www.emeryci-sg.org.pl\/wp\/wp-content\/uploads\/2024\/05\/438165121_761499842764721_377643483324102120_n-150x150.jpg\" class=\"attachment-thumbnail size-thumbnail\" alt=\"\" \/><\/a>\n\t\t\t<\/dt><\/dl><dl class='gallery-item'>\n\t\t\t<dt class='gallery-icon portrait'>\n\t\t\t\t<a href='https:\/\/www.emeryci-sg.org.pl\/wp\/33-rocznica-powolania-sg-i-100-rocznica-kop-nabozenstwo-rocznicowe-w-kosciele-ewangelicko-augsburskim-w-wisle\/438169722_761499846098054_6624869601880311489_n\/'><img loading=\"lazy\" decoding=\"async\" data-attachment-id=\"16293\" data-orig-file=\"https:\/\/www.emeryci-sg.org.pl\/wp\/wp-content\/uploads\/2024\/05\/438169722_761499846098054_6624869601880311489_n.jpg\" data-orig-size=\"1200,1600\" data-comments-opened=\"0\" data-image-meta=\"{&quot;aperture&quot;:&quot;0&quot;,&quot;credit&quot;:&quot;&quot;,&quot;camera&quot;:&quot;&quot;,&quot;caption&quot;:&quot;&quot;,&quot;created_timestamp&quot;:&quot;0&quot;,&quot;copyright&quot;:&quot;&quot;,&quot;focal_length&quot;:&quot;0&quot;,&quot;iso&quot;:&quot;0&quot;,&quot;shutter_speed&quot;:&quot;0&quot;,&quot;title&quot;:&quot;&quot;,&quot;orientation&quot;:&quot;0&quot;,&quot;keywords&quot;:&quot;Array&quot;}\" data-image-title=\"438169722_761499846098054_6624869601880311489_n\" data-image-description=\"\" data-medium-file=\"https:\/\/www.emeryci-sg.org.pl\/wp\/wp-content\/uploads\/2024\/05\/438169722_761499846098054_6624869601880311489_n-225x300.jpg\" data-large-file=\"https:\/\/www.emeryci-sg.org.pl\/wp\/wp-content\/uploads\/2024\/05\/438169722_761499846098054_6624869601880311489_n-768x1024.jpg\" width=\"150\" height=\"150\" src=\"https:\/\/www.emeryci-sg.org.pl\/wp\/wp-content\/uploads\/2024\/05\/438169722_761499846098054_6624869601880311489_n-150x150.jpg\" class=\"attachment-thumbnail size-thumbnail\" alt=\"\" \/><\/a>\n\t\t\t<\/dt><\/dl><br style=\"clear: both\" \/><dl class='gallery-item'>\n\t\t\t<dt class='gallery-icon landscape'>\n\t\t\t\t<a href='https:\/\/www.emeryci-sg.org.pl\/wp\/33-rocznica-powolania-sg-i-100-rocznica-kop-nabozenstwo-rocznicowe-w-kosciele-ewangelicko-augsburskim-w-wisle\/441077330_761499939431378_7995081188639645124_n\/'><img loading=\"lazy\" decoding=\"async\" data-attachment-id=\"16292\" data-orig-file=\"https:\/\/www.emeryci-sg.org.pl\/wp\/wp-content\/uploads\/2024\/05\/441077330_761499939431378_7995081188639645124_n.jpg\" data-orig-size=\"2048,1532\" data-comments-opened=\"0\" data-image-meta=\"{&quot;aperture&quot;:&quot;0&quot;,&quot;credit&quot;:&quot;&quot;,&quot;camera&quot;:&quot;&quot;,&quot;caption&quot;:&quot;&quot;,&quot;created_timestamp&quot;:&quot;0&quot;,&quot;copyright&quot;:&quot;&quot;,&quot;focal_length&quot;:&quot;0&quot;,&quot;iso&quot;:&quot;0&quot;,&quot;shutter_speed&quot;:&quot;0&quot;,&quot;title&quot;:&quot;&quot;,&quot;orientation&quot;:&quot;0&quot;,&quot;keywords&quot;:&quot;Array&quot;}\" data-image-title=\"441077330_761499939431378_7995081188639645124_n\" data-image-description=\"\" data-medium-file=\"https:\/\/www.emeryci-sg.org.pl\/wp\/wp-content\/uploads\/2024\/05\/441077330_761499939431378_7995081188639645124_n-300x224.jpg\" data-large-file=\"https:\/\/www.emeryci-sg.org.pl\/wp\/wp-content\/uploads\/2024\/05\/441077330_761499939431378_7995081188639645124_n-1024x766.jpg\" width=\"150\" height=\"150\" src=\"https:\/\/www.emeryci-sg.org.pl\/wp\/wp-content\/uploads\/2024\/05\/441077330_761499939431378_7995081188639645124_n-150x150.jpg\" class=\"attachment-thumbnail size-thumbnail\" alt=\"\" \/><\/a>\n\t\t\t<\/dt><\/dl><dl class='gallery-item'>\n\t\t\t<dt class='gallery-icon landscape'>\n\t\t\t\t<a href='https:\/\/www.emeryci-sg.org.pl\/wp\/33-rocznica-powolania-sg-i-100-rocznica-kop-nabozenstwo-rocznicowe-w-kosciele-ewangelicko-augsburskim-w-wisle\/441172309_761499952764710_4717246106058595668_n\/'><img loading=\"lazy\" decoding=\"async\" data-attachment-id=\"16291\" data-orig-file=\"https:\/\/www.emeryci-sg.org.pl\/wp\/wp-content\/uploads\/2024\/05\/441172309_761499952764710_4717246106058595668_n.jpg\" data-orig-size=\"2048,1532\" data-comments-opened=\"0\" data-image-meta=\"{&quot;aperture&quot;:&quot;0&quot;,&quot;credit&quot;:&quot;&quot;,&quot;camera&quot;:&quot;&quot;,&quot;caption&quot;:&quot;&quot;,&quot;created_timestamp&quot;:&quot;0&quot;,&quot;copyright&quot;:&quot;&quot;,&quot;focal_length&quot;:&quot;0&quot;,&quot;iso&quot;:&quot;0&quot;,&quot;shutter_speed&quot;:&quot;0&quot;,&quot;title&quot;:&quot;&quot;,&quot;orientation&quot;:&quot;0&quot;,&quot;keywords&quot;:&quot;Array&quot;}\" data-image-title=\"441172309_761499952764710_4717246106058595668_n\" data-image-description=\"\" data-medium-file=\"https:\/\/www.emeryci-sg.org.pl\/wp\/wp-content\/uploads\/2024\/05\/441172309_761499952764710_4717246106058595668_n-300x224.jpg\" data-large-file=\"https:\/\/www.emeryci-sg.org.pl\/wp\/wp-content\/uploads\/2024\/05\/441172309_761499952764710_4717246106058595668_n-1024x766.jpg\" width=\"150\" height=\"150\" src=\"https:\/\/www.emeryci-sg.org.pl\/wp\/wp-content\/uploads\/2024\/05\/441172309_761499952764710_4717246106058595668_n-150x150.jpg\" class=\"attachment-thumbnail size-thumbnail\" alt=\"\" \/><\/a>\n\t\t\t<\/dt><\/dl><dl class='gallery-item'>\n\t\t\t<dt class='gallery-icon landscape'>\n\t\t\t\t<a href='https:\/\/www.emeryci-sg.org.pl\/wp\/33-rocznica-powolania-sg-i-100-rocznica-kop-nabozenstwo-rocznicowe-w-kosciele-ewangelicko-augsburskim-w-wisle\/441181508_761499969431375_1793636922729795124_n\/'><img loading=\"lazy\" decoding=\"async\" data-attachment-id=\"16290\" data-orig-file=\"https:\/\/www.emeryci-sg.org.pl\/wp\/wp-content\/uploads\/2024\/05\/441181508_761499969431375_1793636922729795124_n.jpg\" data-orig-size=\"2048,1532\" data-comments-opened=\"0\" data-image-meta=\"{&quot;aperture&quot;:&quot;0&quot;,&quot;credit&quot;:&quot;&quot;,&quot;camera&quot;:&quot;&quot;,&quot;caption&quot;:&quot;&quot;,&quot;created_timestamp&quot;:&quot;0&quot;,&quot;copyright&quot;:&quot;&quot;,&quot;focal_length&quot;:&quot;0&quot;,&quot;iso&quot;:&quot;0&quot;,&quot;shutter_speed&quot;:&quot;0&quot;,&quot;title&quot;:&quot;&quot;,&quot;orientation&quot;:&quot;0&quot;,&quot;keywords&quot;:&quot;Array&quot;}\" data-image-title=\"441181508_761499969431375_1793636922729795124_n\" data-image-description=\"\" data-medium-file=\"https:\/\/www.emeryci-sg.org.pl\/wp\/wp-content\/uploads\/2024\/05\/441181508_761499969431375_1793636922729795124_n-300x224.jpg\" data-large-file=\"https:\/\/www.emeryci-sg.org.pl\/wp\/wp-content\/uploads\/2024\/05\/441181508_761499969431375_1793636922729795124_n-1024x766.jpg\" width=\"150\" height=\"150\" src=\"https:\/\/www.emeryci-sg.org.pl\/wp\/wp-content\/uploads\/2024\/05\/441181508_761499969431375_1793636922729795124_n-150x150.jpg\" class=\"attachment-thumbnail size-thumbnail\" alt=\"\" \/><\/a>\n\t\t\t<\/dt><\/dl><dl class='gallery-item'>\n\t\t\t<dt class='gallery-icon portrait'>\n\t\t\t\t<a href='https:\/\/www.emeryci-sg.org.pl\/wp\/33-rocznica-powolania-sg-i-100-rocznica-kop-nabozenstwo-rocznicowe-w-kosciele-ewangelicko-augsburskim-w-wisle\/424596565_761499509431421_4829013870356937469_n\/'><img loading=\"lazy\" decoding=\"async\" data-attachment-id=\"16289\" data-orig-file=\"https:\/\/www.emeryci-sg.org.pl\/wp\/wp-content\/uploads\/2024\/05\/424596565_761499509431421_4829013870356937469_n.jpg\" data-orig-size=\"1536,2048\" data-comments-opened=\"0\" data-image-meta=\"{&quot;aperture&quot;:&quot;0&quot;,&quot;credit&quot;:&quot;&quot;,&quot;camera&quot;:&quot;&quot;,&quot;caption&quot;:&quot;&quot;,&quot;created_timestamp&quot;:&quot;0&quot;,&quot;copyright&quot;:&quot;&quot;,&quot;focal_length&quot;:&quot;0&quot;,&quot;iso&quot;:&quot;0&quot;,&quot;shutter_speed&quot;:&quot;0&quot;,&quot;title&quot;:&quot;&quot;,&quot;orientation&quot;:&quot;0&quot;,&quot;keywords&quot;:&quot;Array&quot;}\" data-image-title=\"424596565_761499509431421_4829013870356937469_n\" data-image-description=\"\" data-medium-file=\"https:\/\/www.emeryci-sg.org.pl\/wp\/wp-content\/uploads\/2024\/05\/424596565_761499509431421_4829013870356937469_n-225x300.jpg\" data-large-file=\"https:\/\/www.emeryci-sg.org.pl\/wp\/wp-content\/uploads\/2024\/05\/424596565_761499509431421_4829013870356937469_n-768x1024.jpg\" width=\"150\" height=\"150\" src=\"https:\/\/www.emeryci-sg.org.pl\/wp\/wp-content\/uploads\/2024\/05\/424596565_761499509431421_4829013870356937469_n-150x150.jpg\" class=\"attachment-thumbnail size-thumbnail\" alt=\"\" \/><\/a>\n\t\t\t<\/dt><\/dl><br style=\"clear: both\" \/>\n\t\t<\/div>\n\n<\/div>\n","protected":false},"excerpt":{"rendered":"<p>W dniu 10 maja 2024 r. w Wi\u015ble, w Ko\u015bciele Ewangelicko Augsburskim Ap. Piotra i Paw\u0142a odby\u0142o si\u0119 nabo\u017ce\u0144stwo w intencji 33 rocznicy utworzenia Stra\u017cy Granicznej oraz 100 &#8211; lecia powo\u0142ania Korpusu Ochrony Pogranicza. Nabo\u017ce\u0144stwo prowadzi\u0142 Dziekan Ewangelicki Stra\u017cy Granicznej ks. p\u0142k SG Kornel Undas, oraz Proboszcz Parafii ks. Waldemar Szajthauer. W uroczysto\u015bciach wzi\u0105\u0142 udzia\u0142 &hellip; <\/p>\n<p><a class=\"more-link btn\" href=\"https:\/\/www.emeryci-sg.org.pl\/wp\/33-rocznica-powolania-sg-i-100-rocznica-kop-nabozenstwo-rocznicowe-w-kosciele-ewangelicko-augsburskim-w-wisle\/\">Czytaj dalej<\/a><\/p>\n","protected":false},"author":2,"featured_media":16304,"comment_status":"closed","ping_status":"closed","sticky":false,"template":"","format":"standard","meta":{"footnotes":""},"categories":[6,7,57,14],"tags":[],"class_list":["post-16288","post","type-post","status-publish","format-standard","has-post-thumbnail","hentry","category-region-cieszyn","category-region-glubczyce","category-region-raciborz","category-zarzad-glowny","nodate","item-wrap"],"_links":{"self":[{"href":"https:\/\/www.emeryci-sg.org.pl\/wp\/wp-json\/wp\/v2\/posts\/16288","targetHints":{"allow":["GET"]}}],"collection":[{"href":"https:\/\/www.emeryci-sg.org.pl\/wp\/wp-json\/wp\/v2\/posts"}],"about":[{"href":"https:\/\/www.emeryci-sg.org.pl\/wp\/wp-json\/wp\/v2\/types\/post"}],"author":[{"embeddable":true,"href":"https:\/\/www.emeryci-sg.org.pl\/wp\/wp-json\/wp\/v2\/users\/2"}],"replies":[{"embeddable":true,"href":"https:\/\/www.emeryci-sg.org.pl\/wp\/wp-json\/wp\/v2\/comments?post=16288"}],"version-history":[{"count":3,"href":"https:\/\/www.emeryci-sg.org.pl\/wp\/wp-json\/wp\/v2\/posts\/16288\/revisions"}],"predecessor-version":[{"id":16308,"href":"https:\/\/www.emeryci-sg.org.pl\/wp\/wp-json\/wp\/v2\/posts\/16288\/revisions\/16308"}],"wp:featuredmedia":[{"embeddable":true,"href":"https:\/\/www.emeryci-sg.org.pl\/wp\/wp-json\/wp\/v2\/media\/16304"}],"wp:attachment":[{"href":"https:\/\/www.emeryci-sg.org.pl\/wp\/wp-json\/wp\/v2\/media?parent=16288"}],"wp:term":[{"taxonomy":"category","embeddable":true,"href":"https:\/\/www.emeryci-sg.org.pl\/wp\/wp-json\/wp\/v2\/categories?post=16288"},{"taxonomy":"post_tag","embeddable":true,"href":"https:\/\/www.emeryci-sg.org.pl\/wp\/wp-json\/wp\/v2\/tags?post=16288"}],"curies":[{"name":"wp","href":"https:\/\/api.w.org\/{rel}","templated":true}]}}