{"id":17484,"date":"2024-09-15T12:31:23","date_gmt":"2024-09-15T10:31:23","guid":{"rendered":"https:\/\/www.emeryci-sg.org.pl\/wp\/?p=17484"},"modified":"2024-12-01T16:40:49","modified_gmt":"2024-12-01T15:40:49","slug":"zyczenia-z-okazji-dnia-weterana-sluzby-granicznej-kwiaty-na-grobie-sp-prezesa-zeirsg-plk-marka-meszynskiego","status":"publish","type":"post","link":"https:\/\/www.emeryci-sg.org.pl\/wp\/zyczenia-z-okazji-dnia-weterana-sluzby-granicznej-kwiaty-na-grobie-sp-prezesa-zeirsg-plk-marka-meszynskiego\/","title":{"rendered":"\u017byczenia z okazji Dnia Weterana  S\u0142u\u017cby Granicznej. Kwiaty na grobie \u015bp. Prezesa ZEiRSG P\u0142k. Marka Meszy\u0144skiego."},"content":{"rendered":"<p><!--more--><\/p>\n<p><a href=\"https:\/\/www.emeryci-sg.org.pl\/wp\/wp-content\/uploads\/2023\/09\/Zawsze-na-strazy-granic-RP.jpg\"><img loading=\"lazy\" decoding=\"async\" class=\"alignnone size-full wp-image-14092\" src=\"https:\/\/www.emeryci-sg.org.pl\/wp\/wp-content\/uploads\/2023\/09\/Zawsze-na-strazy-granic-RP.jpg\" alt=\"\" width=\"1240\" height=\"1754\" srcset=\"https:\/\/www.emeryci-sg.org.pl\/wp\/wp-content\/uploads\/2023\/09\/Zawsze-na-strazy-granic-RP.jpg 1240w, https:\/\/www.emeryci-sg.org.pl\/wp\/wp-content\/uploads\/2023\/09\/Zawsze-na-strazy-granic-RP-212x300.jpg 212w, https:\/\/www.emeryci-sg.org.pl\/wp\/wp-content\/uploads\/2023\/09\/Zawsze-na-strazy-granic-RP-724x1024.jpg 724w, https:\/\/www.emeryci-sg.org.pl\/wp\/wp-content\/uploads\/2023\/09\/Zawsze-na-strazy-granic-RP-768x1086.jpg 768w, https:\/\/www.emeryci-sg.org.pl\/wp\/wp-content\/uploads\/2023\/09\/Zawsze-na-strazy-granic-RP-1086x1536.jpg 1086w, https:\/\/www.emeryci-sg.org.pl\/wp\/wp-content\/uploads\/2023\/09\/Zawsze-na-strazy-granic-RP-555x785.jpg 555w\" sizes=\"auto, (max-width: 1240px) 100vw, 1240px\" \/><\/a><\/p>\n<p><span style=\"font-size: 14pt;\">W ramach obchod\u00f3w Dnia Weterana S\u0142u\u017cby Granicznej delegacja Zwi\u0105zku Emeryt\u00f3w i Rencist\u00f3w Stra\u017cy Granicznej w asy\u015bcie prezesa Zarz\u0105du G\u0142\u00f3wnego i prezes\u00f3w Region\u00f3w w Cieszynie i Raciborzu z\u0142o\u017cy\u0142a na cmentarzu w Szczecinku kwiaty <span class=\"html-span xexx8yu x4uap5 x18d9i69 xkhd6sd x1hl2dhg x16tdsg8 x1vvkbs x3nfvp2 x1j61x8r x1fcty0u xdj266r xat24cr xgzva0m xhhsvwb xxymvpz xlup9mm x1kky2od\"><img loading=\"lazy\" decoding=\"async\" class=\"xz74otr\" src=\"https:\/\/static.xx.fbcdn.net\/images\/emoji.php\/v9\/te3\/1\/16\/1f490.png\" alt=\"\ud83d\udc90\" width=\"16\" height=\"16\" \/><\/span> i zapali\u0142a znicze <span class=\"html-span xexx8yu x4uap5 x18d9i69 xkhd6sd x1hl2dhg x16tdsg8 x1vvkbs x3nfvp2 x1j61x8r x1fcty0u xdj266r xat24cr xgzva0m xhhsvwb xxymvpz xlup9mm x1kky2od\"><img loading=\"lazy\" decoding=\"async\" class=\"xz74otr\" src=\"https:\/\/static.xx.fbcdn.net\/images\/emoji.php\/v9\/t7d\/1\/16\/1f56f.png\" alt=\"\ud83d\udd6f\ufe0f\" width=\"16\" height=\"16\" \/><\/span> na grobie b. Prezesa Zwi\u0105zku \u015bp. P\u0142k SG Marka Meszy\u0144skiego w trzeci\u0105 rocznic\u0119 Jego \u015bmierci. <\/span><\/p>\n<p style=\"text-align: center;\"><span style=\"font-size: 14pt;\">Cze\u015b\u0107 Jego pami\u0119ci!<\/span><\/p>\n<p>&nbsp;<\/p>\n<p>&nbsp;<\/p>\n\n\t\t<style>\n\t\t\t#gallery-1 {\n\t\t\t\tmargin: auto;\n\t\t\t}\n\t\t\t#gallery-1 .gallery-item {\n\t\t\t\tfloat: left;\n\t\t\t\tmargin-top: 10px;\n\t\t\t\ttext-align: center;\n\t\t\t\twidth: 33%;\n\t\t\t}\n\t\t\t#gallery-1 img {\n\t\t\t\tborder: 2px solid #cfcfcf;\n\t\t\t}\n\t\t\t#gallery-1 .gallery-caption {\n\t\t\t\tmargin-left: 0;\n\t\t\t}\n\t\t\t\/* see gallery_shortcode() in wp-includes\/media.php *\/\n\t\t<\/style>\n\t\t<div data-carousel-extra='{\"blog_id\":1,\"permalink\":\"https:\\\/\\\/www.emeryci-sg.org.pl\\\/wp\\\/zyczenia-z-okazji-dnia-weterana-sluzby-granicznej-kwiaty-na-grobie-sp-prezesa-zeirsg-plk-marka-meszynskiego\\\/\"}' id='gallery-1' class='gallery galleryid-17484 gallery-columns-3 gallery-size-thumbnail'><dl class='gallery-item'>\n\t\t\t<dt class='gallery-icon landscape'>\n\t\t\t\t<a href='https:\/\/www.emeryci-sg.org.pl\/wp\/zyczenia-z-okazji-dnia-weterana-sluzby-granicznej-kwiaty-na-grobie-sp-prezesa-zeirsg-plk-marka-meszynskiego\/zdjecie-whatsapp-2024-09-15-o-11-25-07_6accfcfb\/'><img loading=\"lazy\" decoding=\"async\" data-attachment-id=\"17485\" data-orig-file=\"https:\/\/www.emeryci-sg.org.pl\/wp\/wp-content\/uploads\/2024\/09\/Zdjecie-WhatsApp-2024-09-15-o-11.25.07_6accfcfb.jpg\" data-orig-size=\"2000,1500\" data-comments-opened=\"0\" data-image-meta=\"{&quot;aperture&quot;:&quot;0&quot;,&quot;credit&quot;:&quot;&quot;,&quot;camera&quot;:&quot;&quot;,&quot;caption&quot;:&quot;&quot;,&quot;created_timestamp&quot;:&quot;0&quot;,&quot;copyright&quot;:&quot;&quot;,&quot;focal_length&quot;:&quot;0&quot;,&quot;iso&quot;:&quot;0&quot;,&quot;shutter_speed&quot;:&quot;0&quot;,&quot;title&quot;:&quot;&quot;,&quot;orientation&quot;:&quot;0&quot;,&quot;keywords&quot;:&quot;Array&quot;}\" data-image-title=\"Zdj\u0119cie WhatsApp 2024-09-15 o 11.25.07_6accfcfb\" data-image-description=\"\" data-medium-file=\"https:\/\/www.emeryci-sg.org.pl\/wp\/wp-content\/uploads\/2024\/09\/Zdjecie-WhatsApp-2024-09-15-o-11.25.07_6accfcfb-300x225.jpg\" data-large-file=\"https:\/\/www.emeryci-sg.org.pl\/wp\/wp-content\/uploads\/2024\/09\/Zdjecie-WhatsApp-2024-09-15-o-11.25.07_6accfcfb-1024x768.jpg\" width=\"150\" height=\"150\" src=\"https:\/\/www.emeryci-sg.org.pl\/wp\/wp-content\/uploads\/2024\/09\/Zdjecie-WhatsApp-2024-09-15-o-11.25.07_6accfcfb-150x150.jpg\" class=\"attachment-thumbnail size-thumbnail\" alt=\"\" \/><\/a>\n\t\t\t<\/dt><\/dl><dl class='gallery-item'>\n\t\t\t<dt class='gallery-icon landscape'>\n\t\t\t\t<a href='https:\/\/www.emeryci-sg.org.pl\/wp\/zyczenia-z-okazji-dnia-weterana-sluzby-granicznej-kwiaty-na-grobie-sp-prezesa-zeirsg-plk-marka-meszynskiego\/zdjecie-whatsapp-2024-09-15-o-11-25-06_5a53407c\/'><img loading=\"lazy\" decoding=\"async\" data-attachment-id=\"17486\" data-orig-file=\"https:\/\/www.emeryci-sg.org.pl\/wp\/wp-content\/uploads\/2024\/09\/Zdjecie-WhatsApp-2024-09-15-o-11.25.06_5a53407c.jpg\" data-orig-size=\"1600,1200\" data-comments-opened=\"0\" data-image-meta=\"{&quot;aperture&quot;:&quot;0&quot;,&quot;credit&quot;:&quot;&quot;,&quot;camera&quot;:&quot;&quot;,&quot;caption&quot;:&quot;&quot;,&quot;created_timestamp&quot;:&quot;0&quot;,&quot;copyright&quot;:&quot;&quot;,&quot;focal_length&quot;:&quot;0&quot;,&quot;iso&quot;:&quot;0&quot;,&quot;shutter_speed&quot;:&quot;0&quot;,&quot;title&quot;:&quot;&quot;,&quot;orientation&quot;:&quot;0&quot;,&quot;keywords&quot;:&quot;Array&quot;}\" data-image-title=\"Zdj\u0119cie WhatsApp 2024-09-15 o 11.25.06_5a53407c\" data-image-description=\"\" data-medium-file=\"https:\/\/www.emeryci-sg.org.pl\/wp\/wp-content\/uploads\/2024\/09\/Zdjecie-WhatsApp-2024-09-15-o-11.25.06_5a53407c-300x225.jpg\" data-large-file=\"https:\/\/www.emeryci-sg.org.pl\/wp\/wp-content\/uploads\/2024\/09\/Zdjecie-WhatsApp-2024-09-15-o-11.25.06_5a53407c-1024x768.jpg\" width=\"150\" height=\"150\" src=\"https:\/\/www.emeryci-sg.org.pl\/wp\/wp-content\/uploads\/2024\/09\/Zdjecie-WhatsApp-2024-09-15-o-11.25.06_5a53407c-150x150.jpg\" class=\"attachment-thumbnail size-thumbnail\" alt=\"\" \/><\/a>\n\t\t\t<\/dt><\/dl><dl class='gallery-item'>\n\t\t\t<dt class='gallery-icon portrait'>\n\t\t\t\t<a href='https:\/\/www.emeryci-sg.org.pl\/wp\/zyczenia-z-okazji-dnia-weterana-sluzby-granicznej-kwiaty-na-grobie-sp-prezesa-zeirsg-plk-marka-meszynskiego\/zdjecie-whatsapp-2024-09-15-o-11-25-06_84c9e17c\/'><img loading=\"lazy\" decoding=\"async\" data-attachment-id=\"17487\" data-orig-file=\"https:\/\/www.emeryci-sg.org.pl\/wp\/wp-content\/uploads\/2024\/09\/Zdjecie-WhatsApp-2024-09-15-o-11.25.06_84c9e17c.jpg\" data-orig-size=\"1500,2000\" data-comments-opened=\"0\" data-image-meta=\"{&quot;aperture&quot;:&quot;0&quot;,&quot;credit&quot;:&quot;&quot;,&quot;camera&quot;:&quot;&quot;,&quot;caption&quot;:&quot;&quot;,&quot;created_timestamp&quot;:&quot;0&quot;,&quot;copyright&quot;:&quot;&quot;,&quot;focal_length&quot;:&quot;0&quot;,&quot;iso&quot;:&quot;0&quot;,&quot;shutter_speed&quot;:&quot;0&quot;,&quot;title&quot;:&quot;&quot;,&quot;orientation&quot;:&quot;0&quot;,&quot;keywords&quot;:&quot;Array&quot;}\" data-image-title=\"Zdj\u0119cie WhatsApp 2024-09-15 o 11.25.06_84c9e17c\" data-image-description=\"\" data-medium-file=\"https:\/\/www.emeryci-sg.org.pl\/wp\/wp-content\/uploads\/2024\/09\/Zdjecie-WhatsApp-2024-09-15-o-11.25.06_84c9e17c-225x300.jpg\" data-large-file=\"https:\/\/www.emeryci-sg.org.pl\/wp\/wp-content\/uploads\/2024\/09\/Zdjecie-WhatsApp-2024-09-15-o-11.25.06_84c9e17c-768x1024.jpg\" width=\"150\" height=\"150\" src=\"https:\/\/www.emeryci-sg.org.pl\/wp\/wp-content\/uploads\/2024\/09\/Zdjecie-WhatsApp-2024-09-15-o-11.25.06_84c9e17c-150x150.jpg\" class=\"attachment-thumbnail size-thumbnail\" alt=\"\" \/><\/a>\n\t\t\t<\/dt><\/dl><br style=\"clear: both\" \/><dl class='gallery-item'>\n\t\t\t<dt class='gallery-icon landscape'>\n\t\t\t\t<a href='https:\/\/www.emeryci-sg.org.pl\/wp\/zyczenia-z-okazji-dnia-weterana-sluzby-granicznej-kwiaty-na-grobie-sp-prezesa-zeirsg-plk-marka-meszynskiego\/zdjecie-whatsapp-2024-09-15-o-11-25-06_6429c4ff\/'><img loading=\"lazy\" decoding=\"async\" data-attachment-id=\"17488\" data-orig-file=\"https:\/\/www.emeryci-sg.org.pl\/wp\/wp-content\/uploads\/2024\/09\/Zdjecie-WhatsApp-2024-09-15-o-11.25.06_6429c4ff.jpg\" data-orig-size=\"2000,1500\" data-comments-opened=\"0\" data-image-meta=\"{&quot;aperture&quot;:&quot;0&quot;,&quot;credit&quot;:&quot;&quot;,&quot;camera&quot;:&quot;&quot;,&quot;caption&quot;:&quot;&quot;,&quot;created_timestamp&quot;:&quot;0&quot;,&quot;copyright&quot;:&quot;&quot;,&quot;focal_length&quot;:&quot;0&quot;,&quot;iso&quot;:&quot;0&quot;,&quot;shutter_speed&quot;:&quot;0&quot;,&quot;title&quot;:&quot;&quot;,&quot;orientation&quot;:&quot;0&quot;,&quot;keywords&quot;:&quot;Array&quot;}\" data-image-title=\"Zdj\u0119cie WhatsApp 2024-09-15 o 11.25.06_6429c4ff\" data-image-description=\"\" data-medium-file=\"https:\/\/www.emeryci-sg.org.pl\/wp\/wp-content\/uploads\/2024\/09\/Zdjecie-WhatsApp-2024-09-15-o-11.25.06_6429c4ff-300x225.jpg\" data-large-file=\"https:\/\/www.emeryci-sg.org.pl\/wp\/wp-content\/uploads\/2024\/09\/Zdjecie-WhatsApp-2024-09-15-o-11.25.06_6429c4ff-1024x768.jpg\" width=\"150\" height=\"150\" src=\"https:\/\/www.emeryci-sg.org.pl\/wp\/wp-content\/uploads\/2024\/09\/Zdjecie-WhatsApp-2024-09-15-o-11.25.06_6429c4ff-150x150.jpg\" class=\"attachment-thumbnail size-thumbnail\" alt=\"\" \/><\/a>\n\t\t\t<\/dt><\/dl><dl class='gallery-item'>\n\t\t\t<dt class='gallery-icon landscape'>\n\t\t\t\t<a href='https:\/\/www.emeryci-sg.org.pl\/wp\/zyczenia-z-okazji-dnia-weterana-sluzby-granicznej-kwiaty-na-grobie-sp-prezesa-zeirsg-plk-marka-meszynskiego\/zdjecie-whatsapp-2024-09-15-o-11-25-06_a715f026\/'><img loading=\"lazy\" decoding=\"async\" data-attachment-id=\"17489\" data-orig-file=\"https:\/\/www.emeryci-sg.org.pl\/wp\/wp-content\/uploads\/2024\/09\/Zdjecie-WhatsApp-2024-09-15-o-11.25.06_a715f026.jpg\" data-orig-size=\"1600,1200\" data-comments-opened=\"0\" data-image-meta=\"{&quot;aperture&quot;:&quot;0&quot;,&quot;credit&quot;:&quot;&quot;,&quot;camera&quot;:&quot;&quot;,&quot;caption&quot;:&quot;&quot;,&quot;created_timestamp&quot;:&quot;0&quot;,&quot;copyright&quot;:&quot;&quot;,&quot;focal_length&quot;:&quot;0&quot;,&quot;iso&quot;:&quot;0&quot;,&quot;shutter_speed&quot;:&quot;0&quot;,&quot;title&quot;:&quot;&quot;,&quot;orientation&quot;:&quot;0&quot;,&quot;keywords&quot;:&quot;Array&quot;}\" data-image-title=\"Zdj\u0119cie WhatsApp 2024-09-15 o 11.25.06_a715f026\" data-image-description=\"\" data-medium-file=\"https:\/\/www.emeryci-sg.org.pl\/wp\/wp-content\/uploads\/2024\/09\/Zdjecie-WhatsApp-2024-09-15-o-11.25.06_a715f026-300x225.jpg\" data-large-file=\"https:\/\/www.emeryci-sg.org.pl\/wp\/wp-content\/uploads\/2024\/09\/Zdjecie-WhatsApp-2024-09-15-o-11.25.06_a715f026-1024x768.jpg\" width=\"150\" height=\"150\" src=\"https:\/\/www.emeryci-sg.org.pl\/wp\/wp-content\/uploads\/2024\/09\/Zdjecie-WhatsApp-2024-09-15-o-11.25.06_a715f026-150x150.jpg\" class=\"attachment-thumbnail size-thumbnail\" alt=\"\" \/><\/a>\n\t\t\t<\/dt><\/dl><dl class='gallery-item'>\n\t\t\t<dt class='gallery-icon landscape'>\n\t\t\t\t<a href='https:\/\/www.emeryci-sg.org.pl\/wp\/zyczenia-z-okazji-dnia-weterana-sluzby-granicznej-kwiaty-na-grobie-sp-prezesa-zeirsg-plk-marka-meszynskiego\/zdjecie-whatsapp-2024-09-15-o-11-25-06_1c5cc807\/'><img loading=\"lazy\" decoding=\"async\" data-attachment-id=\"17490\" data-orig-file=\"https:\/\/www.emeryci-sg.org.pl\/wp\/wp-content\/uploads\/2024\/09\/Zdjecie-WhatsApp-2024-09-15-o-11.25.06_1c5cc807.jpg\" data-orig-size=\"2000,1500\" data-comments-opened=\"0\" data-image-meta=\"{&quot;aperture&quot;:&quot;0&quot;,&quot;credit&quot;:&quot;&quot;,&quot;camera&quot;:&quot;&quot;,&quot;caption&quot;:&quot;&quot;,&quot;created_timestamp&quot;:&quot;0&quot;,&quot;copyright&quot;:&quot;&quot;,&quot;focal_length&quot;:&quot;0&quot;,&quot;iso&quot;:&quot;0&quot;,&quot;shutter_speed&quot;:&quot;0&quot;,&quot;title&quot;:&quot;&quot;,&quot;orientation&quot;:&quot;0&quot;,&quot;keywords&quot;:&quot;Array&quot;}\" data-image-title=\"Zdj\u0119cie WhatsApp 2024-09-15 o 11.25.06_1c5cc807\" data-image-description=\"\" data-medium-file=\"https:\/\/www.emeryci-sg.org.pl\/wp\/wp-content\/uploads\/2024\/09\/Zdjecie-WhatsApp-2024-09-15-o-11.25.06_1c5cc807-300x225.jpg\" data-large-file=\"https:\/\/www.emeryci-sg.org.pl\/wp\/wp-content\/uploads\/2024\/09\/Zdjecie-WhatsApp-2024-09-15-o-11.25.06_1c5cc807-1024x768.jpg\" width=\"150\" height=\"150\" src=\"https:\/\/www.emeryci-sg.org.pl\/wp\/wp-content\/uploads\/2024\/09\/Zdjecie-WhatsApp-2024-09-15-o-11.25.06_1c5cc807-150x150.jpg\" class=\"attachment-thumbnail size-thumbnail\" alt=\"\" \/><\/a>\n\t\t\t<\/dt><\/dl><br style=\"clear: both\" \/>\n\t\t<\/div>\n\n<p style=\"text-align: center;\"><a href=\"https:\/\/www.emeryci-sg.org.pl\/wp\/wp-content\/uploads\/2024\/09\/CzlReg24.jpg\"><img loading=\"lazy\" decoding=\"async\" class=\"alignnone size-full wp-image-17502\" src=\"https:\/\/www.emeryci-sg.org.pl\/wp\/wp-content\/uploads\/2024\/09\/CzlReg24.jpg\" alt=\"\" width=\"794\" height=\"1123\" srcset=\"https:\/\/www.emeryci-sg.org.pl\/wp\/wp-content\/uploads\/2024\/09\/CzlReg24.jpg 794w, https:\/\/www.emeryci-sg.org.pl\/wp\/wp-content\/uploads\/2024\/09\/CzlReg24-212x300.jpg 212w, https:\/\/www.emeryci-sg.org.pl\/wp\/wp-content\/uploads\/2024\/09\/CzlReg24-724x1024.jpg 724w, https:\/\/www.emeryci-sg.org.pl\/wp\/wp-content\/uploads\/2024\/09\/CzlReg24-768x1086.jpg 768w, https:\/\/www.emeryci-sg.org.pl\/wp\/wp-content\/uploads\/2024\/09\/CzlReg24-555x785.jpg 555w\" sizes=\"auto, (max-width: 794px) 100vw, 794px\" \/><\/a><\/p>\n","protected":false},"excerpt":{"rendered":"","protected":false},"author":2,"featured_media":17499,"comment_status":"closed","ping_status":"closed","sticky":false,"template":"","format":"standard","meta":{"footnotes":""},"categories":[5],"tags":[],"class_list":["post-17484","post","type-post","status-publish","format-standard","has-post-thumbnail","hentry","category-zeirsg","nodate","item-wrap"],"_links":{"self":[{"href":"https:\/\/www.emeryci-sg.org.pl\/wp\/wp-json\/wp\/v2\/posts\/17484","targetHints":{"allow":["GET"]}}],"collection":[{"href":"https:\/\/www.emeryci-sg.org.pl\/wp\/wp-json\/wp\/v2\/posts"}],"about":[{"href":"https:\/\/www.emeryci-sg.org.pl\/wp\/wp-json\/wp\/v2\/types\/post"}],"author":[{"embeddable":true,"href":"https:\/\/www.emeryci-sg.org.pl\/wp\/wp-json\/wp\/v2\/users\/2"}],"replies":[{"embeddable":true,"href":"https:\/\/www.emeryci-sg.org.pl\/wp\/wp-json\/wp\/v2\/comments?post=17484"}],"version-history":[{"count":2,"href":"https:\/\/www.emeryci-sg.org.pl\/wp\/wp-json\/wp\/v2\/posts\/17484\/revisions"}],"predecessor-version":[{"id":17700,"href":"https:\/\/www.emeryci-sg.org.pl\/wp\/wp-json\/wp\/v2\/posts\/17484\/revisions\/17700"}],"wp:featuredmedia":[{"embeddable":true,"href":"https:\/\/www.emeryci-sg.org.pl\/wp\/wp-json\/wp\/v2\/media\/17499"}],"wp:attachment":[{"href":"https:\/\/www.emeryci-sg.org.pl\/wp\/wp-json\/wp\/v2\/media?parent=17484"}],"wp:term":[{"taxonomy":"category","embeddable":true,"href":"https:\/\/www.emeryci-sg.org.pl\/wp\/wp-json\/wp\/v2\/categories?post=17484"},{"taxonomy":"post_tag","embeddable":true,"href":"https:\/\/www.emeryci-sg.org.pl\/wp\/wp-json\/wp\/v2\/tags?post=17484"}],"curies":[{"name":"wp","href":"https:\/\/api.w.org\/{rel}","templated":true}]}}