{"id":17522,"date":"2024-09-21T20:22:44","date_gmt":"2024-09-21T18:22:44","guid":{"rendered":"https:\/\/www.emeryci-sg.org.pl\/wp\/?p=17522"},"modified":"2024-12-01T16:38:45","modified_gmt":"2024-12-01T15:38:45","slug":"gora-kalwaria-iv-konferencja-stowarzyszenia-weteranow-polskich-formacji-granicznych-z-udzialem-delegacji-zeirsg","status":"publish","type":"post","link":"https:\/\/www.emeryci-sg.org.pl\/wp\/gora-kalwaria-iv-konferencja-stowarzyszenia-weteranow-polskich-formacji-granicznych-z-udzialem-delegacji-zeirsg\/","title":{"rendered":"G\u00f3ra Kalwaria &#8211; IV Konferencja Stowarzyszenia Weteran\u00f3w Polskich Formacji Granicznych z udzia\u0142em delegacji ZEiRSG."},"content":{"rendered":"<p>IV Konferencja Stowarzyszenia Weteran\u00f3w Polskich Formacji Granicznych na terenie dawnej Centralnej Szko\u0142y Stra\u017cy Granicznej II RP \u2013 O\u015brodek Kultury G\u00f3ra Kalwaria\u00a0 &#8211; odby\u0142a si\u0119 17.09.2024 r. pod has\u0142em:<\/p>\r\n<p style=\"text-align: center;\"><strong><em>\u201eSTULECIE POWO\u0141ANIA KORPUSU OCHRONY POGRANICZA 1924 \u2013 1939, <\/em><\/strong><br \/><strong><em>STO LAT Z\u0141OTEGO POLSKIEGO 1924 \u2013 2024\u201d<\/em><\/strong><\/p>\r\n<p><!--more--><\/p>\r\n<p>W dniu 17 wrze\u015bnia 2024 r. delegacja ZEiRSG: prezes Zwi\u0105zku Kol. S\u0142awomir Matusewicz i prezes Regionu Cieszyn Kol. Mariusz Kosmaty, bra\u0142a udzia\u0142 w IV Konferencji zorganizowanej przez Stowarzyszenie Weteran\u00f3w Polskich Formacji Granicznych. Tematem przewodnim spotkania by\u0142o stulecie powo\u0142ania Korpusu Ochrony Pogranicza oraz stulecie Z\u0142otego Polskiego 1924 \u2013 2024.<\/p>\r\n<p>Jako pierwszy g\u0142os zabra\u0142 Burmistrz Miasta i Gminy G\u00f3ra Kalwaria pan Arkadiusz Strzy\u017cewski. Obecni przy wprowadzeniu byli przedstawiciel Komendy G\u0142\u00f3wnej Stra\u017cy Granicznej kpt. SG Grzegorz Cwyl oraz organizator Konferencji pan prezes SWPFG Waldemar Boche\u0144ski. Nast\u0119pnie g\u0142os zabrali prelegenci:<\/p>\r\n<ul>\r\n<li>Dr Krzysztof Sobczak reprezentuj\u0105cy Muzeum Historii Polski, kt\u00f3ry om\u00f3wi\u0142 na wybranych przyk\u0142adach temat \u201eOficerowie dw\u00f3ch formacji: Korpusu Ochrony Pogranicza i Stra\u017cy Granicznej \u2013 w s\u0142u\u017cbie Mazowieckiego Inspektoratu Okr\u0119gowego\u201d;<\/li>\r\n<li>Kpt. SG Grzegorz Cwyl \u2013 oficer Komendy G\u0142\u00f3wnej Stra\u017cy Granicznej &#8211; przedstawi\u0142 sylwetk\u0119 gen. bryg. Jana Kazimierza Kruszewskiego \u2013 ostatniego dow\u00f3dcy Korpusu Ochrony Pogranicza czasu pokoju 1930 \u2013 1939. Prelegent wyja\u015bnia\u0142, jak od strony Komendy G\u0142\u00f3wnej Stra\u017cy Granicznej przebiega\u0142 proces ustalenia niezb\u0119dnych informacji koniecznych do ekshumacji i sprowadzenia szcz\u0105tk\u00f3w Genera\u0142a do Polski. Prezes SWPFG Waldemar Boche\u0144ski odznaczy\u0142 kpt. SG Grzegorza Cwyl medalem \u201eZa Zas\u0142ugi w popularyzowaniu tradycji ochrony polskich granic\u2019\u2019.<\/li>\r\n<\/ul>\r\n<p>W kolejnych przemowach g\u0142os zabierali:<\/p>\r\n<ul>\r\n<li>Mjr SG rez. Andrzej Olichwiruk wiceprezes SWPFG a jednocze\u015bnie kierownik zespo\u0142u ds. sprowadzenia szcz\u0105tk\u00f3w gen. bryg. Jana Kazimierza Kruszewskiego. Pan major przedstawi\u0142 ca\u0142o\u015b\u0107 prac, jakie wykona\u0142 powo\u0142any zesp\u00f3\u0142, a kt\u00f3re zako\u0144czy\u0142y si\u0119 uroczysto\u015bci\u0105 ponownego poch\u00f3wku Genera\u0142a na warszawskich Pow\u0105zkach Wojskowych. Pan mjr SG rez. Andrzej Olichwiruk om\u00f3wi\u0142 tak\u017ce odznaki pami\u0105tkowe wr\u0119czane za s\u0142u\u017cb\u0119 graniczn\u0105 \u017co\u0142nierzom Korpusu Ochrony Pogranicza.<\/li>\r\n<li>Pani Ewa Waszkiewicz reprezentuj\u0105ca NBP, przedstawi\u0142a histori\u0119 100 lat polskiego z\u0142otego. Swoje wyst\u0105pienie pani Waszkiewicz urozmaici\u0142a przedstawiaj\u0105c nieznane fakty historyczne. Dodatkowo wyk\u0142ad wzbogacony by\u0142 ilustracjami i przepi\u0119kn\u0105 wystaw\u0105. Pani Ewa Waszkiewicz zaprezentowa\u0142a tak\u017ce now\u0105 srebrn\u0105 monet\u0119 kolekcjonersk\u0105 10 z\u0142 \u201e100-lecie Korpusu ochrony Pogranicza\u201d. W imieniu prezesa NBP &#8211; na wniosek prezesa SWPFG kol. Waldemara Boche\u0144skiego &#8211; pani Ewa Waszkiewicz uhonorowa\u0142a t\u0105 przepi\u0119kn\u0105 monet\u0105 niekt\u00f3rych uczestnik\u00f3w konferencji. W\u015br\u00f3d nich monet\u0119 otrzyma\u0142 r\u00f3wnie\u017c prezes ZEiRSG S\u0142awomir Matusewicz.<\/li>\r\n<li>Pan Szymon Kulig reprezentuj\u0105cy SWPFG om\u00f3wi\u0142 zagadnienie (istotne dla emeryt\u00f3w) odpoczynku i zaopatrzenia emerytalnego stra\u017cnik\u00f3w granicznych II RP.<\/li>\r\n<li>Pani Maria Rubas reprezentuj\u0105ca SWPFG om\u00f3wi\u0142a &#8211; dokumentowane licznymi zdj\u0119ciami &#8211; miejsca spoczynku (groby) \u017co\u0142nierzy Korpusu Ochrony Pogranicza poleg\u0142ych w wojnie obronnej 1939 r.<\/li>\r\n<li>Nast\u0119pnie g\u0142os zabra\u0142 prezes Zwi\u0105zku Emeryt\u00f3w i Rencist\u00f3w Stra\u017cy Granicznej, kt\u00f3ry om\u00f3wi\u0142 proces wsp\u00f3lnej realizacji zada\u0144 &#8211; wg porozumienia z sygnatariuszami z dnia 13 lutego 2024 r. &#8211; zmierzaj\u0105cych do budowy i ods\u0142oni\u0119cia <strong>pomnika \u201e\u017bo\u0142nierz Korpusu Ochrony Pogranicza\u201d,<\/strong> symbolizuj\u0105cego wszystkich obro\u0144c\u00f3w Polskiej Granicy licz\u0105c od 1918 r. tj. od uzyskania niepodleg\u0142o\u015bci przez nasz\u0105 Ojczyzn\u0119. Podczas wyst\u0105pienia zaprezentowana zosta\u0142a replika statuetki wg projektu Stanis\u0142awa Kozubka z 1934 r., a wykonana w pracowni Braci \u0141opie\u0144skich. W\u0142a\u015bnie ta forma odlewnicza pos\u0142u\u017cy\u0142a do wykonania przez W\u0142adys\u0142awa Miecznika, kt\u00f3ry by\u0142 posiadaczem odlewu \u0141opie\u0144skich, wspomnianej statuetki. Ko\u0144cz\u0105c wyst\u0105pienie, prezes ZEiRSG podkre\u015bli\u0142 zaanga\u017cowanie NBP w krzewieniu historii obro\u0144c\u00f3w polskich granic, wyra\u017cone w wydaniu monety kolekcjonerskiej w 100-rocznic\u0119 powo\u0142ania Korpusu Ochrony Pogranicza. Na r\u0119ce pani Ewy Waszkiewicz prezes ZEiRSG wr\u0119czy\u0142 wymienion\u0105 statuetk\u0119 wyra\u017caj\u0105c podzi\u0119kowanie za wk\u0142ad pracy NBP.<\/li>\r\n<\/ul>\r\n<p>Na zako\u0144czenie swojego wyst\u0105pienia Prezes ZEiRSG S\u0142awomir Matusewicz odczyta\u0142 uchwa\u0142\u0119 Zarz\u0105du G\u0142\u00f3wnego Nr 15\/2024 z dnia 9 wrze\u015bnia 2024 r. o wyr\u00f3\u017cnieniu medalem \u201e100. rocznica utworzenia KOP&#8221;\u00a0 n\/w cz\u0142onk\u00f3w SWPFG, a tak\u017ce SB\u017biF SG \u201eGranica\u201d:<\/p>\r\n<p>1. Andrzej Adamczyk &#8211; prezes SB\u017biF SG \u201eGranica\u201d;<br \/>2. Waldemar Boche\u0144ski \u2013 prezes SWPFG;<br \/>3. pp\u0142k SG Jacek Kozak \u2013 wiceprezes SWPFG;<br \/>4. Marek Majewski \u2013 skarbnik SWPFG;<br \/>5. Andrzej Olichwiruk &#8211; wiceprezes SWPFG;<br \/>6. Czes\u0142aw Pi\u0105tkowski \u2013 sekretarz SWPFG;<br \/>7. Maria Rubas \u2013 cz\u0142onek SWPFG;<br \/>8. Piotr Wase\u0144czuk \u2013 cz\u0142onek Zarz\u0105du SWPFG<\/p>\r\n<p>Wr\u0119czenia medali w\/w osobom dokona\u0142 prezes Zwi\u0105zku wsp\u00f3lnie z prezesem Regionu ZEiRSG w Cieszynie kol. Mariuszem Kosmatym.<\/p>\r\n<p>Konferencj\u0119 podsumowa\u0142 i zamkn\u0105\u0142 prezes Stowarzyszenia Weteran\u00f3w Polskich Formacji Granicznych pan Waldemar Boche\u0144ski.<\/p>\r\n<p>Opracowa\u0142:<br \/>S\u0142awomir Matusewicz<br \/>prezes ZEiRSG<\/p>\r\n<p>Poni\u017cej ma\u0142a galeria zdj\u0119\u0107.\u00a0<\/p>\r\n\n\t\t<style>\n\t\t\t#gallery-1 {\n\t\t\t\tmargin: auto;\n\t\t\t}\n\t\t\t#gallery-1 .gallery-item {\n\t\t\t\tfloat: left;\n\t\t\t\tmargin-top: 10px;\n\t\t\t\ttext-align: center;\n\t\t\t\twidth: 33%;\n\t\t\t}\n\t\t\t#gallery-1 img {\n\t\t\t\tborder: 2px solid #cfcfcf;\n\t\t\t}\n\t\t\t#gallery-1 .gallery-caption {\n\t\t\t\tmargin-left: 0;\n\t\t\t}\n\t\t\t\/* see gallery_shortcode() in wp-includes\/media.php *\/\n\t\t<\/style>\n\t\t<div data-carousel-extra='{\"blog_id\":1,\"permalink\":\"https:\\\/\\\/www.emeryci-sg.org.pl\\\/wp\\\/gora-kalwaria-iv-konferencja-stowarzyszenia-weteranow-polskich-formacji-granicznych-z-udzialem-delegacji-zeirsg\\\/\"}' id='gallery-1' class='gallery galleryid-17522 gallery-columns-3 gallery-size-thumbnail'><dl class='gallery-item'>\n\t\t\t<dt class='gallery-icon landscape'>\n\t\t\t\t<a href='https:\/\/www.emeryci-sg.org.pl\/wp\/gora-kalwaria-iv-konferencja-stowarzyszenia-weteranow-polskich-formacji-granicznych-z-udzialem-delegacji-zeirsg\/1-3-3\/'><img loading=\"lazy\" decoding=\"async\" data-attachment-id=\"17704\" data-orig-file=\"https:\/\/www.emeryci-sg.org.pl\/wp\/wp-content\/uploads\/2024\/09\/1-3.jpg\" data-orig-size=\"1960,1926\" data-comments-opened=\"0\" data-image-meta=\"{&quot;aperture&quot;:&quot;1.7&quot;,&quot;credit&quot;:&quot;&quot;,&quot;camera&quot;:&quot;Galaxy S24 Ultra&quot;,&quot;caption&quot;:&quot;&quot;,&quot;created_timestamp&quot;:&quot;1726844915&quot;,&quot;copyright&quot;:&quot;&quot;,&quot;focal_length&quot;:&quot;6.3&quot;,&quot;iso&quot;:&quot;400&quot;,&quot;shutter_speed&quot;:&quot;0.01&quot;,&quot;title&quot;:&quot;&quot;,&quot;orientation&quot;:&quot;1&quot;,&quot;keywords&quot;:&quot;Array&quot;}\" data-image-title=\"1 (3)\" data-image-description=\"\" data-medium-file=\"https:\/\/www.emeryci-sg.org.pl\/wp\/wp-content\/uploads\/2024\/09\/1-3-300x295.jpg\" data-large-file=\"https:\/\/www.emeryci-sg.org.pl\/wp\/wp-content\/uploads\/2024\/09\/1-3-1024x1006.jpg\" width=\"150\" height=\"150\" src=\"https:\/\/www.emeryci-sg.org.pl\/wp\/wp-content\/uploads\/2024\/09\/1-3-150x150.jpg\" class=\"attachment-thumbnail size-thumbnail\" alt=\"\" \/><\/a>\n\t\t\t<\/dt><\/dl><dl class='gallery-item'>\n\t\t\t<dt class='gallery-icon landscape'>\n\t\t\t\t<a href='https:\/\/www.emeryci-sg.org.pl\/wp\/gora-kalwaria-iv-konferencja-stowarzyszenia-weteranow-polskich-formacji-granicznych-z-udzialem-delegacji-zeirsg\/2-2-3\/'><img loading=\"lazy\" decoding=\"async\" data-attachment-id=\"17705\" data-orig-file=\"https:\/\/www.emeryci-sg.org.pl\/wp\/wp-content\/uploads\/2024\/09\/2-2-scaled.jpg\" data-orig-size=\"2560,1920\" data-comments-opened=\"0\" data-image-meta=\"{&quot;aperture&quot;:&quot;2.4&quot;,&quot;credit&quot;:&quot;&quot;,&quot;camera&quot;:&quot;Galaxy S24 Ultra&quot;,&quot;caption&quot;:&quot;&quot;,&quot;created_timestamp&quot;:&quot;1726568331&quot;,&quot;copyright&quot;:&quot;&quot;,&quot;focal_length&quot;:&quot;7.9&quot;,&quot;iso&quot;:&quot;640&quot;,&quot;shutter_speed&quot;:&quot;0.033333333333333&quot;,&quot;title&quot;:&quot;&quot;,&quot;orientation&quot;:&quot;1&quot;,&quot;keywords&quot;:&quot;Array&quot;}\" data-image-title=\"2 (2)\" data-image-description=\"\" data-medium-file=\"https:\/\/www.emeryci-sg.org.pl\/wp\/wp-content\/uploads\/2024\/09\/2-2-300x225.jpg\" data-large-file=\"https:\/\/www.emeryci-sg.org.pl\/wp\/wp-content\/uploads\/2024\/09\/2-2-1024x768.jpg\" width=\"150\" height=\"150\" src=\"https:\/\/www.emeryci-sg.org.pl\/wp\/wp-content\/uploads\/2024\/09\/2-2-150x150.jpg\" class=\"attachment-thumbnail size-thumbnail\" alt=\"\" \/><\/a>\n\t\t\t<\/dt><\/dl><dl class='gallery-item'>\n\t\t\t<dt class='gallery-icon landscape'>\n\t\t\t\t<a href='https:\/\/www.emeryci-sg.org.pl\/wp\/gora-kalwaria-iv-konferencja-stowarzyszenia-weteranow-polskich-formacji-granicznych-z-udzialem-delegacji-zeirsg\/2a-3\/'><img loading=\"lazy\" decoding=\"async\" data-attachment-id=\"17706\" data-orig-file=\"https:\/\/www.emeryci-sg.org.pl\/wp\/wp-content\/uploads\/2024\/09\/2a.jpeg\" data-orig-size=\"1632,1224\" data-comments-opened=\"0\" data-image-meta=\"{&quot;aperture&quot;:&quot;0&quot;,&quot;credit&quot;:&quot;&quot;,&quot;camera&quot;:&quot;&quot;,&quot;caption&quot;:&quot;&quot;,&quot;created_timestamp&quot;:&quot;0&quot;,&quot;copyright&quot;:&quot;&quot;,&quot;focal_length&quot;:&quot;0&quot;,&quot;iso&quot;:&quot;0&quot;,&quot;shutter_speed&quot;:&quot;0&quot;,&quot;title&quot;:&quot;&quot;,&quot;orientation&quot;:&quot;0&quot;,&quot;keywords&quot;:&quot;Array&quot;}\" data-image-title=\"2a\" data-image-description=\"\" data-medium-file=\"https:\/\/www.emeryci-sg.org.pl\/wp\/wp-content\/uploads\/2024\/09\/2a-300x225.jpeg\" data-large-file=\"https:\/\/www.emeryci-sg.org.pl\/wp\/wp-content\/uploads\/2024\/09\/2a-1024x768.jpeg\" width=\"150\" height=\"150\" src=\"https:\/\/www.emeryci-sg.org.pl\/wp\/wp-content\/uploads\/2024\/09\/2a-150x150.jpeg\" class=\"attachment-thumbnail size-thumbnail\" alt=\"\" \/><\/a>\n\t\t\t<\/dt><\/dl><br style=\"clear: both\" \/><dl class='gallery-item'>\n\t\t\t<dt class='gallery-icon landscape'>\n\t\t\t\t<a href='https:\/\/www.emeryci-sg.org.pl\/wp\/gora-kalwaria-iv-konferencja-stowarzyszenia-weteranow-polskich-formacji-granicznych-z-udzialem-delegacji-zeirsg\/3-1\/'><img loading=\"lazy\" decoding=\"async\" data-attachment-id=\"17707\" data-orig-file=\"https:\/\/www.emeryci-sg.org.pl\/wp\/wp-content\/uploads\/2024\/09\/3-1-scaled.jpg\" data-orig-size=\"2560,1920\" data-comments-opened=\"0\" data-image-meta=\"{&quot;aperture&quot;:&quot;2.4&quot;,&quot;credit&quot;:&quot;&quot;,&quot;camera&quot;:&quot;Galaxy S24 Ultra&quot;,&quot;caption&quot;:&quot;&quot;,&quot;created_timestamp&quot;:&quot;1726569189&quot;,&quot;copyright&quot;:&quot;&quot;,&quot;focal_length&quot;:&quot;7.9&quot;,&quot;iso&quot;:&quot;500&quot;,&quot;shutter_speed&quot;:&quot;0.033333333333333&quot;,&quot;title&quot;:&quot;&quot;,&quot;orientation&quot;:&quot;1&quot;,&quot;keywords&quot;:&quot;Array&quot;}\" data-image-title=\"3 (1)\" data-image-description=\"\" data-medium-file=\"https:\/\/www.emeryci-sg.org.pl\/wp\/wp-content\/uploads\/2024\/09\/3-1-300x225.jpg\" data-large-file=\"https:\/\/www.emeryci-sg.org.pl\/wp\/wp-content\/uploads\/2024\/09\/3-1-1024x768.jpg\" width=\"150\" height=\"150\" src=\"https:\/\/www.emeryci-sg.org.pl\/wp\/wp-content\/uploads\/2024\/09\/3-1-150x150.jpg\" class=\"attachment-thumbnail size-thumbnail\" alt=\"\" \/><\/a>\n\t\t\t<\/dt><\/dl><dl class='gallery-item'>\n\t\t\t<dt class='gallery-icon landscape'>\n\t\t\t\t<a href='https:\/\/www.emeryci-sg.org.pl\/wp\/gora-kalwaria-iv-konferencja-stowarzyszenia-weteranow-polskich-formacji-granicznych-z-udzialem-delegacji-zeirsg\/4-1\/'><img loading=\"lazy\" decoding=\"async\" data-attachment-id=\"17708\" data-orig-file=\"https:\/\/www.emeryci-sg.org.pl\/wp\/wp-content\/uploads\/2024\/09\/4-1-scaled.jpg\" data-orig-size=\"2560,1920\" data-comments-opened=\"0\" data-image-meta=\"{&quot;aperture&quot;:&quot;2.4&quot;,&quot;credit&quot;:&quot;&quot;,&quot;camera&quot;:&quot;Galaxy S24 Ultra&quot;,&quot;caption&quot;:&quot;&quot;,&quot;created_timestamp&quot;:&quot;1726570283&quot;,&quot;copyright&quot;:&quot;&quot;,&quot;focal_length&quot;:&quot;7.9&quot;,&quot;iso&quot;:&quot;400&quot;,&quot;shutter_speed&quot;:&quot;0.033333333333333&quot;,&quot;title&quot;:&quot;&quot;,&quot;orientation&quot;:&quot;1&quot;,&quot;keywords&quot;:&quot;Array&quot;}\" data-image-title=\"4 (1)\" data-image-description=\"\" data-medium-file=\"https:\/\/www.emeryci-sg.org.pl\/wp\/wp-content\/uploads\/2024\/09\/4-1-300x225.jpg\" data-large-file=\"https:\/\/www.emeryci-sg.org.pl\/wp\/wp-content\/uploads\/2024\/09\/4-1-1024x768.jpg\" width=\"150\" height=\"150\" src=\"https:\/\/www.emeryci-sg.org.pl\/wp\/wp-content\/uploads\/2024\/09\/4-1-150x150.jpg\" class=\"attachment-thumbnail size-thumbnail\" alt=\"\" \/><\/a>\n\t\t\t<\/dt><\/dl><dl class='gallery-item'>\n\t\t\t<dt class='gallery-icon landscape'>\n\t\t\t\t<a href='https:\/\/www.emeryci-sg.org.pl\/wp\/gora-kalwaria-iv-konferencja-stowarzyszenia-weteranow-polskich-formacji-granicznych-z-udzialem-delegacji-zeirsg\/5-3-2\/'><img loading=\"lazy\" decoding=\"async\" data-attachment-id=\"17709\" data-orig-file=\"https:\/\/www.emeryci-sg.org.pl\/wp\/wp-content\/uploads\/2024\/09\/5-3-scaled.jpg\" data-orig-size=\"2560,1920\" data-comments-opened=\"0\" data-image-meta=\"{&quot;aperture&quot;:&quot;2.4&quot;,&quot;credit&quot;:&quot;&quot;,&quot;camera&quot;:&quot;Galaxy S24 Ultra&quot;,&quot;caption&quot;:&quot;&quot;,&quot;created_timestamp&quot;:&quot;1726568383&quot;,&quot;copyright&quot;:&quot;&quot;,&quot;focal_length&quot;:&quot;7.9&quot;,&quot;iso&quot;:&quot;320&quot;,&quot;shutter_speed&quot;:&quot;0.033333333333333&quot;,&quot;title&quot;:&quot;&quot;,&quot;orientation&quot;:&quot;1&quot;,&quot;keywords&quot;:&quot;Array&quot;}\" data-image-title=\"5 (3)\" data-image-description=\"\" data-medium-file=\"https:\/\/www.emeryci-sg.org.pl\/wp\/wp-content\/uploads\/2024\/09\/5-3-300x225.jpg\" data-large-file=\"https:\/\/www.emeryci-sg.org.pl\/wp\/wp-content\/uploads\/2024\/09\/5-3-1024x768.jpg\" width=\"150\" height=\"150\" src=\"https:\/\/www.emeryci-sg.org.pl\/wp\/wp-content\/uploads\/2024\/09\/5-3-150x150.jpg\" class=\"attachment-thumbnail size-thumbnail\" alt=\"\" \/><\/a>\n\t\t\t<\/dt><\/dl><br style=\"clear: both\" \/><dl class='gallery-item'>\n\t\t\t<dt class='gallery-icon landscape'>\n\t\t\t\t<a href='https:\/\/www.emeryci-sg.org.pl\/wp\/gora-kalwaria-iv-konferencja-stowarzyszenia-weteranow-polskich-formacji-granicznych-z-udzialem-delegacji-zeirsg\/6-3-2\/'><img loading=\"lazy\" decoding=\"async\" data-attachment-id=\"17710\" data-orig-file=\"https:\/\/www.emeryci-sg.org.pl\/wp\/wp-content\/uploads\/2024\/09\/6-3-scaled.jpg\" data-orig-size=\"2560,1920\" data-comments-opened=\"0\" data-image-meta=\"{&quot;aperture&quot;:&quot;1.7&quot;,&quot;credit&quot;:&quot;&quot;,&quot;camera&quot;:&quot;Galaxy S24 Ultra&quot;,&quot;caption&quot;:&quot;&quot;,&quot;created_timestamp&quot;:&quot;1726569818&quot;,&quot;copyright&quot;:&quot;&quot;,&quot;focal_length&quot;:&quot;6.3&quot;,&quot;iso&quot;:&quot;500&quot;,&quot;shutter_speed&quot;:&quot;0.016666666666667&quot;,&quot;title&quot;:&quot;&quot;,&quot;orientation&quot;:&quot;1&quot;,&quot;keywords&quot;:&quot;Array&quot;}\" data-image-title=\"6 (3)\" data-image-description=\"\" data-medium-file=\"https:\/\/www.emeryci-sg.org.pl\/wp\/wp-content\/uploads\/2024\/09\/6-3-300x225.jpg\" data-large-file=\"https:\/\/www.emeryci-sg.org.pl\/wp\/wp-content\/uploads\/2024\/09\/6-3-1024x768.jpg\" width=\"150\" height=\"150\" src=\"https:\/\/www.emeryci-sg.org.pl\/wp\/wp-content\/uploads\/2024\/09\/6-3-150x150.jpg\" class=\"attachment-thumbnail size-thumbnail\" alt=\"\" \/><\/a>\n\t\t\t<\/dt><\/dl><dl class='gallery-item'>\n\t\t\t<dt class='gallery-icon landscape'>\n\t\t\t\t<a href='https:\/\/www.emeryci-sg.org.pl\/wp\/gora-kalwaria-iv-konferencja-stowarzyszenia-weteranow-polskich-formacji-granicznych-z-udzialem-delegacji-zeirsg\/7-3-2\/'><img loading=\"lazy\" decoding=\"async\" data-attachment-id=\"17711\" data-orig-file=\"https:\/\/www.emeryci-sg.org.pl\/wp\/wp-content\/uploads\/2024\/09\/7-3-scaled.jpg\" data-orig-size=\"2560,1920\" data-comments-opened=\"0\" data-image-meta=\"{&quot;aperture&quot;:&quot;2.4&quot;,&quot;credit&quot;:&quot;&quot;,&quot;camera&quot;:&quot;Galaxy S24 Ultra&quot;,&quot;caption&quot;:&quot;&quot;,&quot;created_timestamp&quot;:&quot;1726570913&quot;,&quot;copyright&quot;:&quot;&quot;,&quot;focal_length&quot;:&quot;7.9&quot;,&quot;iso&quot;:&quot;400&quot;,&quot;shutter_speed&quot;:&quot;0.03030303030303&quot;,&quot;title&quot;:&quot;&quot;,&quot;orientation&quot;:&quot;1&quot;,&quot;keywords&quot;:&quot;Array&quot;}\" data-image-title=\"7 (3)\" data-image-description=\"\" data-medium-file=\"https:\/\/www.emeryci-sg.org.pl\/wp\/wp-content\/uploads\/2024\/09\/7-3-300x225.jpg\" data-large-file=\"https:\/\/www.emeryci-sg.org.pl\/wp\/wp-content\/uploads\/2024\/09\/7-3-1024x768.jpg\" width=\"150\" height=\"150\" src=\"https:\/\/www.emeryci-sg.org.pl\/wp\/wp-content\/uploads\/2024\/09\/7-3-150x150.jpg\" class=\"attachment-thumbnail size-thumbnail\" alt=\"\" \/><\/a>\n\t\t\t<\/dt><\/dl><dl class='gallery-item'>\n\t\t\t<dt class='gallery-icon landscape'>\n\t\t\t\t<a href='https:\/\/www.emeryci-sg.org.pl\/wp\/gora-kalwaria-iv-konferencja-stowarzyszenia-weteranow-polskich-formacji-granicznych-z-udzialem-delegacji-zeirsg\/8-3-2\/'><img loading=\"lazy\" decoding=\"async\" data-attachment-id=\"17712\" data-orig-file=\"https:\/\/www.emeryci-sg.org.pl\/wp\/wp-content\/uploads\/2024\/09\/8-3-scaled.jpg\" data-orig-size=\"2560,1920\" data-comments-opened=\"0\" data-image-meta=\"{&quot;aperture&quot;:&quot;2.4&quot;,&quot;credit&quot;:&quot;&quot;,&quot;camera&quot;:&quot;Galaxy S24 Ultra&quot;,&quot;caption&quot;:&quot;&quot;,&quot;created_timestamp&quot;:&quot;1726579623&quot;,&quot;copyright&quot;:&quot;&quot;,&quot;focal_length&quot;:&quot;7.9&quot;,&quot;iso&quot;:&quot;250&quot;,&quot;shutter_speed&quot;:&quot;0.033333333333333&quot;,&quot;title&quot;:&quot;&quot;,&quot;orientation&quot;:&quot;1&quot;,&quot;keywords&quot;:&quot;Array&quot;}\" data-image-title=\"8 (3)\" data-image-description=\"\" data-medium-file=\"https:\/\/www.emeryci-sg.org.pl\/wp\/wp-content\/uploads\/2024\/09\/8-3-300x225.jpg\" data-large-file=\"https:\/\/www.emeryci-sg.org.pl\/wp\/wp-content\/uploads\/2024\/09\/8-3-1024x768.jpg\" width=\"150\" height=\"150\" src=\"https:\/\/www.emeryci-sg.org.pl\/wp\/wp-content\/uploads\/2024\/09\/8-3-150x150.jpg\" class=\"attachment-thumbnail size-thumbnail\" alt=\"\" \/><\/a>\n\t\t\t<\/dt><\/dl><br style=\"clear: both\" \/><dl class='gallery-item'>\n\t\t\t<dt class='gallery-icon landscape'>\n\t\t\t\t<a href='https:\/\/www.emeryci-sg.org.pl\/wp\/gora-kalwaria-iv-konferencja-stowarzyszenia-weteranow-polskich-formacji-granicznych-z-udzialem-delegacji-zeirsg\/9-1\/'><img loading=\"lazy\" decoding=\"async\" data-attachment-id=\"17713\" data-orig-file=\"https:\/\/www.emeryci-sg.org.pl\/wp\/wp-content\/uploads\/2024\/09\/9-1-scaled.jpg\" data-orig-size=\"2560,1920\" data-comments-opened=\"0\" data-image-meta=\"{&quot;aperture&quot;:&quot;2.4&quot;,&quot;credit&quot;:&quot;&quot;,&quot;camera&quot;:&quot;Galaxy S24 Ultra&quot;,&quot;caption&quot;:&quot;&quot;,&quot;created_timestamp&quot;:&quot;1726579891&quot;,&quot;copyright&quot;:&quot;&quot;,&quot;focal_length&quot;:&quot;7.9&quot;,&quot;iso&quot;:&quot;320&quot;,&quot;shutter_speed&quot;:&quot;0.025&quot;,&quot;title&quot;:&quot;&quot;,&quot;orientation&quot;:&quot;1&quot;,&quot;keywords&quot;:&quot;Array&quot;}\" data-image-title=\"9 (1)\" data-image-description=\"\" data-medium-file=\"https:\/\/www.emeryci-sg.org.pl\/wp\/wp-content\/uploads\/2024\/09\/9-1-300x225.jpg\" data-large-file=\"https:\/\/www.emeryci-sg.org.pl\/wp\/wp-content\/uploads\/2024\/09\/9-1-1024x768.jpg\" width=\"150\" height=\"150\" src=\"https:\/\/www.emeryci-sg.org.pl\/wp\/wp-content\/uploads\/2024\/09\/9-1-150x150.jpg\" class=\"attachment-thumbnail size-thumbnail\" alt=\"\" \/><\/a>\n\t\t\t<\/dt><\/dl><dl class='gallery-item'>\n\t\t\t<dt class='gallery-icon landscape'>\n\t\t\t\t<a href='https:\/\/www.emeryci-sg.org.pl\/wp\/gora-kalwaria-iv-konferencja-stowarzyszenia-weteranow-polskich-formacji-granicznych-z-udzialem-delegacji-zeirsg\/10-1\/'><img loading=\"lazy\" decoding=\"async\" data-attachment-id=\"17714\" data-orig-file=\"https:\/\/www.emeryci-sg.org.pl\/wp\/wp-content\/uploads\/2024\/09\/10-1-scaled.jpg\" data-orig-size=\"2560,1920\" data-comments-opened=\"0\" data-image-meta=\"{&quot;aperture&quot;:&quot;2.4&quot;,&quot;credit&quot;:&quot;&quot;,&quot;camera&quot;:&quot;Galaxy S24 Ultra&quot;,&quot;caption&quot;:&quot;&quot;,&quot;created_timestamp&quot;:&quot;1726582179&quot;,&quot;copyright&quot;:&quot;&quot;,&quot;focal_length&quot;:&quot;7.9&quot;,&quot;iso&quot;:&quot;640&quot;,&quot;shutter_speed&quot;:&quot;0.03030303030303&quot;,&quot;title&quot;:&quot;&quot;,&quot;orientation&quot;:&quot;1&quot;,&quot;keywords&quot;:&quot;Array&quot;}\" data-image-title=\"10 (1)\" data-image-description=\"\" data-medium-file=\"https:\/\/www.emeryci-sg.org.pl\/wp\/wp-content\/uploads\/2024\/09\/10-1-300x225.jpg\" data-large-file=\"https:\/\/www.emeryci-sg.org.pl\/wp\/wp-content\/uploads\/2024\/09\/10-1-1024x768.jpg\" width=\"150\" height=\"150\" src=\"https:\/\/www.emeryci-sg.org.pl\/wp\/wp-content\/uploads\/2024\/09\/10-1-150x150.jpg\" class=\"attachment-thumbnail size-thumbnail\" alt=\"\" \/><\/a>\n\t\t\t<\/dt><\/dl><dl class='gallery-item'>\n\t\t\t<dt class='gallery-icon portrait'>\n\t\t\t\t<a href='https:\/\/www.emeryci-sg.org.pl\/wp\/gora-kalwaria-iv-konferencja-stowarzyszenia-weteranow-polskich-formacji-granicznych-z-udzialem-delegacji-zeirsg\/11-15\/'><img loading=\"lazy\" decoding=\"async\" data-attachment-id=\"17715\" data-orig-file=\"https:\/\/www.emeryci-sg.org.pl\/wp\/wp-content\/uploads\/2024\/09\/11.jpeg\" data-orig-size=\"1224,1632\" data-comments-opened=\"0\" data-image-meta=\"{&quot;aperture&quot;:&quot;0&quot;,&quot;credit&quot;:&quot;&quot;,&quot;camera&quot;:&quot;&quot;,&quot;caption&quot;:&quot;&quot;,&quot;created_timestamp&quot;:&quot;0&quot;,&quot;copyright&quot;:&quot;&quot;,&quot;focal_length&quot;:&quot;0&quot;,&quot;iso&quot;:&quot;0&quot;,&quot;shutter_speed&quot;:&quot;0&quot;,&quot;title&quot;:&quot;&quot;,&quot;orientation&quot;:&quot;0&quot;,&quot;keywords&quot;:&quot;Array&quot;}\" data-image-title=\"11\" data-image-description=\"\" data-medium-file=\"https:\/\/www.emeryci-sg.org.pl\/wp\/wp-content\/uploads\/2024\/09\/11-225x300.jpeg\" data-large-file=\"https:\/\/www.emeryci-sg.org.pl\/wp\/wp-content\/uploads\/2024\/09\/11-768x1024.jpeg\" width=\"150\" height=\"150\" src=\"https:\/\/www.emeryci-sg.org.pl\/wp\/wp-content\/uploads\/2024\/09\/11-150x150.jpeg\" class=\"attachment-thumbnail size-thumbnail\" alt=\"\" \/><\/a>\n\t\t\t<\/dt><\/dl><br style=\"clear: both\" \/><dl class='gallery-item'>\n\t\t\t<dt class='gallery-icon landscape'>\n\t\t\t\t<a href='https:\/\/www.emeryci-sg.org.pl\/wp\/gora-kalwaria-iv-konferencja-stowarzyszenia-weteranow-polskich-formacji-granicznych-z-udzialem-delegacji-zeirsg\/13-1\/'><img loading=\"lazy\" decoding=\"async\" data-attachment-id=\"17716\" data-orig-file=\"https:\/\/www.emeryci-sg.org.pl\/wp\/wp-content\/uploads\/2024\/09\/13-1.jpeg\" data-orig-size=\"2048,1536\" data-comments-opened=\"0\" data-image-meta=\"{&quot;aperture&quot;:&quot;0&quot;,&quot;credit&quot;:&quot;&quot;,&quot;camera&quot;:&quot;&quot;,&quot;caption&quot;:&quot;&quot;,&quot;created_timestamp&quot;:&quot;0&quot;,&quot;copyright&quot;:&quot;&quot;,&quot;focal_length&quot;:&quot;0&quot;,&quot;iso&quot;:&quot;0&quot;,&quot;shutter_speed&quot;:&quot;0&quot;,&quot;title&quot;:&quot;&quot;,&quot;orientation&quot;:&quot;0&quot;,&quot;keywords&quot;:&quot;Array&quot;}\" data-image-title=\"13 (1)\" data-image-description=\"\" data-medium-file=\"https:\/\/www.emeryci-sg.org.pl\/wp\/wp-content\/uploads\/2024\/09\/13-1-300x225.jpeg\" data-large-file=\"https:\/\/www.emeryci-sg.org.pl\/wp\/wp-content\/uploads\/2024\/09\/13-1-1024x768.jpeg\" width=\"150\" height=\"150\" src=\"https:\/\/www.emeryci-sg.org.pl\/wp\/wp-content\/uploads\/2024\/09\/13-1-150x150.jpeg\" class=\"attachment-thumbnail size-thumbnail\" alt=\"\" \/><\/a>\n\t\t\t<\/dt><\/dl><dl class='gallery-item'>\n\t\t\t<dt class='gallery-icon landscape'>\n\t\t\t\t<a href='https:\/\/www.emeryci-sg.org.pl\/wp\/gora-kalwaria-iv-konferencja-stowarzyszenia-weteranow-polskich-formacji-granicznych-z-udzialem-delegacji-zeirsg\/14-10\/'><img loading=\"lazy\" decoding=\"async\" data-attachment-id=\"17717\" data-orig-file=\"https:\/\/www.emeryci-sg.org.pl\/wp\/wp-content\/uploads\/2024\/09\/14.jpeg\" data-orig-size=\"2048,1536\" data-comments-opened=\"0\" data-image-meta=\"{&quot;aperture&quot;:&quot;0&quot;,&quot;credit&quot;:&quot;&quot;,&quot;camera&quot;:&quot;&quot;,&quot;caption&quot;:&quot;&quot;,&quot;created_timestamp&quot;:&quot;0&quot;,&quot;copyright&quot;:&quot;&quot;,&quot;focal_length&quot;:&quot;0&quot;,&quot;iso&quot;:&quot;0&quot;,&quot;shutter_speed&quot;:&quot;0&quot;,&quot;title&quot;:&quot;&quot;,&quot;orientation&quot;:&quot;0&quot;,&quot;keywords&quot;:&quot;Array&quot;}\" data-image-title=\"14\" data-image-description=\"\" data-medium-file=\"https:\/\/www.emeryci-sg.org.pl\/wp\/wp-content\/uploads\/2024\/09\/14-300x225.jpeg\" data-large-file=\"https:\/\/www.emeryci-sg.org.pl\/wp\/wp-content\/uploads\/2024\/09\/14-1024x768.jpeg\" width=\"150\" height=\"150\" src=\"https:\/\/www.emeryci-sg.org.pl\/wp\/wp-content\/uploads\/2024\/09\/14-150x150.jpeg\" class=\"attachment-thumbnail size-thumbnail\" alt=\"\" \/><\/a>\n\t\t\t<\/dt><\/dl><dl class='gallery-item'>\n\t\t\t<dt class='gallery-icon portrait'>\n\t\t\t\t<a href='https:\/\/www.emeryci-sg.org.pl\/wp\/gora-kalwaria-iv-konferencja-stowarzyszenia-weteranow-polskich-formacji-granicznych-z-udzialem-delegacji-zeirsg\/15-9\/'><img loading=\"lazy\" decoding=\"async\" data-attachment-id=\"17718\" data-orig-file=\"https:\/\/www.emeryci-sg.org.pl\/wp\/wp-content\/uploads\/2024\/09\/15.jpeg\" data-orig-size=\"1224,1632\" data-comments-opened=\"0\" data-image-meta=\"{&quot;aperture&quot;:&quot;0&quot;,&quot;credit&quot;:&quot;&quot;,&quot;camera&quot;:&quot;&quot;,&quot;caption&quot;:&quot;&quot;,&quot;created_timestamp&quot;:&quot;0&quot;,&quot;copyright&quot;:&quot;&quot;,&quot;focal_length&quot;:&quot;0&quot;,&quot;iso&quot;:&quot;0&quot;,&quot;shutter_speed&quot;:&quot;0&quot;,&quot;title&quot;:&quot;&quot;,&quot;orientation&quot;:&quot;0&quot;,&quot;keywords&quot;:&quot;Array&quot;}\" data-image-title=\"15\" data-image-description=\"\" data-medium-file=\"https:\/\/www.emeryci-sg.org.pl\/wp\/wp-content\/uploads\/2024\/09\/15-225x300.jpeg\" data-large-file=\"https:\/\/www.emeryci-sg.org.pl\/wp\/wp-content\/uploads\/2024\/09\/15-768x1024.jpeg\" width=\"150\" height=\"150\" src=\"https:\/\/www.emeryci-sg.org.pl\/wp\/wp-content\/uploads\/2024\/09\/15-150x150.jpeg\" class=\"attachment-thumbnail size-thumbnail\" alt=\"\" \/><\/a>\n\t\t\t<\/dt><\/dl><br style=\"clear: both\" \/><dl class='gallery-item'>\n\t\t\t<dt class='gallery-icon portrait'>\n\t\t\t\t<a href='https:\/\/www.emeryci-sg.org.pl\/wp\/gora-kalwaria-iv-konferencja-stowarzyszenia-weteranow-polskich-formacji-granicznych-z-udzialem-delegacji-zeirsg\/17-14\/'><img loading=\"lazy\" decoding=\"async\" data-attachment-id=\"17720\" data-orig-file=\"https:\/\/www.emeryci-sg.org.pl\/wp\/wp-content\/uploads\/2024\/09\/17.jpeg\" data-orig-size=\"1224,1632\" data-comments-opened=\"0\" data-image-meta=\"{&quot;aperture&quot;:&quot;0&quot;,&quot;credit&quot;:&quot;&quot;,&quot;camera&quot;:&quot;&quot;,&quot;caption&quot;:&quot;&quot;,&quot;created_timestamp&quot;:&quot;0&quot;,&quot;copyright&quot;:&quot;&quot;,&quot;focal_length&quot;:&quot;0&quot;,&quot;iso&quot;:&quot;0&quot;,&quot;shutter_speed&quot;:&quot;0&quot;,&quot;title&quot;:&quot;&quot;,&quot;orientation&quot;:&quot;0&quot;,&quot;keywords&quot;:&quot;Array&quot;}\" data-image-title=\"17\" data-image-description=\"\" data-medium-file=\"https:\/\/www.emeryci-sg.org.pl\/wp\/wp-content\/uploads\/2024\/09\/17-225x300.jpeg\" data-large-file=\"https:\/\/www.emeryci-sg.org.pl\/wp\/wp-content\/uploads\/2024\/09\/17-768x1024.jpeg\" width=\"150\" height=\"150\" src=\"https:\/\/www.emeryci-sg.org.pl\/wp\/wp-content\/uploads\/2024\/09\/17-150x150.jpeg\" class=\"attachment-thumbnail size-thumbnail\" alt=\"\" \/><\/a>\n\t\t\t<\/dt><\/dl><dl class='gallery-item'>\n\t\t\t<dt class='gallery-icon portrait'>\n\t\t\t\t<a href='https:\/\/www.emeryci-sg.org.pl\/wp\/gora-kalwaria-iv-konferencja-stowarzyszenia-weteranow-polskich-formacji-granicznych-z-udzialem-delegacji-zeirsg\/18-9\/'><img loading=\"lazy\" decoding=\"async\" data-attachment-id=\"17721\" data-orig-file=\"https:\/\/www.emeryci-sg.org.pl\/wp\/wp-content\/uploads\/2024\/09\/18.jpeg\" data-orig-size=\"1224,1632\" data-comments-opened=\"0\" data-image-meta=\"{&quot;aperture&quot;:&quot;0&quot;,&quot;credit&quot;:&quot;&quot;,&quot;camera&quot;:&quot;&quot;,&quot;caption&quot;:&quot;&quot;,&quot;created_timestamp&quot;:&quot;0&quot;,&quot;copyright&quot;:&quot;&quot;,&quot;focal_length&quot;:&quot;0&quot;,&quot;iso&quot;:&quot;0&quot;,&quot;shutter_speed&quot;:&quot;0&quot;,&quot;title&quot;:&quot;&quot;,&quot;orientation&quot;:&quot;0&quot;,&quot;keywords&quot;:&quot;Array&quot;}\" data-image-title=\"18\" data-image-description=\"\" data-medium-file=\"https:\/\/www.emeryci-sg.org.pl\/wp\/wp-content\/uploads\/2024\/09\/18-225x300.jpeg\" data-large-file=\"https:\/\/www.emeryci-sg.org.pl\/wp\/wp-content\/uploads\/2024\/09\/18-768x1024.jpeg\" width=\"150\" height=\"150\" src=\"https:\/\/www.emeryci-sg.org.pl\/wp\/wp-content\/uploads\/2024\/09\/18-150x150.jpeg\" class=\"attachment-thumbnail size-thumbnail\" alt=\"\" \/><\/a>\n\t\t\t<\/dt><\/dl><dl class='gallery-item'>\n\t\t\t<dt class='gallery-icon portrait'>\n\t\t\t\t<a href='https:\/\/www.emeryci-sg.org.pl\/wp\/gora-kalwaria-iv-konferencja-stowarzyszenia-weteranow-polskich-formacji-granicznych-z-udzialem-delegacji-zeirsg\/19-9\/'><img loading=\"lazy\" decoding=\"async\" data-attachment-id=\"17722\" data-orig-file=\"https:\/\/www.emeryci-sg.org.pl\/wp\/wp-content\/uploads\/2024\/09\/19.jpeg\" data-orig-size=\"1224,1632\" data-comments-opened=\"0\" data-image-meta=\"{&quot;aperture&quot;:&quot;0&quot;,&quot;credit&quot;:&quot;&quot;,&quot;camera&quot;:&quot;&quot;,&quot;caption&quot;:&quot;&quot;,&quot;created_timestamp&quot;:&quot;0&quot;,&quot;copyright&quot;:&quot;&quot;,&quot;focal_length&quot;:&quot;0&quot;,&quot;iso&quot;:&quot;0&quot;,&quot;shutter_speed&quot;:&quot;0&quot;,&quot;title&quot;:&quot;&quot;,&quot;orientation&quot;:&quot;0&quot;,&quot;keywords&quot;:&quot;Array&quot;}\" data-image-title=\"19\" data-image-description=\"\" data-medium-file=\"https:\/\/www.emeryci-sg.org.pl\/wp\/wp-content\/uploads\/2024\/09\/19-225x300.jpeg\" data-large-file=\"https:\/\/www.emeryci-sg.org.pl\/wp\/wp-content\/uploads\/2024\/09\/19-768x1024.jpeg\" width=\"150\" height=\"150\" src=\"https:\/\/www.emeryci-sg.org.pl\/wp\/wp-content\/uploads\/2024\/09\/19-150x150.jpeg\" class=\"attachment-thumbnail size-thumbnail\" alt=\"\" \/><\/a>\n\t\t\t<\/dt><\/dl><br style=\"clear: both\" \/><dl class='gallery-item'>\n\t\t\t<dt class='gallery-icon portrait'>\n\t\t\t\t<a href='https:\/\/www.emeryci-sg.org.pl\/wp\/gora-kalwaria-iv-konferencja-stowarzyszenia-weteranow-polskich-formacji-granicznych-z-udzialem-delegacji-zeirsg\/20-5\/'><img loading=\"lazy\" decoding=\"async\" data-attachment-id=\"17723\" data-orig-file=\"https:\/\/www.emeryci-sg.org.pl\/wp\/wp-content\/uploads\/2024\/09\/20.jpeg\" data-orig-size=\"1224,1632\" data-comments-opened=\"0\" data-image-meta=\"{&quot;aperture&quot;:&quot;0&quot;,&quot;credit&quot;:&quot;&quot;,&quot;camera&quot;:&quot;&quot;,&quot;caption&quot;:&quot;&quot;,&quot;created_timestamp&quot;:&quot;0&quot;,&quot;copyright&quot;:&quot;&quot;,&quot;focal_length&quot;:&quot;0&quot;,&quot;iso&quot;:&quot;0&quot;,&quot;shutter_speed&quot;:&quot;0&quot;,&quot;title&quot;:&quot;&quot;,&quot;orientation&quot;:&quot;0&quot;,&quot;keywords&quot;:&quot;Array&quot;}\" data-image-title=\"20\" data-image-description=\"\" data-medium-file=\"https:\/\/www.emeryci-sg.org.pl\/wp\/wp-content\/uploads\/2024\/09\/20-225x300.jpeg\" data-large-file=\"https:\/\/www.emeryci-sg.org.pl\/wp\/wp-content\/uploads\/2024\/09\/20-768x1024.jpeg\" width=\"150\" height=\"150\" src=\"https:\/\/www.emeryci-sg.org.pl\/wp\/wp-content\/uploads\/2024\/09\/20-150x150.jpeg\" class=\"attachment-thumbnail size-thumbnail\" alt=\"\" \/><\/a>\n\t\t\t<\/dt><\/dl><dl class='gallery-item'>\n\t\t\t<dt class='gallery-icon landscape'>\n\t\t\t\t<a href='https:\/\/www.emeryci-sg.org.pl\/wp\/gora-kalwaria-iv-konferencja-stowarzyszenia-weteranow-polskich-formacji-granicznych-z-udzialem-delegacji-zeirsg\/20a\/'><img loading=\"lazy\" decoding=\"async\" data-attachment-id=\"17724\" data-orig-file=\"https:\/\/www.emeryci-sg.org.pl\/wp\/wp-content\/uploads\/2024\/09\/20a.jpeg\" data-orig-size=\"1632,1224\" data-comments-opened=\"0\" data-image-meta=\"{&quot;aperture&quot;:&quot;0&quot;,&quot;credit&quot;:&quot;&quot;,&quot;camera&quot;:&quot;&quot;,&quot;caption&quot;:&quot;&quot;,&quot;created_timestamp&quot;:&quot;0&quot;,&quot;copyright&quot;:&quot;&quot;,&quot;focal_length&quot;:&quot;0&quot;,&quot;iso&quot;:&quot;0&quot;,&quot;shutter_speed&quot;:&quot;0&quot;,&quot;title&quot;:&quot;&quot;,&quot;orientation&quot;:&quot;0&quot;,&quot;keywords&quot;:&quot;Array&quot;}\" data-image-title=\"20a\" data-image-description=\"\" data-medium-file=\"https:\/\/www.emeryci-sg.org.pl\/wp\/wp-content\/uploads\/2024\/09\/20a-300x225.jpeg\" data-large-file=\"https:\/\/www.emeryci-sg.org.pl\/wp\/wp-content\/uploads\/2024\/09\/20a-1024x768.jpeg\" width=\"150\" height=\"150\" src=\"https:\/\/www.emeryci-sg.org.pl\/wp\/wp-content\/uploads\/2024\/09\/20a-150x150.jpeg\" class=\"attachment-thumbnail size-thumbnail\" alt=\"\" \/><\/a>\n\t\t\t<\/dt><\/dl><dl class='gallery-item'>\n\t\t\t<dt class='gallery-icon portrait'>\n\t\t\t\t<a href='https:\/\/www.emeryci-sg.org.pl\/wp\/gora-kalwaria-iv-konferencja-stowarzyszenia-weteranow-polskich-formacji-granicznych-z-udzialem-delegacji-zeirsg\/22-3\/'><img loading=\"lazy\" decoding=\"async\" data-attachment-id=\"17725\" data-orig-file=\"https:\/\/www.emeryci-sg.org.pl\/wp\/wp-content\/uploads\/2024\/09\/22-scaled.jpg\" data-orig-size=\"1920,2560\" data-comments-opened=\"0\" data-image-meta=\"{&quot;aperture&quot;:&quot;1.7&quot;,&quot;credit&quot;:&quot;&quot;,&quot;camera&quot;:&quot;Galaxy S24 Ultra&quot;,&quot;caption&quot;:&quot;&quot;,&quot;created_timestamp&quot;:&quot;1726581087&quot;,&quot;copyright&quot;:&quot;&quot;,&quot;focal_length&quot;:&quot;6.3&quot;,&quot;iso&quot;:&quot;400&quot;,&quot;shutter_speed&quot;:&quot;0.01&quot;,&quot;title&quot;:&quot;&quot;,&quot;orientation&quot;:&quot;1&quot;,&quot;keywords&quot;:&quot;Array&quot;}\" data-image-title=\"22\" data-image-description=\"\" data-medium-file=\"https:\/\/www.emeryci-sg.org.pl\/wp\/wp-content\/uploads\/2024\/09\/22-225x300.jpg\" data-large-file=\"https:\/\/www.emeryci-sg.org.pl\/wp\/wp-content\/uploads\/2024\/09\/22-768x1024.jpg\" width=\"150\" height=\"150\" src=\"https:\/\/www.emeryci-sg.org.pl\/wp\/wp-content\/uploads\/2024\/09\/22-150x150.jpg\" class=\"attachment-thumbnail size-thumbnail\" alt=\"\" \/><\/a>\n\t\t\t<\/dt><\/dl><br style=\"clear: both\" \/>\n\t\t<\/div>\n\r\n<p>&nbsp;<\/p>\r\n","protected":false},"excerpt":{"rendered":"<p>IV Konferencja Stowarzyszenia Weteran\u00f3w Polskich Formacji Granicznych na terenie dawnej Centralnej Szko\u0142y Stra\u017cy Granicznej II RP \u2013 O\u015brodek Kultury G\u00f3ra Kalwaria\u00a0 &#8211; odby\u0142a si\u0119 17.09.2024 r. pod has\u0142em: \u201eSTULECIE POWO\u0141ANIA KORPUSU OCHRONY POGRANICZA 1924 \u2013 1939, STO LAT Z\u0141OTEGO POLSKIEGO 1924 \u2013 2024\u201d<\/p><p><a class=\"more-link btn\" href=\"https:\/\/www.emeryci-sg.org.pl\/wp\/gora-kalwaria-iv-konferencja-stowarzyszenia-weteranow-polskich-formacji-granicznych-z-udzialem-delegacji-zeirsg\/\">Czytaj dalej<\/a><\/p>\n","protected":false},"author":2,"featured_media":17704,"comment_status":"closed","ping_status":"closed","sticky":false,"template":"","format":"standard","meta":{"footnotes":""},"categories":[39,6,7,8,37,42,13,9,10,11,57,12,36,40,58,14,5],"tags":[],"class_list":["post-17522","post","type-post","status-publish","format-standard","has-post-thumbnail","hentry","category-region-chojna","category-region-cieszyn","category-region-glubczyce","category-region-hrubieszow","category-region-ketrzyn","category-region-kolobrzeg","category-region-koszalin","category-region-krakow-balice","category-region-luban","category-region-nowy-sacz","category-region-raciborz","category-region-slubice","category-region-swinoujscie","category-region-szczecin","category-region-kostrzyn-n-odra","category-zarzad-glowny","category-zeirsg","nodate","item-wrap"],"_links":{"self":[{"href":"https:\/\/www.emeryci-sg.org.pl\/wp\/wp-json\/wp\/v2\/posts\/17522","targetHints":{"allow":["GET"]}}],"collection":[{"href":"https:\/\/www.emeryci-sg.org.pl\/wp\/wp-json\/wp\/v2\/posts"}],"about":[{"href":"https:\/\/www.emeryci-sg.org.pl\/wp\/wp-json\/wp\/v2\/types\/post"}],"author":[{"embeddable":true,"href":"https:\/\/www.emeryci-sg.org.pl\/wp\/wp-json\/wp\/v2\/users\/2"}],"replies":[{"embeddable":true,"href":"https:\/\/www.emeryci-sg.org.pl\/wp\/wp-json\/wp\/v2\/comments?post=17522"}],"version-history":[{"count":4,"href":"https:\/\/www.emeryci-sg.org.pl\/wp\/wp-json\/wp\/v2\/posts\/17522\/revisions"}],"predecessor-version":[{"id":17759,"href":"https:\/\/www.emeryci-sg.org.pl\/wp\/wp-json\/wp\/v2\/posts\/17522\/revisions\/17759"}],"wp:featuredmedia":[{"embeddable":true,"href":"https:\/\/www.emeryci-sg.org.pl\/wp\/wp-json\/wp\/v2\/media\/17704"}],"wp:attachment":[{"href":"https:\/\/www.emeryci-sg.org.pl\/wp\/wp-json\/wp\/v2\/media?parent=17522"}],"wp:term":[{"taxonomy":"category","embeddable":true,"href":"https:\/\/www.emeryci-sg.org.pl\/wp\/wp-json\/wp\/v2\/categories?post=17522"},{"taxonomy":"post_tag","embeddable":true,"href":"https:\/\/www.emeryci-sg.org.pl\/wp\/wp-json\/wp\/v2\/tags?post=17522"}],"curies":[{"name":"wp","href":"https:\/\/api.w.org\/{rel}","templated":true}]}}