{"id":17675,"date":"2024-09-19T17:13:45","date_gmt":"2024-09-19T15:13:45","guid":{"rendered":"https:\/\/www.emeryci-sg.org.pl\/wp\/?p=17675"},"modified":"2024-12-01T16:39:41","modified_gmt":"2024-12-01T15:39:41","slug":"ostatnie-pozegnanie-sp-sierz-sg-w-st-sp-grzegorza-banasiaka","status":"publish","type":"post","link":"https:\/\/www.emeryci-sg.org.pl\/wp\/ostatnie-pozegnanie-sp-sierz-sg-w-st-sp-grzegorza-banasiaka\/","title":{"rendered":"Ostatnie po\u017cegnanie \u015bp. sier\u017c. SG w st.sp. Grzegorza BANASIAKA."},"content":{"rendered":"<p><!--more--><\/p>\n<p><a href=\"https:\/\/www.emeryci-sg.org.pl\/wp\/wp-content\/uploads\/2015\/04\/klepsydra_motto.jpg\"><img loading=\"lazy\" decoding=\"async\" class=\"alignnone wp-image-131\" src=\"https:\/\/www.emeryci-sg.org.pl\/wp\/wp-content\/uploads\/2015\/04\/klepsydra_motto.jpg\" alt=\"\" width=\"1227\" height=\"261\" srcset=\"https:\/\/www.emeryci-sg.org.pl\/wp\/wp-content\/uploads\/2015\/04\/klepsydra_motto.jpg 470w, https:\/\/www.emeryci-sg.org.pl\/wp\/wp-content\/uploads\/2015\/04\/klepsydra_motto-300x64.jpg 300w\" sizes=\"auto, (max-width: 1227px) 100vw, 1227px\" \/><\/a><\/p>\n<p><a href=\"https:\/\/www.emeryci-sg.org.pl\/wp\/wp-content\/uploads\/2015\/04\/klepsydra_kreska.png\"><img loading=\"lazy\" decoding=\"async\" class=\"alignnone wp-image-130\" src=\"https:\/\/www.emeryci-sg.org.pl\/wp\/wp-content\/uploads\/2015\/04\/klepsydra_kreska.png\" alt=\"\" width=\"1043\" height=\"32\" srcset=\"https:\/\/www.emeryci-sg.org.pl\/wp\/wp-content\/uploads\/2015\/04\/klepsydra_kreska.png 489w, https:\/\/www.emeryci-sg.org.pl\/wp\/wp-content\/uploads\/2015\/04\/klepsydra_kreska-300x9.png 300w\" sizes=\"auto, (max-width: 1043px) 100vw, 1043px\" \/><\/a><\/p>\n<p><a href=\"https:\/\/www.emeryci-sg.org.pl\/wp\/wp-content\/uploads\/2024\/09\/sierzGBanasiak.jpg\"><img loading=\"lazy\" decoding=\"async\" class=\"alignnone size-full wp-image-17676\" src=\"https:\/\/www.emeryci-sg.org.pl\/wp\/wp-content\/uploads\/2024\/09\/sierzGBanasiak.jpg\" alt=\"\" width=\"1123\" height=\"794\" srcset=\"https:\/\/www.emeryci-sg.org.pl\/wp\/wp-content\/uploads\/2024\/09\/sierzGBanasiak.jpg 1123w, https:\/\/www.emeryci-sg.org.pl\/wp\/wp-content\/uploads\/2024\/09\/sierzGBanasiak-300x212.jpg 300w, https:\/\/www.emeryci-sg.org.pl\/wp\/wp-content\/uploads\/2024\/09\/sierzGBanasiak-1024x724.jpg 1024w, https:\/\/www.emeryci-sg.org.pl\/wp\/wp-content\/uploads\/2024\/09\/sierzGBanasiak-768x543.jpg 768w, https:\/\/www.emeryci-sg.org.pl\/wp\/wp-content\/uploads\/2024\/09\/sierzGBanasiak-555x392.jpg 555w\" sizes=\"auto, (max-width: 1123px) 100vw, 1123px\" \/><\/a><\/p>\n<p><a href=\"https:\/\/www.emeryci-sg.org.pl\/wp\/wp-content\/uploads\/2015\/04\/klepsydra_kreska.png\"><img loading=\"lazy\" decoding=\"async\" class=\"alignnone wp-image-130\" src=\"https:\/\/www.emeryci-sg.org.pl\/wp\/wp-content\/uploads\/2015\/04\/klepsydra_kreska.png\" alt=\"\" width=\"1043\" height=\"32\" srcset=\"https:\/\/www.emeryci-sg.org.pl\/wp\/wp-content\/uploads\/2015\/04\/klepsydra_kreska.png 489w, https:\/\/www.emeryci-sg.org.pl\/wp\/wp-content\/uploads\/2015\/04\/klepsydra_kreska-300x9.png 300w\" sizes=\"auto, (max-width: 1043px) 100vw, 1043px\" \/><\/a><\/p>\n","protected":false},"excerpt":{"rendered":"","protected":false},"author":5,"featured_media":3549,"comment_status":"closed","ping_status":"closed","sticky":false,"template":"","format":"standard","meta":{"footnotes":""},"categories":[45],"tags":[],"class_list":["post-17675","post","type-post","status-publish","format-standard","has-post-thumbnail","hentry","category-region-ziemia-klodzka","nodate","item-wrap"],"_links":{"self":[{"href":"https:\/\/www.emeryci-sg.org.pl\/wp\/wp-json\/wp\/v2\/posts\/17675","targetHints":{"allow":["GET"]}}],"collection":[{"href":"https:\/\/www.emeryci-sg.org.pl\/wp\/wp-json\/wp\/v2\/posts"}],"about":[{"href":"https:\/\/www.emeryci-sg.org.pl\/wp\/wp-json\/wp\/v2\/types\/post"}],"author":[{"embeddable":true,"href":"https:\/\/www.emeryci-sg.org.pl\/wp\/wp-json\/wp\/v2\/users\/5"}],"replies":[{"embeddable":true,"href":"https:\/\/www.emeryci-sg.org.pl\/wp\/wp-json\/wp\/v2\/comments?post=17675"}],"version-history":[{"count":2,"href":"https:\/\/www.emeryci-sg.org.pl\/wp\/wp-json\/wp\/v2\/posts\/17675\/revisions"}],"predecessor-version":[{"id":17760,"href":"https:\/\/www.emeryci-sg.org.pl\/wp\/wp-json\/wp\/v2\/posts\/17675\/revisions\/17760"}],"wp:featuredmedia":[{"embeddable":true,"href":"https:\/\/www.emeryci-sg.org.pl\/wp\/wp-json\/wp\/v2\/media\/3549"}],"wp:attachment":[{"href":"https:\/\/www.emeryci-sg.org.pl\/wp\/wp-json\/wp\/v2\/media?parent=17675"}],"wp:term":[{"taxonomy":"category","embeddable":true,"href":"https:\/\/www.emeryci-sg.org.pl\/wp\/wp-json\/wp\/v2\/categories?post=17675"},{"taxonomy":"post_tag","embeddable":true,"href":"https:\/\/www.emeryci-sg.org.pl\/wp\/wp-json\/wp\/v2\/tags?post=17675"}],"curies":[{"name":"wp","href":"https:\/\/api.w.org\/{rel}","templated":true}]}}