{"id":18003,"date":"2024-10-27T19:06:14","date_gmt":"2024-10-27T18:06:14","guid":{"rendered":"https:\/\/www.emeryci-sg.org.pl\/wp\/?p=18003"},"modified":"2024-12-01T16:52:11","modified_gmt":"2024-12-01T15:52:11","slug":"wniosek-mjr-wop-w-st-spocz-tadeusza-kwiedacza-o-pozbawienie-dezertera-b-wop-stanislawa-kopika-krzyza-kawalerskiego-orderu-odrodzenia-polski","status":"publish","type":"post","link":"https:\/\/www.emeryci-sg.org.pl\/wp\/wniosek-mjr-wop-w-st-spocz-tadeusza-kwiedacza-o-pozbawienie-dezertera-b-wop-stanislawa-kopika-krzyza-kawalerskiego-orderu-odrodzenia-polski\/","title":{"rendered":"Wniosek mjr. WOP w st. spocz. Tadeusza KWI\u0118DACZA o pozbawienie dezertera b. WOP Stanis\u0142awa KOPIKA Krzy\u017ca Kawalerskiego Orderu Odrodzenia Polski!"},"content":{"rendered":"<p><strong>Za zgod\u0105 autora, mjr. WOP w st. spocz. Kol. Tadeusza Kwi\u0119dacza &#8211; Cz\u0142onka Honorowego Zwi\u0105zku Emeryt\u00f3w i Rencist\u00f3w Stra\u017cy Granicznej &#8211; publikujemy kopi\u0119 jego kolejnego wniosku do Kancelarii Prezydenta RP o podj\u0119cie odpowiednich dzia\u0142a\u0144 maj\u0105cych na celu pozbawienie dezertera b. WOP ze stra\u017cnicy w Rycerce G\u00f3rnej, por. Stanis\u0142awa Kopika ps. &#8222;Zemsta&#8221;, Krzy\u017ca Kawalerskiego Orderu Odrodzenia Polski, nadanego mu po\u015bmiertnie w dniu 25.10.2013 r. i przekazanego rodzinie w dniu 10.11.2022 roku podczas uroczystego pa\u0144stwowego pogrzebu odnalezionych przez IPN szcz\u0105tk\u00f3w. <\/strong><!--more--><\/p>\n<p><strong>Wymieniony w roku 1946 zdezerterowa\u0142 ze stra\u017cnicy przed gro\u017c\u0105cym mu aresztowaniem za przest\u0119pstwa kryminalne, przyst\u0105pi\u0142 do struktur partyzanckich Narodowych Si\u0142 Zbrojnych dzia\u0142aj\u0105cych na tamtejszym terenie i ws\u0142awi\u0142 si\u0119 czynami bandyckimi m. in.\u00a0 zamordowaniem w dniu 10.02.1947 r. w zasadzce dow\u00f3dcy stra\u017cnicy WOP w Rycerce G\u00f3rnej, kpt. Zbigniewa Plew\u0119 i dw\u00f3ch \u017co\u0142nierzy stra\u017cnicy, st. szer. Stanis\u0142awa Kozio\u0142a i szer. Stanis\u0142awa Dud\u0119. Pope\u0142ni\u0142 te\u017c wiele innych przest\u0119pstw, zanim zosta\u0142 zatrzymany w roku 1948 w Warszawie (podczas przes\u0142ucha\u0144 pope\u0142ni\u0142 samob\u00f3jstwo wyskakuj\u0105c przez okno).\u00a0 Dzia\u0142ania konspiracyjne i bandyckie Stanis\u0142awa Kopika zosta\u0142y uznane w ostatnich latach przez niekt\u00f3rych historyk\u00f3w IPN\u00a0 za dzia\u0142ania chwalebne na rzecz Polski niepodleg\u0142ej po II wojnie \u015bwiatowej i zosta\u0142y uhonorowane nadaniem Stanis\u0142awowi Kopikowi wskazanego\u00a0 wy\u017cej Krzy\u017ca Kawalerskiego Orderu Odrodzenia Polski, co skutkowa\u0142o zaliczaniem go jako bohatera w poczet \u017bo\u0142nierzy\u00a0 Wykl\u0119tych.\u00a0\u00a0<\/strong><\/p>\n<p><strong>Kol. mjr Tadeusz Kwi\u0119dacz w swojej ksi\u0105\u017cce wydanej w roku 2023 pt. &#8222;Prawda na granicy. Inna historia Zbigniew Plewy i Stanis\u0142awa Kopika&#8221;, udowodni\u0142 w oparciu o wiele materia\u0142\u00f3w archiwalnych (prawdopodobnie pomini\u0119tych przez historyk\u00f3w IPN), \u017ce por. Stanis\u0142aw Kopik by\u0142 zwyk\u0142ym bandyt\u0105 i nie zas\u0142ugiwa\u0142 w \u017cadnym wypadku na uhonorowanie go tak wa\u017cnym odznaczeniem. St\u0105d wnioski mjr. T. Kwi\u0119dacza do\u00a0 Kancelarii Prezydenta RP o pozbawienie Stanis\u0142awa Kopika\u00a0 przyznanego mu odznaczenia. Ksi\u0105\u017cka naszego Kolegi zosta\u0142a uznana przez \u015brodowisko pogranicznik\u00f3w, i nie tylko, za niezwykle interesuj\u0105c\u0105\u00a0 prac\u0119 badawcz\u0105 o walorach historycznych, na kt\u00f3r\u0105 IPN do tej pory nie odpowiedzia\u0142 w spos\u00f3b merytoryczny. Uprzejmie informujemy, \u017ce ksi\u0105\u017cka ta jest nadal dost\u0119pna za darmo u jej autora po skontaktowaniu si\u0119 z Prezesem ZEiRSG Kol. S\u0142awomirem Matusewiczem.<\/strong><\/p>\n<p><strong>Rzecznik ZEiRSG Jerzy Jankowski\u00a0 \u00a0<\/strong><\/p>\n<p><a href=\"https:\/\/www.emeryci-sg.org.pl\/wp\/wp-content\/uploads\/2024\/10\/711c928c357c4a62b9df1037e481f9d1sliv1EcTembnD5B0-0-\u2014-kopia.jpg\"><img loading=\"lazy\" decoding=\"async\" class=\"alignnone size-full wp-image-18004\" src=\"https:\/\/www.emeryci-sg.org.pl\/wp\/wp-content\/uploads\/2024\/10\/711c928c357c4a62b9df1037e481f9d1sliv1EcTembnD5B0-0-\u2014-kopia.jpg\" alt=\"\" width=\"1700\" height=\"2338\" srcset=\"https:\/\/www.emeryci-sg.org.pl\/wp\/wp-content\/uploads\/2024\/10\/711c928c357c4a62b9df1037e481f9d1sliv1EcTembnD5B0-0-\u2014-kopia.jpg 1700w, https:\/\/www.emeryci-sg.org.pl\/wp\/wp-content\/uploads\/2024\/10\/711c928c357c4a62b9df1037e481f9d1sliv1EcTembnD5B0-0-\u2014-kopia-218x300.jpg 218w, https:\/\/www.emeryci-sg.org.pl\/wp\/wp-content\/uploads\/2024\/10\/711c928c357c4a62b9df1037e481f9d1sliv1EcTembnD5B0-0-\u2014-kopia-745x1024.jpg 745w, https:\/\/www.emeryci-sg.org.pl\/wp\/wp-content\/uploads\/2024\/10\/711c928c357c4a62b9df1037e481f9d1sliv1EcTembnD5B0-0-\u2014-kopia-768x1056.jpg 768w, https:\/\/www.emeryci-sg.org.pl\/wp\/wp-content\/uploads\/2024\/10\/711c928c357c4a62b9df1037e481f9d1sliv1EcTembnD5B0-0-\u2014-kopia-1117x1536.jpg 1117w, https:\/\/www.emeryci-sg.org.pl\/wp\/wp-content\/uploads\/2024\/10\/711c928c357c4a62b9df1037e481f9d1sliv1EcTembnD5B0-0-\u2014-kopia-1489x2048.jpg 1489w, https:\/\/www.emeryci-sg.org.pl\/wp\/wp-content\/uploads\/2024\/10\/711c928c357c4a62b9df1037e481f9d1sliv1EcTembnD5B0-0-\u2014-kopia-555x763.jpg 555w\" sizes=\"auto, (max-width: 1700px) 100vw, 1700px\" \/><\/a><\/p>\n<p><a href=\"https:\/\/www.emeryci-sg.org.pl\/wp\/wp-content\/uploads\/2024\/10\/711c928c357c4a62b9df1037e481f9d1sliv1EcTembnD5B0-1.jpg\"><img loading=\"lazy\" decoding=\"async\" class=\"alignnone size-full wp-image-18005\" src=\"https:\/\/www.emeryci-sg.org.pl\/wp\/wp-content\/uploads\/2024\/10\/711c928c357c4a62b9df1037e481f9d1sliv1EcTembnD5B0-1.jpg\" alt=\"\" width=\"1700\" height=\"2338\" srcset=\"https:\/\/www.emeryci-sg.org.pl\/wp\/wp-content\/uploads\/2024\/10\/711c928c357c4a62b9df1037e481f9d1sliv1EcTembnD5B0-1.jpg 1700w, https:\/\/www.emeryci-sg.org.pl\/wp\/wp-content\/uploads\/2024\/10\/711c928c357c4a62b9df1037e481f9d1sliv1EcTembnD5B0-1-218x300.jpg 218w, https:\/\/www.emeryci-sg.org.pl\/wp\/wp-content\/uploads\/2024\/10\/711c928c357c4a62b9df1037e481f9d1sliv1EcTembnD5B0-1-745x1024.jpg 745w, https:\/\/www.emeryci-sg.org.pl\/wp\/wp-content\/uploads\/2024\/10\/711c928c357c4a62b9df1037e481f9d1sliv1EcTembnD5B0-1-768x1056.jpg 768w, https:\/\/www.emeryci-sg.org.pl\/wp\/wp-content\/uploads\/2024\/10\/711c928c357c4a62b9df1037e481f9d1sliv1EcTembnD5B0-1-1117x1536.jpg 1117w, https:\/\/www.emeryci-sg.org.pl\/wp\/wp-content\/uploads\/2024\/10\/711c928c357c4a62b9df1037e481f9d1sliv1EcTembnD5B0-1-1489x2048.jpg 1489w, https:\/\/www.emeryci-sg.org.pl\/wp\/wp-content\/uploads\/2024\/10\/711c928c357c4a62b9df1037e481f9d1sliv1EcTembnD5B0-1-555x763.jpg 555w\" sizes=\"auto, (max-width: 1700px) 100vw, 1700px\" \/><\/a><\/p>\n<p><a href=\"https:\/\/www.emeryci-sg.org.pl\/wp\/wp-content\/uploads\/2024\/10\/711c928c357c4a62b9df1037e481f9d1sliv1EcTembnD5B0-2.jpg\"><img loading=\"lazy\" decoding=\"async\" class=\"alignnone size-full wp-image-18006\" src=\"https:\/\/www.emeryci-sg.org.pl\/wp\/wp-content\/uploads\/2024\/10\/711c928c357c4a62b9df1037e481f9d1sliv1EcTembnD5B0-2.jpg\" alt=\"\" width=\"1700\" height=\"2338\" srcset=\"https:\/\/www.emeryci-sg.org.pl\/wp\/wp-content\/uploads\/2024\/10\/711c928c357c4a62b9df1037e481f9d1sliv1EcTembnD5B0-2.jpg 1700w, https:\/\/www.emeryci-sg.org.pl\/wp\/wp-content\/uploads\/2024\/10\/711c928c357c4a62b9df1037e481f9d1sliv1EcTembnD5B0-2-218x300.jpg 218w, https:\/\/www.emeryci-sg.org.pl\/wp\/wp-content\/uploads\/2024\/10\/711c928c357c4a62b9df1037e481f9d1sliv1EcTembnD5B0-2-745x1024.jpg 745w, https:\/\/www.emeryci-sg.org.pl\/wp\/wp-content\/uploads\/2024\/10\/711c928c357c4a62b9df1037e481f9d1sliv1EcTembnD5B0-2-768x1056.jpg 768w, https:\/\/www.emeryci-sg.org.pl\/wp\/wp-content\/uploads\/2024\/10\/711c928c357c4a62b9df1037e481f9d1sliv1EcTembnD5B0-2-1117x1536.jpg 1117w, https:\/\/www.emeryci-sg.org.pl\/wp\/wp-content\/uploads\/2024\/10\/711c928c357c4a62b9df1037e481f9d1sliv1EcTembnD5B0-2-1489x2048.jpg 1489w, https:\/\/www.emeryci-sg.org.pl\/wp\/wp-content\/uploads\/2024\/10\/711c928c357c4a62b9df1037e481f9d1sliv1EcTembnD5B0-2-555x763.jpg 555w\" sizes=\"auto, (max-width: 1700px) 100vw, 1700px\" \/><\/a><\/p>\n","protected":false},"excerpt":{"rendered":"<p>Za zgod\u0105 autora, mjr. WOP w st. spocz. Kol. Tadeusza Kwi\u0119dacza &#8211; Cz\u0142onka Honorowego Zwi\u0105zku Emeryt\u00f3w i Rencist\u00f3w Stra\u017cy Granicznej &#8211; publikujemy kopi\u0119 jego kolejnego wniosku do Kancelarii Prezydenta RP o podj\u0119cie odpowiednich dzia\u0142a\u0144 maj\u0105cych na celu pozbawienie dezertera b. WOP ze stra\u017cnicy w Rycerce G\u00f3rnej, por. Stanis\u0142awa Kopika ps. &#8222;Zemsta&#8221;, Krzy\u017ca Kawalerskiego Orderu Odrodzenia &hellip; <\/p>\n<p><a class=\"more-link btn\" href=\"https:\/\/www.emeryci-sg.org.pl\/wp\/wniosek-mjr-wop-w-st-spocz-tadeusza-kwiedacza-o-pozbawienie-dezertera-b-wop-stanislawa-kopika-krzyza-kawalerskiego-orderu-odrodzenia-polski\/\">Czytaj dalej<\/a><\/p>\n","protected":false},"author":2,"featured_media":18013,"comment_status":"closed","ping_status":"closed","sticky":false,"template":"","format":"standard","meta":{"footnotes":""},"categories":[39,6,38,7,8,37,42,13,9,10,11,57,12,36,40,58,14,5],"tags":[],"class_list":["post-18003","post","type-post","status-publish","format-standard","has-post-thumbnail","hentry","category-region-chojna","category-region-cieszyn","category-region-gdansk","category-region-glubczyce","category-region-hrubieszow","category-region-ketrzyn","category-region-kolobrzeg","category-region-koszalin","category-region-krakow-balice","category-region-luban","category-region-nowy-sacz","category-region-raciborz","category-region-slubice","category-region-swinoujscie","category-region-szczecin","category-region-kostrzyn-n-odra","category-zarzad-glowny","category-zeirsg","nodate","item-wrap"],"_links":{"self":[{"href":"https:\/\/www.emeryci-sg.org.pl\/wp\/wp-json\/wp\/v2\/posts\/18003","targetHints":{"allow":["GET"]}}],"collection":[{"href":"https:\/\/www.emeryci-sg.org.pl\/wp\/wp-json\/wp\/v2\/posts"}],"about":[{"href":"https:\/\/www.emeryci-sg.org.pl\/wp\/wp-json\/wp\/v2\/types\/post"}],"author":[{"embeddable":true,"href":"https:\/\/www.emeryci-sg.org.pl\/wp\/wp-json\/wp\/v2\/users\/2"}],"replies":[{"embeddable":true,"href":"https:\/\/www.emeryci-sg.org.pl\/wp\/wp-json\/wp\/v2\/comments?post=18003"}],"version-history":[{"count":7,"href":"https:\/\/www.emeryci-sg.org.pl\/wp\/wp-json\/wp\/v2\/posts\/18003\/revisions"}],"predecessor-version":[{"id":18102,"href":"https:\/\/www.emeryci-sg.org.pl\/wp\/wp-json\/wp\/v2\/posts\/18003\/revisions\/18102"}],"wp:featuredmedia":[{"embeddable":true,"href":"https:\/\/www.emeryci-sg.org.pl\/wp\/wp-json\/wp\/v2\/media\/18013"}],"wp:attachment":[{"href":"https:\/\/www.emeryci-sg.org.pl\/wp\/wp-json\/wp\/v2\/media?parent=18003"}],"wp:term":[{"taxonomy":"category","embeddable":true,"href":"https:\/\/www.emeryci-sg.org.pl\/wp\/wp-json\/wp\/v2\/categories?post=18003"},{"taxonomy":"post_tag","embeddable":true,"href":"https:\/\/www.emeryci-sg.org.pl\/wp\/wp-json\/wp\/v2\/tags?post=18003"}],"curies":[{"name":"wp","href":"https:\/\/api.w.org\/{rel}","templated":true}]}}