{"id":18142,"date":"2024-11-08T17:49:09","date_gmt":"2024-11-08T16:49:09","guid":{"rendered":"https:\/\/www.emeryci-sg.org.pl\/wp\/?p=18142"},"modified":"2024-12-01T16:24:13","modified_gmt":"2024-12-01T15:24:13","slug":"godne-pozegnanie-sp-st-chor-wop-sg-w-st-spocz-bronislawa-cykowskiego","status":"publish","type":"post","link":"https:\/\/www.emeryci-sg.org.pl\/wp\/godne-pozegnanie-sp-st-chor-wop-sg-w-st-spocz-bronislawa-cykowskiego\/","title":{"rendered":"Godne po\u017cegnanie \u015bp. st. chor. WOP\/SG w st. spocz. Bronis\u0142awa Cykowskiego."},"content":{"rendered":"<div class=\"xdj266r x11i5rnm xat24cr x1mh8g0r x1vvkbs x126k92a\">\n<div dir=\"auto\">W dniu 7 listopada 2024 r. odby\u0142o si\u0119 ostatnie po\u017cegnanie \u017co\u0142nierza WOP i funkcjonariusza SG &#8211; \u015bp. st. chor.\u00a0 Bronis\u0142awa Cykowskiego. W uroczysto\u015bci pogrzebowej uczestniczy\u0142 poczet sztandarowy \u015al\u0105skiego Oddzia\u0142u Stra\u017cy Granicznej, mieszka\u0144cy Gminy Gorzyce, koledzy i kole\u017canki ze wsp\u00f3lnej s\u0142u\u017cby w ochronie granicy pa\u0144stwowej, emeryci b. WOP i SG.<\/div>\n<\/div>\n<p><!--more--><\/p>\n<div class=\"x11i5rnm xat24cr x1mh8g0r x1vvkbs xtlvy1s x126k92a\">\n<div dir=\"auto\">Msza pogrzebowa odby\u0142a si\u0119 w Sanktuarium Matki Bo\u017cej Fatimskiej w Turzy \u015al\u0105skiej. Prowadzili j\u0105 ks. dr Wies\u0142aw Hudek &#8211; proboszcz parafii i ks. por. SG Artur Suska &#8211; kapelan \u015al\u0105skiego Oddzia\u0142u Stra\u017cy Granicznej w Raciborzu. Podczas uroczysto\u015bci ks. por. SG Artur Suska odczyta\u0142 r\u00f3wnie\u017c list kondolencyjny od gen. bryg. SG Andrzeja Jakubaszka &#8211; Komendanta \u015al\u0105skiego Oddzia\u0142u Stra\u017cy Granicznej.<\/div>\n<div dir=\"auto\">By\u0142o to godne ostatnie po\u017cegnanie \u017co\u0142nierza i funkcjonariusza zas\u0142u\u017conego w ochronie granicy, za co jako Zwi\u0105zek Emeryt\u00f3w i Rencist\u00f3w Stra\u017cy Granicznej wyra\u017camy szacunek i podzi\u0119kowanie dla Komendy Oddzia\u0142u.<\/div>\n<\/div>\n<div class=\"x11i5rnm xat24cr x1mh8g0r x1vvkbs xtlvy1s x126k92a\">\n<div dir=\"auto\">S\u0142awomir Matusewicz<\/div>\n<div dir=\"auto\">prezes ZEiRSG<\/div>\n<\/div>\n<div dir=\"auto\"><\/div>\n<div dir=\"auto\">\n\n\t\t<style>\n\t\t\t#gallery-1 {\n\t\t\t\tmargin: auto;\n\t\t\t}\n\t\t\t#gallery-1 .gallery-item {\n\t\t\t\tfloat: left;\n\t\t\t\tmargin-top: 10px;\n\t\t\t\ttext-align: center;\n\t\t\t\twidth: 33%;\n\t\t\t}\n\t\t\t#gallery-1 img {\n\t\t\t\tborder: 2px solid #cfcfcf;\n\t\t\t}\n\t\t\t#gallery-1 .gallery-caption {\n\t\t\t\tmargin-left: 0;\n\t\t\t}\n\t\t\t\/* see gallery_shortcode() in wp-includes\/media.php *\/\n\t\t<\/style>\n\t\t<div data-carousel-extra='{\"blog_id\":1,\"permalink\":\"https:\\\/\\\/www.emeryci-sg.org.pl\\\/wp\\\/godne-pozegnanie-sp-st-chor-wop-sg-w-st-spocz-bronislawa-cykowskiego\\\/\"}' id='gallery-1' class='gallery galleryid-18142 gallery-columns-3 gallery-size-thumbnail'><dl class='gallery-item'>\n\t\t\t<dt class='gallery-icon portrait'>\n\t\t\t\t<a href='https:\/\/www.emeryci-sg.org.pl\/wp\/godne-pozegnanie-sp-st-chor-wop-sg-w-st-spocz-bronislawa-cykowskiego\/465734378_875684988012872_4896168447003948242_n\/'><img loading=\"lazy\" decoding=\"async\" data-attachment-id=\"18145\" data-orig-file=\"https:\/\/www.emeryci-sg.org.pl\/wp\/wp-content\/uploads\/2024\/11\/465734378_875684988012872_4896168447003948242_n.jpg\" data-orig-size=\"1536,2048\" data-comments-opened=\"0\" data-image-meta=\"{&quot;aperture&quot;:&quot;0&quot;,&quot;credit&quot;:&quot;&quot;,&quot;camera&quot;:&quot;&quot;,&quot;caption&quot;:&quot;&quot;,&quot;created_timestamp&quot;:&quot;0&quot;,&quot;copyright&quot;:&quot;&quot;,&quot;focal_length&quot;:&quot;0&quot;,&quot;iso&quot;:&quot;0&quot;,&quot;shutter_speed&quot;:&quot;0&quot;,&quot;title&quot;:&quot;&quot;,&quot;orientation&quot;:&quot;0&quot;,&quot;keywords&quot;:&quot;Array&quot;}\" data-image-title=\"465734378_875684988012872_4896168447003948242_n\" data-image-description=\"\" data-medium-file=\"https:\/\/www.emeryci-sg.org.pl\/wp\/wp-content\/uploads\/2024\/11\/465734378_875684988012872_4896168447003948242_n-225x300.jpg\" data-large-file=\"https:\/\/www.emeryci-sg.org.pl\/wp\/wp-content\/uploads\/2024\/11\/465734378_875684988012872_4896168447003948242_n-768x1024.jpg\" width=\"150\" height=\"150\" src=\"https:\/\/www.emeryci-sg.org.pl\/wp\/wp-content\/uploads\/2024\/11\/465734378_875684988012872_4896168447003948242_n-150x150.jpg\" class=\"attachment-thumbnail size-thumbnail\" alt=\"\" \/><\/a>\n\t\t\t<\/dt><\/dl><dl class='gallery-item'>\n\t\t\t<dt class='gallery-icon portrait'>\n\t\t\t\t<a href='https:\/\/www.emeryci-sg.org.pl\/wp\/godne-pozegnanie-sp-st-chor-wop-sg-w-st-spocz-bronislawa-cykowskiego\/465697656_875684971346207_948186125531253699_n\/'><img loading=\"lazy\" decoding=\"async\" data-attachment-id=\"18144\" data-orig-file=\"https:\/\/www.emeryci-sg.org.pl\/wp\/wp-content\/uploads\/2024\/11\/465697656_875684971346207_948186125531253699_n.jpg\" data-orig-size=\"1365,2048\" data-comments-opened=\"0\" data-image-meta=\"{&quot;aperture&quot;:&quot;0&quot;,&quot;credit&quot;:&quot;&quot;,&quot;camera&quot;:&quot;&quot;,&quot;caption&quot;:&quot;&quot;,&quot;created_timestamp&quot;:&quot;0&quot;,&quot;copyright&quot;:&quot;&quot;,&quot;focal_length&quot;:&quot;0&quot;,&quot;iso&quot;:&quot;0&quot;,&quot;shutter_speed&quot;:&quot;0&quot;,&quot;title&quot;:&quot;&quot;,&quot;orientation&quot;:&quot;0&quot;,&quot;keywords&quot;:&quot;Array&quot;}\" data-image-title=\"465697656_875684971346207_948186125531253699_n\" data-image-description=\"\" data-medium-file=\"https:\/\/www.emeryci-sg.org.pl\/wp\/wp-content\/uploads\/2024\/11\/465697656_875684971346207_948186125531253699_n-200x300.jpg\" data-large-file=\"https:\/\/www.emeryci-sg.org.pl\/wp\/wp-content\/uploads\/2024\/11\/465697656_875684971346207_948186125531253699_n-683x1024.jpg\" width=\"150\" height=\"150\" src=\"https:\/\/www.emeryci-sg.org.pl\/wp\/wp-content\/uploads\/2024\/11\/465697656_875684971346207_948186125531253699_n-150x150.jpg\" class=\"attachment-thumbnail size-thumbnail\" alt=\"\" \/><\/a>\n\t\t\t<\/dt><\/dl><dl class='gallery-item'>\n\t\t\t<dt class='gallery-icon portrait'>\n\t\t\t\t<a href='https:\/\/www.emeryci-sg.org.pl\/wp\/godne-pozegnanie-sp-st-chor-wop-sg-w-st-spocz-bronislawa-cykowskiego\/465579642_875684964679541_3882906384515323577_n\/'><img loading=\"lazy\" decoding=\"async\" data-attachment-id=\"18143\" data-orig-file=\"https:\/\/www.emeryci-sg.org.pl\/wp\/wp-content\/uploads\/2024\/11\/465579642_875684964679541_3882906384515323577_n.jpg\" data-orig-size=\"1145,2048\" data-comments-opened=\"0\" data-image-meta=\"{&quot;aperture&quot;:&quot;0&quot;,&quot;credit&quot;:&quot;&quot;,&quot;camera&quot;:&quot;&quot;,&quot;caption&quot;:&quot;&quot;,&quot;created_timestamp&quot;:&quot;0&quot;,&quot;copyright&quot;:&quot;&quot;,&quot;focal_length&quot;:&quot;0&quot;,&quot;iso&quot;:&quot;0&quot;,&quot;shutter_speed&quot;:&quot;0&quot;,&quot;title&quot;:&quot;&quot;,&quot;orientation&quot;:&quot;0&quot;,&quot;keywords&quot;:&quot;Array&quot;}\" data-image-title=\"465579642_875684964679541_3882906384515323577_n\" data-image-description=\"\" data-medium-file=\"https:\/\/www.emeryci-sg.org.pl\/wp\/wp-content\/uploads\/2024\/11\/465579642_875684964679541_3882906384515323577_n-168x300.jpg\" data-large-file=\"https:\/\/www.emeryci-sg.org.pl\/wp\/wp-content\/uploads\/2024\/11\/465579642_875684964679541_3882906384515323577_n-573x1024.jpg\" width=\"150\" height=\"150\" src=\"https:\/\/www.emeryci-sg.org.pl\/wp\/wp-content\/uploads\/2024\/11\/465579642_875684964679541_3882906384515323577_n-150x150.jpg\" class=\"attachment-thumbnail size-thumbnail\" alt=\"\" \/><\/a>\n\t\t\t<\/dt><\/dl><br style=\"clear: both\" \/>\n\t\t<\/div>\n\n<\/div>\n","protected":false},"excerpt":{"rendered":"<p>W dniu 7 listopada 2024 r. odby\u0142o si\u0119 ostatnie po\u017cegnanie \u017co\u0142nierza WOP i funkcjonariusza SG &#8211; \u015bp. st. chor.\u00a0 Bronis\u0142awa Cykowskiego. W uroczysto\u015bci pogrzebowej uczestniczy\u0142 poczet sztandarowy \u015al\u0105skiego Oddzia\u0142u Stra\u017cy Granicznej, mieszka\u0144cy Gminy Gorzyce, koledzy i kole\u017canki ze wsp\u00f3lnej s\u0142u\u017cby w ochronie granicy pa\u0144stwowej, emeryci b. WOP i SG.<\/p><p><a class=\"more-link btn\" href=\"https:\/\/www.emeryci-sg.org.pl\/wp\/godne-pozegnanie-sp-st-chor-wop-sg-w-st-spocz-bronislawa-cykowskiego\/\">Czytaj dalej<\/a><\/p>\n","protected":false},"author":2,"featured_media":18147,"comment_status":"closed","ping_status":"closed","sticky":false,"template":"","format":"standard","meta":{"footnotes":""},"categories":[57],"tags":[],"class_list":["post-18142","post","type-post","status-publish","format-standard","has-post-thumbnail","hentry","category-region-raciborz","nodate","item-wrap"],"_links":{"self":[{"href":"https:\/\/www.emeryci-sg.org.pl\/wp\/wp-json\/wp\/v2\/posts\/18142","targetHints":{"allow":["GET"]}}],"collection":[{"href":"https:\/\/www.emeryci-sg.org.pl\/wp\/wp-json\/wp\/v2\/posts"}],"about":[{"href":"https:\/\/www.emeryci-sg.org.pl\/wp\/wp-json\/wp\/v2\/types\/post"}],"author":[{"embeddable":true,"href":"https:\/\/www.emeryci-sg.org.pl\/wp\/wp-json\/wp\/v2\/users\/2"}],"replies":[{"embeddable":true,"href":"https:\/\/www.emeryci-sg.org.pl\/wp\/wp-json\/wp\/v2\/comments?post=18142"}],"version-history":[{"count":3,"href":"https:\/\/www.emeryci-sg.org.pl\/wp\/wp-json\/wp\/v2\/posts\/18142\/revisions"}],"predecessor-version":[{"id":18212,"href":"https:\/\/www.emeryci-sg.org.pl\/wp\/wp-json\/wp\/v2\/posts\/18142\/revisions\/18212"}],"wp:featuredmedia":[{"embeddable":true,"href":"https:\/\/www.emeryci-sg.org.pl\/wp\/wp-json\/wp\/v2\/media\/18147"}],"wp:attachment":[{"href":"https:\/\/www.emeryci-sg.org.pl\/wp\/wp-json\/wp\/v2\/media?parent=18142"}],"wp:term":[{"taxonomy":"category","embeddable":true,"href":"https:\/\/www.emeryci-sg.org.pl\/wp\/wp-json\/wp\/v2\/categories?post=18142"},{"taxonomy":"post_tag","embeddable":true,"href":"https:\/\/www.emeryci-sg.org.pl\/wp\/wp-json\/wp\/v2\/tags?post=18142"}],"curies":[{"name":"wp","href":"https:\/\/api.w.org\/{rel}","templated":true}]}}