{"id":18184,"date":"2024-11-11T20:55:13","date_gmt":"2024-11-11T19:55:13","guid":{"rendered":"https:\/\/www.emeryci-sg.org.pl\/wp\/?p=18184"},"modified":"2024-12-01T16:27:59","modified_gmt":"2024-12-01T15:27:59","slug":"swietujmy-razem-106-rocznice-odzyskania-niepodleglosci","status":"publish","type":"post","link":"https:\/\/www.emeryci-sg.org.pl\/wp\/swietujmy-razem-106-rocznice-odzyskania-niepodleglosci\/","title":{"rendered":"\u015awi\u0119tujmy razem 106. rocznic\u0119 odzyskania Niepodleg\u0142o\u015bci!"},"content":{"rendered":"<div class=\"xdj266r x11i5rnm xat24cr x1mh8g0r x1vvkbs x126k92a\">\n<div dir=\"auto\">W dniu 11 listopada 2024 r. w Rycerce G\u00f3rnej Kolonii odby\u0142o si\u0119 spotkanie by\u0142ych \u017co\u0142nierzy Wojsk Ochrony Pogranicza i funkcjonariuszy Stra\u017cy Granicznej, aby uczci\u0107 106. rocznic\u0119 odzyskania Niepodleg\u0142o\u015bci przez Polsk\u0119. Wydarzenie mia\u0142o miejsce przy pomniku upami\u0119tniaj\u0105cym \u201e\u017bo\u0142nierzy, Funkcjonariuszy i Pracownik\u00f3w Polskich Formacji Granicznych, kt\u00f3rzy od 1918 r. strzegli i bronili granic Polski\u201d.<\/div>\n<\/div>\n<p><!--more--><\/p>\n<div class=\"x11i5rnm xat24cr x1mh8g0r x1vvkbs xtlvy1s x126k92a\">\n<div dir=\"auto\">Spotkanie by\u0142o okazj\u0105 do podzielenia si\u0119 wspomnieniami z okresu s\u0142u\u017cby granicznej, a tak\u017ce do om\u00f3wienia aspekt\u00f3w zwi\u0105zanych z konieczno\u015bci\u0105 odk\u0142amywania historii naszej Ojczyzny, kt\u00f3ra w ostatnich latach by\u0142a przedmiotem licznych manipulacji.<\/div>\n<\/div>\n<div class=\"x11i5rnm xat24cr x1mh8g0r x1vvkbs xtlvy1s x126k92a\">\n<div dir=\"auto\">W za\u0142\u0105czeniu relacja zdj\u0119ciowa z wydarzenia, a tak\u017ce korespondencja dot. pr\u00f3by zmiany fakt\u00f3w historycznych zwi\u0105zanych z tym miejscem pami\u0119ci.<\/div>\n<div dir=\"auto\"><\/div>\n<\/div>\n<div class=\"x11i5rnm xat24cr x1mh8g0r x1vvkbs xtlvy1s x126k92a\">\n<div dir=\"auto\">S\u0142awomir Matusewicz<\/div>\n<div dir=\"auto\">prezes ZEiRSG<\/div>\n<\/div>\n<div dir=\"auto\"><\/div>\n<div dir=\"auto\">\n\n\t\t<style>\n\t\t\t#gallery-1 {\n\t\t\t\tmargin: auto;\n\t\t\t}\n\t\t\t#gallery-1 .gallery-item {\n\t\t\t\tfloat: left;\n\t\t\t\tmargin-top: 10px;\n\t\t\t\ttext-align: center;\n\t\t\t\twidth: 33%;\n\t\t\t}\n\t\t\t#gallery-1 img {\n\t\t\t\tborder: 2px solid #cfcfcf;\n\t\t\t}\n\t\t\t#gallery-1 .gallery-caption {\n\t\t\t\tmargin-left: 0;\n\t\t\t}\n\t\t\t\/* see gallery_shortcode() in wp-includes\/media.php *\/\n\t\t<\/style>\n\t\t<div data-carousel-extra='{\"blog_id\":1,\"permalink\":\"https:\\\/\\\/www.emeryci-sg.org.pl\\\/wp\\\/swietujmy-razem-106-rocznice-odzyskania-niepodleglosci\\\/\"}' id='gallery-1' class='gallery galleryid-18184 gallery-columns-3 gallery-size-thumbnail'><dl class='gallery-item'>\n\t\t\t<dt class='gallery-icon landscape'>\n\t\t\t\t<a href='https:\/\/www.emeryci-sg.org.pl\/wp\/swietujmy-razem-106-rocznice-odzyskania-niepodleglosci\/255912811_6466850963386931_4697197138091653154_n\/'><img loading=\"lazy\" decoding=\"async\" data-attachment-id=\"18196\" data-orig-file=\"https:\/\/www.emeryci-sg.org.pl\/wp\/wp-content\/uploads\/2024\/11\/255912811_6466850963386931_4697197138091653154_n.jpg\" data-orig-size=\"306,165\" data-comments-opened=\"0\" data-image-meta=\"{&quot;aperture&quot;:&quot;0&quot;,&quot;credit&quot;:&quot;&quot;,&quot;camera&quot;:&quot;&quot;,&quot;caption&quot;:&quot;&quot;,&quot;created_timestamp&quot;:&quot;0&quot;,&quot;copyright&quot;:&quot;&quot;,&quot;focal_length&quot;:&quot;0&quot;,&quot;iso&quot;:&quot;0&quot;,&quot;shutter_speed&quot;:&quot;0&quot;,&quot;title&quot;:&quot;&quot;,&quot;orientation&quot;:&quot;0&quot;,&quot;keywords&quot;:&quot;Array&quot;}\" data-image-title=\"255912811_6466850963386931_4697197138091653154_n\" data-image-description=\"\" data-medium-file=\"https:\/\/www.emeryci-sg.org.pl\/wp\/wp-content\/uploads\/2024\/11\/255912811_6466850963386931_4697197138091653154_n-300x162.jpg\" data-large-file=\"https:\/\/www.emeryci-sg.org.pl\/wp\/wp-content\/uploads\/2024\/11\/255912811_6466850963386931_4697197138091653154_n.jpg\" width=\"150\" height=\"150\" src=\"https:\/\/www.emeryci-sg.org.pl\/wp\/wp-content\/uploads\/2024\/11\/255912811_6466850963386931_4697197138091653154_n-150x150.jpg\" class=\"attachment-thumbnail size-thumbnail\" alt=\"\" \/><\/a>\n\t\t\t<\/dt><\/dl><dl class='gallery-item'>\n\t\t\t<dt class='gallery-icon portrait'>\n\t\t\t\t<a href='https:\/\/www.emeryci-sg.org.pl\/wp\/swietujmy-razem-106-rocznice-odzyskania-niepodleglosci\/465861166_878515554396482_4763323180910060082_n\/'><img loading=\"lazy\" decoding=\"async\" data-attachment-id=\"18195\" data-orig-file=\"https:\/\/www.emeryci-sg.org.pl\/wp\/wp-content\/uploads\/2024\/11\/465861166_878515554396482_4763323180910060082_n.jpg\" data-orig-size=\"1536,2048\" data-comments-opened=\"0\" data-image-meta=\"{&quot;aperture&quot;:&quot;0&quot;,&quot;credit&quot;:&quot;&quot;,&quot;camera&quot;:&quot;&quot;,&quot;caption&quot;:&quot;&quot;,&quot;created_timestamp&quot;:&quot;0&quot;,&quot;copyright&quot;:&quot;&quot;,&quot;focal_length&quot;:&quot;0&quot;,&quot;iso&quot;:&quot;0&quot;,&quot;shutter_speed&quot;:&quot;0&quot;,&quot;title&quot;:&quot;&quot;,&quot;orientation&quot;:&quot;0&quot;,&quot;keywords&quot;:&quot;Array&quot;}\" data-image-title=\"465861166_878515554396482_4763323180910060082_n\" data-image-description=\"\" data-medium-file=\"https:\/\/www.emeryci-sg.org.pl\/wp\/wp-content\/uploads\/2024\/11\/465861166_878515554396482_4763323180910060082_n-225x300.jpg\" data-large-file=\"https:\/\/www.emeryci-sg.org.pl\/wp\/wp-content\/uploads\/2024\/11\/465861166_878515554396482_4763323180910060082_n-768x1024.jpg\" width=\"150\" height=\"150\" src=\"https:\/\/www.emeryci-sg.org.pl\/wp\/wp-content\/uploads\/2024\/11\/465861166_878515554396482_4763323180910060082_n-150x150.jpg\" class=\"attachment-thumbnail size-thumbnail\" alt=\"\" \/><\/a>\n\t\t\t<\/dt><\/dl><dl class='gallery-item'>\n\t\t\t<dt class='gallery-icon portrait'>\n\t\t\t\t<a href='https:\/\/www.emeryci-sg.org.pl\/wp\/swietujmy-razem-106-rocznice-odzyskania-niepodleglosci\/465975073_878515557729815_432404147775247985_n\/'><img loading=\"lazy\" decoding=\"async\" data-attachment-id=\"18194\" data-orig-file=\"https:\/\/www.emeryci-sg.org.pl\/wp\/wp-content\/uploads\/2024\/11\/465975073_878515557729815_432404147775247985_n.jpg\" data-orig-size=\"1536,2048\" data-comments-opened=\"0\" data-image-meta=\"{&quot;aperture&quot;:&quot;0&quot;,&quot;credit&quot;:&quot;&quot;,&quot;camera&quot;:&quot;&quot;,&quot;caption&quot;:&quot;&quot;,&quot;created_timestamp&quot;:&quot;0&quot;,&quot;copyright&quot;:&quot;&quot;,&quot;focal_length&quot;:&quot;0&quot;,&quot;iso&quot;:&quot;0&quot;,&quot;shutter_speed&quot;:&quot;0&quot;,&quot;title&quot;:&quot;&quot;,&quot;orientation&quot;:&quot;0&quot;,&quot;keywords&quot;:&quot;Array&quot;}\" data-image-title=\"465975073_878515557729815_432404147775247985_n\" data-image-description=\"\" data-medium-file=\"https:\/\/www.emeryci-sg.org.pl\/wp\/wp-content\/uploads\/2024\/11\/465975073_878515557729815_432404147775247985_n-225x300.jpg\" data-large-file=\"https:\/\/www.emeryci-sg.org.pl\/wp\/wp-content\/uploads\/2024\/11\/465975073_878515557729815_432404147775247985_n-768x1024.jpg\" width=\"150\" height=\"150\" src=\"https:\/\/www.emeryci-sg.org.pl\/wp\/wp-content\/uploads\/2024\/11\/465975073_878515557729815_432404147775247985_n-150x150.jpg\" class=\"attachment-thumbnail size-thumbnail\" alt=\"\" \/><\/a>\n\t\t\t<\/dt><\/dl><br style=\"clear: both\" \/><dl class='gallery-item'>\n\t\t\t<dt class='gallery-icon portrait'>\n\t\t\t\t<a href='https:\/\/www.emeryci-sg.org.pl\/wp\/swietujmy-razem-106-rocznice-odzyskania-niepodleglosci\/466118638_878515504396487_1293243908365617888_n\/'><img loading=\"lazy\" decoding=\"async\" data-attachment-id=\"18193\" data-orig-file=\"https:\/\/www.emeryci-sg.org.pl\/wp\/wp-content\/uploads\/2024\/11\/466118638_878515504396487_1293243908365617888_n.jpg\" data-orig-size=\"1536,2048\" data-comments-opened=\"0\" data-image-meta=\"{&quot;aperture&quot;:&quot;0&quot;,&quot;credit&quot;:&quot;&quot;,&quot;camera&quot;:&quot;&quot;,&quot;caption&quot;:&quot;&quot;,&quot;created_timestamp&quot;:&quot;0&quot;,&quot;copyright&quot;:&quot;&quot;,&quot;focal_length&quot;:&quot;0&quot;,&quot;iso&quot;:&quot;0&quot;,&quot;shutter_speed&quot;:&quot;0&quot;,&quot;title&quot;:&quot;&quot;,&quot;orientation&quot;:&quot;0&quot;,&quot;keywords&quot;:&quot;Array&quot;}\" data-image-title=\"466118638_878515504396487_1293243908365617888_n\" data-image-description=\"\" data-medium-file=\"https:\/\/www.emeryci-sg.org.pl\/wp\/wp-content\/uploads\/2024\/11\/466118638_878515504396487_1293243908365617888_n-225x300.jpg\" data-large-file=\"https:\/\/www.emeryci-sg.org.pl\/wp\/wp-content\/uploads\/2024\/11\/466118638_878515504396487_1293243908365617888_n-768x1024.jpg\" width=\"150\" height=\"150\" src=\"https:\/\/www.emeryci-sg.org.pl\/wp\/wp-content\/uploads\/2024\/11\/466118638_878515504396487_1293243908365617888_n-150x150.jpg\" class=\"attachment-thumbnail size-thumbnail\" alt=\"\" \/><\/a>\n\t\t\t<\/dt><\/dl><dl class='gallery-item'>\n\t\t\t<dt class='gallery-icon portrait'>\n\t\t\t\t<a href='https:\/\/www.emeryci-sg.org.pl\/wp\/swietujmy-razem-106-rocznice-odzyskania-niepodleglosci\/465902139_878515664396471_6285873858801362161_n\/'><img loading=\"lazy\" decoding=\"async\" data-attachment-id=\"18192\" data-orig-file=\"https:\/\/www.emeryci-sg.org.pl\/wp\/wp-content\/uploads\/2024\/11\/465902139_878515664396471_6285873858801362161_n.jpg\" data-orig-size=\"1346,2048\" data-comments-opened=\"0\" data-image-meta=\"{&quot;aperture&quot;:&quot;0&quot;,&quot;credit&quot;:&quot;&quot;,&quot;camera&quot;:&quot;&quot;,&quot;caption&quot;:&quot;&quot;,&quot;created_timestamp&quot;:&quot;0&quot;,&quot;copyright&quot;:&quot;&quot;,&quot;focal_length&quot;:&quot;0&quot;,&quot;iso&quot;:&quot;0&quot;,&quot;shutter_speed&quot;:&quot;0&quot;,&quot;title&quot;:&quot;&quot;,&quot;orientation&quot;:&quot;0&quot;,&quot;keywords&quot;:&quot;Array&quot;}\" data-image-title=\"465902139_878515664396471_6285873858801362161_n\" data-image-description=\"\" data-medium-file=\"https:\/\/www.emeryci-sg.org.pl\/wp\/wp-content\/uploads\/2024\/11\/465902139_878515664396471_6285873858801362161_n-197x300.jpg\" data-large-file=\"https:\/\/www.emeryci-sg.org.pl\/wp\/wp-content\/uploads\/2024\/11\/465902139_878515664396471_6285873858801362161_n-673x1024.jpg\" width=\"150\" height=\"150\" src=\"https:\/\/www.emeryci-sg.org.pl\/wp\/wp-content\/uploads\/2024\/11\/465902139_878515664396471_6285873858801362161_n-150x150.jpg\" class=\"attachment-thumbnail size-thumbnail\" alt=\"\" \/><\/a>\n\t\t\t<\/dt><\/dl><dl class='gallery-item'>\n\t\t\t<dt class='gallery-icon portrait'>\n\t\t\t\t<a href='https:\/\/www.emeryci-sg.org.pl\/wp\/swietujmy-razem-106-rocznice-odzyskania-niepodleglosci\/466409115_878515731063131_4063165921158777680_n\/'><img loading=\"lazy\" decoding=\"async\" data-attachment-id=\"18191\" data-orig-file=\"https:\/\/www.emeryci-sg.org.pl\/wp\/wp-content\/uploads\/2024\/11\/466409115_878515731063131_4063165921158777680_n.jpg\" data-orig-size=\"1536,2048\" data-comments-opened=\"0\" data-image-meta=\"{&quot;aperture&quot;:&quot;0&quot;,&quot;credit&quot;:&quot;&quot;,&quot;camera&quot;:&quot;&quot;,&quot;caption&quot;:&quot;&quot;,&quot;created_timestamp&quot;:&quot;0&quot;,&quot;copyright&quot;:&quot;&quot;,&quot;focal_length&quot;:&quot;0&quot;,&quot;iso&quot;:&quot;0&quot;,&quot;shutter_speed&quot;:&quot;0&quot;,&quot;title&quot;:&quot;&quot;,&quot;orientation&quot;:&quot;0&quot;,&quot;keywords&quot;:&quot;Array&quot;}\" data-image-title=\"466409115_878515731063131_4063165921158777680_n\" data-image-description=\"\" data-medium-file=\"https:\/\/www.emeryci-sg.org.pl\/wp\/wp-content\/uploads\/2024\/11\/466409115_878515731063131_4063165921158777680_n-225x300.jpg\" data-large-file=\"https:\/\/www.emeryci-sg.org.pl\/wp\/wp-content\/uploads\/2024\/11\/466409115_878515731063131_4063165921158777680_n-768x1024.jpg\" width=\"150\" height=\"150\" src=\"https:\/\/www.emeryci-sg.org.pl\/wp\/wp-content\/uploads\/2024\/11\/466409115_878515731063131_4063165921158777680_n-150x150.jpg\" class=\"attachment-thumbnail size-thumbnail\" alt=\"\" \/><\/a>\n\t\t\t<\/dt><\/dl><br style=\"clear: both\" \/><dl class='gallery-item'>\n\t\t\t<dt class='gallery-icon portrait'>\n\t\t\t\t<a href='https:\/\/www.emeryci-sg.org.pl\/wp\/swietujmy-razem-106-rocznice-odzyskania-niepodleglosci\/465974218_878515707729800_8428778676309462187_n\/'><img loading=\"lazy\" decoding=\"async\" data-attachment-id=\"18190\" data-orig-file=\"https:\/\/www.emeryci-sg.org.pl\/wp\/wp-content\/uploads\/2024\/11\/465974218_878515707729800_8428778676309462187_n.jpg\" data-orig-size=\"1342,2048\" data-comments-opened=\"0\" data-image-meta=\"{&quot;aperture&quot;:&quot;0&quot;,&quot;credit&quot;:&quot;&quot;,&quot;camera&quot;:&quot;&quot;,&quot;caption&quot;:&quot;&quot;,&quot;created_timestamp&quot;:&quot;0&quot;,&quot;copyright&quot;:&quot;&quot;,&quot;focal_length&quot;:&quot;0&quot;,&quot;iso&quot;:&quot;0&quot;,&quot;shutter_speed&quot;:&quot;0&quot;,&quot;title&quot;:&quot;&quot;,&quot;orientation&quot;:&quot;0&quot;,&quot;keywords&quot;:&quot;Array&quot;}\" data-image-title=\"465974218_878515707729800_8428778676309462187_n\" data-image-description=\"\" data-medium-file=\"https:\/\/www.emeryci-sg.org.pl\/wp\/wp-content\/uploads\/2024\/11\/465974218_878515707729800_8428778676309462187_n-197x300.jpg\" data-large-file=\"https:\/\/www.emeryci-sg.org.pl\/wp\/wp-content\/uploads\/2024\/11\/465974218_878515707729800_8428778676309462187_n-671x1024.jpg\" width=\"150\" height=\"150\" src=\"https:\/\/www.emeryci-sg.org.pl\/wp\/wp-content\/uploads\/2024\/11\/465974218_878515707729800_8428778676309462187_n-150x150.jpg\" class=\"attachment-thumbnail size-thumbnail\" alt=\"\" \/><\/a>\n\t\t\t<\/dt><\/dl><dl class='gallery-item'>\n\t\t\t<dt class='gallery-icon portrait'>\n\t\t\t\t<a href='https:\/\/www.emeryci-sg.org.pl\/wp\/swietujmy-razem-106-rocznice-odzyskania-niepodleglosci\/466088791_878515387729832_509707890052754419_n\/'><img loading=\"lazy\" decoding=\"async\" data-attachment-id=\"18189\" data-orig-file=\"https:\/\/www.emeryci-sg.org.pl\/wp\/wp-content\/uploads\/2024\/11\/466088791_878515387729832_509707890052754419_n.jpg\" data-orig-size=\"1448,2048\" data-comments-opened=\"0\" data-image-meta=\"{&quot;aperture&quot;:&quot;0&quot;,&quot;credit&quot;:&quot;&quot;,&quot;camera&quot;:&quot;&quot;,&quot;caption&quot;:&quot;&quot;,&quot;created_timestamp&quot;:&quot;0&quot;,&quot;copyright&quot;:&quot;&quot;,&quot;focal_length&quot;:&quot;0&quot;,&quot;iso&quot;:&quot;0&quot;,&quot;shutter_speed&quot;:&quot;0&quot;,&quot;title&quot;:&quot;&quot;,&quot;orientation&quot;:&quot;0&quot;,&quot;keywords&quot;:&quot;Array&quot;}\" data-image-title=\"466088791_878515387729832_509707890052754419_n\" data-image-description=\"\" data-medium-file=\"https:\/\/www.emeryci-sg.org.pl\/wp\/wp-content\/uploads\/2024\/11\/466088791_878515387729832_509707890052754419_n-212x300.jpg\" data-large-file=\"https:\/\/www.emeryci-sg.org.pl\/wp\/wp-content\/uploads\/2024\/11\/466088791_878515387729832_509707890052754419_n-724x1024.jpg\" width=\"150\" height=\"150\" src=\"https:\/\/www.emeryci-sg.org.pl\/wp\/wp-content\/uploads\/2024\/11\/466088791_878515387729832_509707890052754419_n-150x150.jpg\" class=\"attachment-thumbnail size-thumbnail\" alt=\"\" \/><\/a>\n\t\t\t<\/dt><\/dl><dl class='gallery-item'>\n\t\t\t<dt class='gallery-icon portrait'>\n\t\t\t\t<a href='https:\/\/www.emeryci-sg.org.pl\/wp\/swietujmy-razem-106-rocznice-odzyskania-niepodleglosci\/465956328_878515424396495_355940338538614058_n\/'><img loading=\"lazy\" decoding=\"async\" data-attachment-id=\"18188\" data-orig-file=\"https:\/\/www.emeryci-sg.org.pl\/wp\/wp-content\/uploads\/2024\/11\/465956328_878515424396495_355940338538614058_n.jpg\" data-orig-size=\"1448,2048\" data-comments-opened=\"0\" data-image-meta=\"{&quot;aperture&quot;:&quot;0&quot;,&quot;credit&quot;:&quot;&quot;,&quot;camera&quot;:&quot;&quot;,&quot;caption&quot;:&quot;&quot;,&quot;created_timestamp&quot;:&quot;0&quot;,&quot;copyright&quot;:&quot;&quot;,&quot;focal_length&quot;:&quot;0&quot;,&quot;iso&quot;:&quot;0&quot;,&quot;shutter_speed&quot;:&quot;0&quot;,&quot;title&quot;:&quot;&quot;,&quot;orientation&quot;:&quot;0&quot;,&quot;keywords&quot;:&quot;Array&quot;}\" data-image-title=\"465956328_878515424396495_355940338538614058_n\" data-image-description=\"\" data-medium-file=\"https:\/\/www.emeryci-sg.org.pl\/wp\/wp-content\/uploads\/2024\/11\/465956328_878515424396495_355940338538614058_n-212x300.jpg\" data-large-file=\"https:\/\/www.emeryci-sg.org.pl\/wp\/wp-content\/uploads\/2024\/11\/465956328_878515424396495_355940338538614058_n-724x1024.jpg\" width=\"150\" height=\"150\" src=\"https:\/\/www.emeryci-sg.org.pl\/wp\/wp-content\/uploads\/2024\/11\/465956328_878515424396495_355940338538614058_n-150x150.jpg\" class=\"attachment-thumbnail size-thumbnail\" alt=\"\" \/><\/a>\n\t\t\t<\/dt><\/dl><br style=\"clear: both\" \/><dl class='gallery-item'>\n\t\t\t<dt class='gallery-icon portrait'>\n\t\t\t\t<a href='https:\/\/www.emeryci-sg.org.pl\/wp\/swietujmy-razem-106-rocznice-odzyskania-niepodleglosci\/465896400_878515417729829_7995752873282737015_n\/'><img loading=\"lazy\" decoding=\"async\" data-attachment-id=\"18187\" data-orig-file=\"https:\/\/www.emeryci-sg.org.pl\/wp\/wp-content\/uploads\/2024\/11\/465896400_878515417729829_7995752873282737015_n.jpg\" data-orig-size=\"1448,2048\" data-comments-opened=\"0\" data-image-meta=\"{&quot;aperture&quot;:&quot;0&quot;,&quot;credit&quot;:&quot;&quot;,&quot;camera&quot;:&quot;&quot;,&quot;caption&quot;:&quot;&quot;,&quot;created_timestamp&quot;:&quot;0&quot;,&quot;copyright&quot;:&quot;&quot;,&quot;focal_length&quot;:&quot;0&quot;,&quot;iso&quot;:&quot;0&quot;,&quot;shutter_speed&quot;:&quot;0&quot;,&quot;title&quot;:&quot;&quot;,&quot;orientation&quot;:&quot;0&quot;,&quot;keywords&quot;:&quot;Array&quot;}\" data-image-title=\"465896400_878515417729829_7995752873282737015_n\" data-image-description=\"\" data-medium-file=\"https:\/\/www.emeryci-sg.org.pl\/wp\/wp-content\/uploads\/2024\/11\/465896400_878515417729829_7995752873282737015_n-212x300.jpg\" data-large-file=\"https:\/\/www.emeryci-sg.org.pl\/wp\/wp-content\/uploads\/2024\/11\/465896400_878515417729829_7995752873282737015_n-724x1024.jpg\" width=\"150\" height=\"150\" src=\"https:\/\/www.emeryci-sg.org.pl\/wp\/wp-content\/uploads\/2024\/11\/465896400_878515417729829_7995752873282737015_n-150x150.jpg\" class=\"attachment-thumbnail size-thumbnail\" alt=\"\" \/><\/a>\n\t\t\t<\/dt><\/dl><dl class='gallery-item'>\n\t\t\t<dt class='gallery-icon portrait'>\n\t\t\t\t<a href='https:\/\/www.emeryci-sg.org.pl\/wp\/swietujmy-razem-106-rocznice-odzyskania-niepodleglosci\/466183598_878515551063149_4890441570631040919_n\/'><img loading=\"lazy\" decoding=\"async\" data-attachment-id=\"18186\" data-orig-file=\"https:\/\/www.emeryci-sg.org.pl\/wp\/wp-content\/uploads\/2024\/11\/466183598_878515551063149_4890441570631040919_n.jpg\" data-orig-size=\"1448,2048\" data-comments-opened=\"0\" data-image-meta=\"{&quot;aperture&quot;:&quot;0&quot;,&quot;credit&quot;:&quot;&quot;,&quot;camera&quot;:&quot;&quot;,&quot;caption&quot;:&quot;&quot;,&quot;created_timestamp&quot;:&quot;0&quot;,&quot;copyright&quot;:&quot;&quot;,&quot;focal_length&quot;:&quot;0&quot;,&quot;iso&quot;:&quot;0&quot;,&quot;shutter_speed&quot;:&quot;0&quot;,&quot;title&quot;:&quot;&quot;,&quot;orientation&quot;:&quot;0&quot;,&quot;keywords&quot;:&quot;Array&quot;}\" data-image-title=\"466183598_878515551063149_4890441570631040919_n\" data-image-description=\"\" data-medium-file=\"https:\/\/www.emeryci-sg.org.pl\/wp\/wp-content\/uploads\/2024\/11\/466183598_878515551063149_4890441570631040919_n-212x300.jpg\" data-large-file=\"https:\/\/www.emeryci-sg.org.pl\/wp\/wp-content\/uploads\/2024\/11\/466183598_878515551063149_4890441570631040919_n-724x1024.jpg\" width=\"150\" height=\"150\" src=\"https:\/\/www.emeryci-sg.org.pl\/wp\/wp-content\/uploads\/2024\/11\/466183598_878515551063149_4890441570631040919_n-150x150.jpg\" class=\"attachment-thumbnail size-thumbnail\" alt=\"\" \/><\/a>\n\t\t\t<\/dt><\/dl><dl class='gallery-item'>\n\t\t\t<dt class='gallery-icon portrait'>\n\t\t\t\t<a href='https:\/\/www.emeryci-sg.org.pl\/wp\/swietujmy-razem-106-rocznice-odzyskania-niepodleglosci\/465817919_878515561063148_8819985949409147964_n\/'><img loading=\"lazy\" decoding=\"async\" data-attachment-id=\"18185\" data-orig-file=\"https:\/\/www.emeryci-sg.org.pl\/wp\/wp-content\/uploads\/2024\/11\/465817919_878515561063148_8819985949409147964_n.jpg\" data-orig-size=\"1448,2048\" data-comments-opened=\"0\" data-image-meta=\"{&quot;aperture&quot;:&quot;0&quot;,&quot;credit&quot;:&quot;&quot;,&quot;camera&quot;:&quot;&quot;,&quot;caption&quot;:&quot;&quot;,&quot;created_timestamp&quot;:&quot;0&quot;,&quot;copyright&quot;:&quot;&quot;,&quot;focal_length&quot;:&quot;0&quot;,&quot;iso&quot;:&quot;0&quot;,&quot;shutter_speed&quot;:&quot;0&quot;,&quot;title&quot;:&quot;&quot;,&quot;orientation&quot;:&quot;0&quot;,&quot;keywords&quot;:&quot;Array&quot;}\" data-image-title=\"465817919_878515561063148_8819985949409147964_n\" data-image-description=\"\" data-medium-file=\"https:\/\/www.emeryci-sg.org.pl\/wp\/wp-content\/uploads\/2024\/11\/465817919_878515561063148_8819985949409147964_n-212x300.jpg\" data-large-file=\"https:\/\/www.emeryci-sg.org.pl\/wp\/wp-content\/uploads\/2024\/11\/465817919_878515561063148_8819985949409147964_n-724x1024.jpg\" width=\"150\" height=\"150\" src=\"https:\/\/www.emeryci-sg.org.pl\/wp\/wp-content\/uploads\/2024\/11\/465817919_878515561063148_8819985949409147964_n-150x150.jpg\" class=\"attachment-thumbnail size-thumbnail\" alt=\"\" \/><\/a>\n\t\t\t<\/dt><\/dl><br style=\"clear: both\" \/>\n\t\t<\/div>\n\n<\/div>\n","protected":false},"excerpt":{"rendered":"<p>W dniu 11 listopada 2024 r. w Rycerce G\u00f3rnej Kolonii odby\u0142o si\u0119 spotkanie by\u0142ych \u017co\u0142nierzy Wojsk Ochrony Pogranicza i funkcjonariuszy Stra\u017cy Granicznej, aby uczci\u0107 106. rocznic\u0119 odzyskania Niepodleg\u0142o\u015bci przez Polsk\u0119. Wydarzenie mia\u0142o miejsce przy pomniku upami\u0119tniaj\u0105cym \u201e\u017bo\u0142nierzy, Funkcjonariuszy i Pracownik\u00f3w Polskich Formacji Granicznych, kt\u00f3rzy od 1918 r. strzegli i bronili granic Polski\u201d.<\/p><p><a class=\"more-link btn\" href=\"https:\/\/www.emeryci-sg.org.pl\/wp\/swietujmy-razem-106-rocznice-odzyskania-niepodleglosci\/\">Czytaj dalej<\/a><\/p>\n","protected":false},"author":2,"featured_media":18193,"comment_status":"closed","ping_status":"closed","sticky":false,"template":"","format":"standard","meta":{"footnotes":""},"categories":[59,39,6,7,8,37,42,13,9,10,11,57,12,36,40,58,14],"tags":[],"class_list":["post-18184","post","type-post","status-publish","format-standard","has-post-thumbnail","hentry","category-region-bieszczadzki-przemysl","category-region-chojna","category-region-cieszyn","category-region-glubczyce","category-region-hrubieszow","category-region-ketrzyn","category-region-kolobrzeg","category-region-koszalin","category-region-krakow-balice","category-region-luban","category-region-nowy-sacz","category-region-raciborz","category-region-slubice","category-region-swinoujscie","category-region-szczecin","category-region-kostrzyn-n-odra","category-zarzad-glowny","nodate","item-wrap"],"_links":{"self":[{"href":"https:\/\/www.emeryci-sg.org.pl\/wp\/wp-json\/wp\/v2\/posts\/18184","targetHints":{"allow":["GET"]}}],"collection":[{"href":"https:\/\/www.emeryci-sg.org.pl\/wp\/wp-json\/wp\/v2\/posts"}],"about":[{"href":"https:\/\/www.emeryci-sg.org.pl\/wp\/wp-json\/wp\/v2\/types\/post"}],"author":[{"embeddable":true,"href":"https:\/\/www.emeryci-sg.org.pl\/wp\/wp-json\/wp\/v2\/users\/2"}],"replies":[{"embeddable":true,"href":"https:\/\/www.emeryci-sg.org.pl\/wp\/wp-json\/wp\/v2\/comments?post=18184"}],"version-history":[{"count":2,"href":"https:\/\/www.emeryci-sg.org.pl\/wp\/wp-json\/wp\/v2\/posts\/18184\/revisions"}],"predecessor-version":[{"id":18217,"href":"https:\/\/www.emeryci-sg.org.pl\/wp\/wp-json\/wp\/v2\/posts\/18184\/revisions\/18217"}],"wp:featuredmedia":[{"embeddable":true,"href":"https:\/\/www.emeryci-sg.org.pl\/wp\/wp-json\/wp\/v2\/media\/18193"}],"wp:attachment":[{"href":"https:\/\/www.emeryci-sg.org.pl\/wp\/wp-json\/wp\/v2\/media?parent=18184"}],"wp:term":[{"taxonomy":"category","embeddable":true,"href":"https:\/\/www.emeryci-sg.org.pl\/wp\/wp-json\/wp\/v2\/categories?post=18184"},{"taxonomy":"post_tag","embeddable":true,"href":"https:\/\/www.emeryci-sg.org.pl\/wp\/wp-json\/wp\/v2\/tags?post=18184"}],"curies":[{"name":"wp","href":"https:\/\/api.w.org\/{rel}","templated":true}]}}