{"id":18611,"date":"2025-01-11T20:30:55","date_gmt":"2025-01-11T19:30:55","guid":{"rendered":"https:\/\/www.emeryci-sg.org.pl\/wp\/?p=18611"},"modified":"2025-05-31T15:53:09","modified_gmt":"2025-05-31T13:53:09","slug":"komunikat-zer-mswia-w-sprawie-tzw-renty-wdowiej","status":"publish","type":"post","link":"https:\/\/www.emeryci-sg.org.pl\/wp\/komunikat-zer-mswia-w-sprawie-tzw-renty-wdowiej\/","title":{"rendered":"Komunikat ZER MSWiA w sprawie tzw. renty wdowiej."},"content":{"rendered":"<p style=\"text-align: justify;\"><span style=\"font-size: 14pt;\">Uprzejmie informujemy, \u017ce 1 stycznia 2025 r. wesz\u0142y w \u017cycie przepisy o tzw. rencie wdowiej, kt\u00f3re pozwalaj\u0105 na pobieranie od 1 lipca 2025 r. renty rodzinnej po zmar\u0142ym ma\u0142\u017conku oraz \u201ew\u0142asnego\u201d \u015bwiadczenia emerytalnego lub rentowego. Poni\u017cej zamieszczamy Komunikat Zak\u0142adu Emerytalno-Rentowego MSWiA w sprawie renty wdowiej, szczeg\u00f3\u0142owo wyja\u015bniaj\u0105cy zasady korzystania z tego \u015bwiadczenia, a tak\u017ce link do ewentualnego pobrania tego Komunikatu (w\u00a0 formie pdf) we w\u0142asnym zakresie. Ponadto zawiadamiamy, \u017ce informacje na temat renty wdowiej znajduj\u0105 si\u0119 tak\u017ce na stronie internetowej ZER MSWiA: <em><strong><a href=\"https:\/\/www.gov.pl\/web\/zermswia\/1-stycznia-2025-renta-wdowia\">https:\/\/www.gov.pl\/web\/zermswia\/1-stycznia-2025-renta-wdowia.<\/a><\/strong><\/em><\/span><!--more--><\/p>\n<p><span style=\"font-size: 14pt;\">Komunikat w formie PDF: <em><strong><a href=\"https:\/\/www.emeryci-sg.org.pl\/wp\/wp-content\/uploads\/2025\/01\/Renta-wdowia-komunikat-ZER-MSWiA_sluzby-mundurowe.pdf\">Renta wdowia &#8211; komunikat ZER MSWiA_s\u0142u\u017cby mundurowe<\/a><\/strong><\/em><\/span><\/p>\n<p><span style=\"font-size: 14pt;\">Prezes ZEiRSG <\/span><\/p>\n<p><span style=\"font-size: 14pt;\">S\u0142awomir Matusewicz\u00a0<\/span><\/p>\n<p style=\"text-align: center;\"><strong><a href=\"https:\/\/www.emeryci-sg.org.pl\/wp\/wp-content\/uploads\/2025\/01\/image001-1.jpg\"><img loading=\"lazy\" decoding=\"async\" class=\"size-full wp-image-18614 aligncenter\" src=\"https:\/\/www.emeryci-sg.org.pl\/wp\/wp-content\/uploads\/2025\/01\/image001-1.jpg\" alt=\"\" width=\"125\" height=\"45\" \/><\/a><span style=\"color: #ff0000;\">\u00a0<\/span><\/strong><span style=\"font-size: 14pt; color: #ff0000;\"><strong>RENTA WDOWIA<br \/>\n\u2013 informacja ZER MSWiA<\/strong><\/span><\/p>\n<p><span style=\"font-size: 14pt;\">1 stycznia 2025 r. wesz\u0142y w \u017cycie przepisy o tzw. rencie wdowiej, <a href=\"#_edn1\" name=\"_ednref1\">[i]<\/a> kt\u00f3re pozwalaj\u0105 na pobieranie <\/span><span style=\"font-size: 14pt;\"><strong>od 1 lipca 2025 r.<\/strong> renty rodzinnej po zmar\u0142ym ma\u0142\u017conku oraz \u201ew\u0142asnego\u201d \u015bwiadczenia emerytalnego lub rentowego, zgodnie z wyborem wdowy lub wdowca.<\/span><\/p>\n<p><span style=\"font-size: 14pt;\">Wyb\u00f3r oznacza mo\u017cliwo\u015b\u0107 wyp\u0142aty odpowiednio:<\/span><\/p>\n<ul>\n<li><span style=\"font-size: 14pt;\"><strong>100%<\/strong> renty rodzinnej oraz <strong>15%<\/strong> \u201ew\u0142asnego\u201d \u015bwiadczenia<\/span><\/li>\n<\/ul>\n<p><span style=\"font-size: 14pt;\">albo<\/span><\/p>\n<ul>\n<li><span style=\"font-size: 14pt;\"><strong>100%<\/strong> \u201ew\u0142asnego\u201d \u015bwiadczenia oraz <strong>15%<\/strong> renty rodzinnej.<\/span><\/li>\n<\/ul>\n<h1><span style=\"font-size: 14pt; color: #ff0000;\"><strong>WYP\u0141ATA OD 1 LIPCA 2025 r.<\/strong><\/span><\/h1>\n<p><span style=\"font-size: 14pt;\">Wyp\u0142ata renty rodzinnej w zbiegu z \u201ew\u0142asnym\u201d \u015bwiadczeniem, w ramach tzw. renty wdowiej, nast\u0105pi <strong>od miesi\u0105ca z\u0142o\u017cenia wniosku, nie wcze\u015bniej jednak ni\u017c od 1 lipca 2025 r. <\/strong>Aby \u015bwiadczenia w zbiegu, <\/span><span style=\"font-size: 14pt;\">w ramach tzw. renty wdowiej, mog\u0142y by\u0107 wyp\u0142acane ju\u017c od 1 lipca 2025 r. w<em>niosek o ustalenie zbiegu \u015bwiadcze\u0144 z rent\u0105 rodzinn\u0105 <\/em><strong><u>nale\u017cy z\u0142o\u017cy\u0107 najp\u00f3\u017aniej do 31 lipca 2025 r.<\/u><\/strong><\/span><\/p>\n<h1><span style=\"font-size: 14pt; color: #ff0000;\"><strong>RODZAJE RENTY RODZINNEJ<\/strong><\/span><\/h1>\n<p><span style=\"font-size: 14pt;\">Pod poj\u0119ciem renty rodzinnej nale\u017cy rozumie\u0107 r\u00f3wnie\u017c:<\/span><\/p>\n<ul>\n<li><span style=\"font-size: 14pt;\">policyjn\u0105 rent\u0119 rodzinn\u0105,<\/span><\/li>\n<li><span style=\"font-size: 14pt;\">wojskow\u0105 rent\u0119 rodzinn\u0105,<\/span><\/li>\n<li><span style=\"font-size: 14pt;\">rolnicz\u0105 rent\u0119 rodzinn\u0105.<\/span><\/li>\n<\/ul>\n<h1><span style=\"font-size: 14pt; color: #ff0000;\"><strong>CO OZNACZA \u201eW\u0141ASNE\u201d \u015aWIADCZENIE?<\/strong><\/span><\/h1>\n<p><span style=\"font-size: 14pt;\">\u201eW\u0142asne\u201d \u015bwiadczenie oznacza posiadanie prawa do co najmniej jednego z poni\u017cszych \u015bwiadcze\u0144:<\/span><\/p>\n<table>\n<tbody>\n<tr>\n<td width=\"302\">\n<ul>\n<li><span style=\"font-size: 14pt;\">emerytury policyjnej,<\/span><\/li>\n<li><span style=\"font-size: 14pt;\">policyjnej renty inwalidzkiej,<\/span><\/li>\n<li><span style=\"font-size: 14pt;\">emerytury wojskowej,<\/span><\/li>\n<li><span style=\"font-size: 14pt;\">wojskowej renty inwalidzkiej,<\/span><\/li>\n<li><span style=\"font-size: 14pt;\">emerytury powszechnej,<\/span><\/li>\n<li><span style=\"font-size: 14pt;\">emerytury rolniczej,<\/span><\/li>\n<li><span style=\"font-size: 14pt;\">emerytury z ubezpieczenia spo\u0142ecznego rolnik\u00f3w indywidualnych i cz\u0142onk\u00f3w ich rodzin,<\/span><\/li>\n<li><span style=\"font-size: 14pt;\">zasi\u0142ku przedemerytalnego,<\/span><\/li>\n<li><span style=\"font-size: 14pt;\">\u015bwiadczenia przedemerytalnego,<\/span><\/li>\n<li><span style=\"font-size: 14pt;\">emerytury pomostowej,<\/span><\/li>\n<li><span style=\"font-size: 14pt;\">nauczycielskiego \u015bwiadczenia kompensacyjnego,<\/span><\/li>\n<\/ul>\n<\/td>\n<td width=\"302\">\n<ul>\n<li><span style=\"font-size: 14pt;\">renty z tytu\u0142u niezdolno\u015bci do pracy z systemu powszechnego, w tym renty szkoleniowej,<\/span><\/li>\n<li><span style=\"font-size: 14pt;\">renty rolniczej z tytu\u0142u niezdolno\u015bci do pracy,<\/span><\/li>\n<li><span style=\"font-size: 14pt;\">renty rolniczej szkoleniowej,<\/span><\/li>\n<li><span style=\"font-size: 14pt;\"> renty z ubezpieczenia spo\u0142ecznego rolnik\u00f3w indywidualnych i cz\u0142onk\u00f3w ich rodzin,<\/span><\/li>\n<li><span style=\"font-size: 14pt;\">specjalnej emerytury lub renty przyznanej przez Prezesa Rady Ministr\u00f3w,<\/span><\/li>\n<li><span style=\"font-size: 14pt;\">\u015bwiadczenia honorowego z tytu\u0142u uko\u0144czenia 100 lat.<\/span><\/li>\n<\/ul>\n<\/td>\n<\/tr>\n<\/tbody>\n<\/table>\n<h1><span style=\"font-size: 14pt; color: #ff0000;\"><strong>WARUNKI PRZYZNANIA RENTY WDOWIEJ<\/strong><\/span><\/h1>\n<p><span style=\"font-size: 14pt;\">Prawo do wyp\u0142aty renty rodzinnej w zbiegu z \u201ew\u0142asnym\u201d \u015bwiadczeniem, w ramach tzw. renty wdowiej, przys\u0142ugiwa\u0107 b\u0119dzie wdowie\/wdowcowi, je\u017celi spe\u0142niaj\u0105 <strong><u>\u0142\u0105cznie<\/u><\/strong> poni\u017csze warunki:<\/span><\/p>\n<ul>\n<li><span style=\"font-size: 14pt;\">osi\u0105gn\u0119li powszechny wiek emerytalny, tzn. maj\u0105 uko\u0144czone, co najmniej 60 lat kobieta <\/span><br \/>\n<span style=\"font-size: 14pt;\">lub 65 lat m\u0119\u017cczyzna,<\/span><\/li>\n<li><span style=\"font-size: 14pt;\">pozostawali we wsp\u00f3lno\u015bci ma\u0142\u017ce\u0144skiej do dnia \u015bmierci ma\u0142\u017conka, po kt\u00f3rym przys\u0142uguje renta rodzinna,<\/span><\/li>\n<li><span style=\"font-size: 14pt;\">nabyli prawo do renty rodzinnej po zmar\u0142ym ma\u0142\u017conku nie wcze\u015bniej ni\u017c przed osi\u0105gni\u0119ciem <\/span><span style=\"font-size: 14pt;\">55 lat (kobieta) lub 60 lat (m\u0119\u017cczyzna),<\/span><\/li>\n<li><span style=\"font-size: 14pt;\">nie zawarli nowego zwi\u0105zku ma\u0142\u017ce\u0144skiego.<\/span><\/li>\n<\/ul>\n<h1><span style=\"font-size: 14pt; color: #ff0000;\"><strong>MAKSYMALNA WYSOKO\u015a\u0106 \u015aWIADCZE\u0143 WYP\u0141ACANYCH \u0141\u0104CZNIE Z RENT\u0104 RODZINN\u0104<\/strong><\/span><\/h1>\n<p><span style=\"font-size: 14pt;\">Suma \u015bwiadcze\u0144 wyp\u0142acanych w zbiegu z rent\u0105 rodzinn\u0105 (\u0142\u0105cznie z wyp\u0142acanymi dodatkami, np. dodatkiem piel\u0119gnacyjnym, dodatkiem kombatanckim), nie mo\u017ce by\u0107 wy\u017csza od tzw. limitu \u015bwiadcze\u0144 stanowi\u0105cego trzykrotno\u015b\u0107 najni\u017cszej emerytury, tj. kwoty wynosz\u0105cej obecnie <strong>5\u00a0342,88 z\u0142(1 780, 96 z\u0142 x 3 = 5 342,88 z\u0142<\/strong>).<\/span><\/p>\n<p><span style=\"font-size: 14pt;\"><strong>Od 1 marca 2025 r.<\/strong>, z uwagi na waloryzacj\u0119 \u015bwiadcze\u0144, ww. <strong>kwota ulegnie zmianie.<\/strong><\/span><\/p>\n<p><span style=\"font-size: 14pt;\">W przypadku, gdy \u0142\u0105czna kwota \u015bwiadcze\u0144 wyp\u0142acanych w zbiegu, w ramach tzw. renty wdowiej, wraz z przys\u0142uguj\u0105cymi dodatkami oraz \u015bwiadczeniami zagranicznymi wchodz\u0105cymi do ww. limitu \u015bwiadcze\u0144, przekroczy kwot\u0119 trzykrotno\u015bci kwoty najni\u017cszej emerytury (obecnie 5\u00a0342,88 z\u0142), w\u00f3wczas jedno ze \u015bwiadcze\u0144 zostanie pomniejszone o kwot\u0119 tego przekroczenia. W takim przypadku zostanie wydana decyzja informuj\u0105ca o kwocie, o jak\u0105 zosta\u0142o pomniejszone dane \u015bwiadczenie.<\/span><\/p>\n<p><span style=\"font-size: 14pt;\">Je\u017celi jedno ze \u015bwiadcze\u0144 jest wy\u017csze od kwoty obowi\u0105zuj\u0105cego limitu, wtedy renta wdowia <\/span><br \/>\n<span style=\"font-size: 14pt;\">nie b\u0119dzie przys\u0142ugiwa\u0107. W takim przypadku,je\u015bli zostanie z\u0142o\u017cony <em>Wniosek o ustalenie zbiegu \u015bwiadcze\u0144 z rent\u0105 rodzinn\u0105, <\/em>to zostanie wydana decyzja odmowna,a dotychczas pobierane \u015bwiadczenie b\u0119dzie nadal wyp\u0142acane w tej samej wysoko\u015bci.<\/span><\/p>\n<h1><span style=\"font-size: 14pt; color: #ff0000;\"><strong>CZY SPE\u0141NIAM WARUNKI \u2013ANKIETA I KALKULATOR<\/strong><\/span><\/h1>\n<p><span style=\"font-size: 14pt;\">Aby sprawdzi\u0107, czy od <strong>1 lipca 2025 r. <\/strong>spe\u0142nione s\u0105 warunki do przyznania tzw. renty wdowiej, mo\u017cna wype\u0142ni\u0107 anionow\u0105 ankiet\u0119 zamieszczon\u0105 na stronie internetowej Zak\u0142adu Ubezpiecze\u0144 Spo\u0142ecznych <strong>(ZUS)<\/strong>: <a href=\"https:\/\/www.zus.pl\/swiadczenia\/renty\/ankieta-renta-wdowia\"><strong><em>https:\/\/www.zus.pl\/swiadczenia\/renty\/ankieta-renta-wdowia<\/em><\/strong><\/a><\/span><\/p>\n<p><span style=\"font-size: 14pt;\">Dodatkowo mo\u017cna skorzysta\u0107 tak\u017ce z <strong><em>Kalkulatora \u0142\u0105czenia \u015bwiadcze\u0144 z rent\u0105 rodzinn\u0105 (tzw. rent\u0105 wdowi\u0105) \u2013 link<\/em>: <\/strong><a href=\"https:\/\/www.zus.pl\/swiadczenia\/renty\/kalkulator-renty-wdowiej\"><strong>https:\/\/www.zus.pl\/swiadczenia\/renty\/kalkulator-renty-wdowiej<\/strong><\/a><\/span><\/p>\n<p><span style=\"font-size: 14pt;\">Na podstawie wprowadzonych danych o przys\u0142uguj\u0105cych \u015bwiadczeniach i dodatkach do \u015bwiadcze\u0144, obliczone b\u0119d\u0105 wszystkie mo\u017cliwe warianty zbiegu \u015bwiadcze\u0144 i wyr\u00f3\u017cniony b\u0119dzie wariant najkorzystniejszy.<\/span><\/p>\n<p><span style=\"font-size: 14pt; color: #ff0000;\"><strong>WA\u017bNE! <\/strong><\/span><span style=\"font-size: 14pt;\">Wst\u0119pne wyniki w kalkulatorze to warto\u015bci szacunkowe i nie mog\u0105 by\u0107 podstaw\u0105 do jakichkolwiek roszcze\u0144.<\/span><\/p>\n<h1><span style=\"font-size: 14pt; color: #ff0000;\"><strong>GDZIE Z\u0141O\u017bY\u0106 WNIOSEK<\/strong><\/span><\/h1>\n<p><span style=\"font-size: 14pt;\">Je\u015bli wdowa lub wdowiec posiada uprawnienia do \u015bwiadcze\u0144 emerytalno-rentowych w r\u00f3\u017cnych organach, to wniosek o zbieg \u015bwiadcze\u0144 mo\u017ce z\u0142o\u017cy\u0107 w wybranej przez siebie instytucji, w kt\u00f3rej ma ustalone prawo do tych \u015bwiadcze\u0144.<\/span><\/p>\n<p><span style=\"font-size: 14pt; color: #ff0000;\"><strong>Przyk\u0142ad:<\/strong><\/span><\/p>\n<p><span style=\"font-size: 14pt;\">Je\u017celi posiadam uprawnienia do \u015bwiadcze\u0144 w ZUS i w ZER MSWiA, to wniosek mog\u0119 z\u0142o\u017cy\u0107 w ZUS albo w ZER MSWiA. Wniosek nale\u017cy z\u0142o\u017cy\u0107 tylko w jednym organie, poniewa\u017c po otrzymaniu wniosku instytucje te wymieni\u0105 si\u0119 ju\u017c danymi celem uzyskania niezb\u0119dnych informacji do wydania decyzji o prawie lub braku prawa do zbiegu \u015bwiadcze\u0144 w ramach renty wdowiej.<\/span><\/p>\n<p><span style=\"font-size: 14pt;\">Je\u015bli prawo do renty rodzinnej oraz do \u201ew\u0142asnego\u201d \u015bwiadczenia jest ju\u017c ustalone, to do wniosku nie musz\u0105 by\u0107 do\u0142\u0105czane \u017cadne dokumenty. Natomiast, je\u015bli nie zosta\u0142 jeszcze z\u0142o\u017cony wniosek o przyznanie renty rodzinnej albo wniosek o przyznanie \u201ew\u0142asnego\u201d \u015bwiadczenia, to powinien by\u0107 z\u0142o\u017cony razem z wnioskiem o zbieg \u015bwiadcze\u0144, ale ju\u017c we w\u0142a\u015bciwej instytucji, czyli w tej, w kt\u00f3rej ubiegamy si\u0119 o przyznanie renty rodzinnej lub \u201ew\u0142asnego\u201d \u015bwiadczenia.<\/span><\/p>\n<h1><span style=\"font-size: 14pt; color: #ff0000;\"><strong>WNIOSEK O USTALENIE ZBIEGU \u015aWIADCZE\u0143 Z RENT\u0104 RODZINN\u0104 W ZER MSWiA<\/strong><\/span><\/h1>\n<p><span style=\"font-size: 14pt;\">Formularz <strong><em>\u201e<\/em><\/strong><strong><em>Wniosku o ustalenie zbiegu \u015bwiadcze\u0144 z rent\u0105 rodzinn\u0105<\/em><\/strong><em>\u201d <\/em>dost\u0119pny jest:<\/span><\/p>\n<ul>\n<li><span style=\"font-size: 14pt;\">na stronie internetowej ZER MSWiA, w zak\u0142adce <em>Za\u0142atw spraw\u0119 <a href=\"http:\/\/gov.pl\/zermswia\/renta-wdowia\"><strong>(link)gov.pl\/zermswia\/renta-wdowia<\/strong><\/a><\/em><\/span><\/li>\n<li><span style=\"font-size: 14pt;\">we wszystkich Punktach Obs\u0142ugi Klienta (POK) &#8211; ich adresy podane s\u0105 na stronie internetowej Zak\u0142adu, w zak\u0142adce <em>Kontakt <\/em><strong><em>(link)<\/em><\/strong><a href=\"https:\/\/www.gov.pl\/web\/zermswia\/punkty-obslugi-klienta\"><strong><em>https:\/\/www.gov.pl\/web\/zermswia\/punkty-obslugi-klienta<\/em><\/strong><\/a><strong><em><u>.<\/u><\/em><\/strong><\/span><\/li>\n<\/ul>\n<p><span style=\"font-size: 14pt;\">Wniosek do ZER MSWiA mo\u017cna z\u0142o\u017cy\u0107:<\/span><\/p>\n<ul>\n<li><span style=\"font-size: 14pt;\">w Punktach Obs\u0142ugi Klienta osobi\u015bcie, za po\u015brednictwem pe\u0142nomocnika lub osoby sprawuj\u0105cej faktyczn\u0105 opiek\u0119,<\/span><\/li>\n<li><span style=\"font-size: 14pt;\">przes\u0142a\u0107 na adres ZER MSWiA (ul. Pawi\u0144skiego 17\/21, 02-106 Warszawa), za po\u015brednictwem przedsi\u0119biorcy prowadz\u0105cego dzia\u0142alno\u015b\u0107 w zakresie dor\u0119czania przesy\u0142ek,<\/span><\/li>\n<li><span style=\"font-size: 14pt;\">za po\u015brednictwem elektronicznej skrzynki podawczej ZER MSWiA \u2013 ePUAP, podpisany profilem zaufanym lub kwalifikowanym podpisem elektronicznym,<\/span><\/li>\n<li><span style=\"font-size: 14pt;\">za po\u015brednictwem systemu e-Dor\u0119cze\u0144 na adres skrzynki: AE:PL-79814-51213-DIJVJ-17.<\/span><\/li>\n<\/ul>\n<h1><span style=\"font-size: 14pt;\"><strong>DODATKOWE INFORMACJE<\/strong><\/span><\/h1>\n<p><span style=\"font-size: 14pt;\">Szczeg\u00f3\u0142owe informacje na temat \u0142\u0105czenia \u015bwiadcze\u0144, w ramach tzw. renty wdowiej, zamieszczone s\u0105 na stronie internetowej ZER MSWiA w zak\u0142adce <em>Aktualno\u015bci<\/em><strong><em>(link)<\/em><\/strong><\/span><\/p>\n<p><span style=\"font-size: 14pt;\"><a href=\"https:\/\/www.gov.pl\/web\/zermswia\/zbieg-renty-rodzinnej-z-wlasnym-swiadczeniem\"><strong><em>https:\/\/www.gov.pl\/web\/zermswia\/zbieg-renty-rodzinnej-z-wlasnym-swiadczeniem<\/em><\/strong><\/a><\/span><\/p>\n<p><span style=\"font-size: 14pt;\">W przypadku dalszych pyta\u0144 lub w\u0105tpliwo\u015bci zapraszamy do kontaktu z ZER MSWiA za po\u015brednictwem:<\/span><\/p>\n<ul>\n<li><span style=\"font-size: 14pt;\">Infolinii, tel. 47\u00a0725 88 88 lub 0 47 725 88 88,<\/span><\/li>\n<li><span style=\"font-size: 14pt;\">maila: <a href=\"mailto:klient@zer.mswia.gov.pl\">klient@zer.mswia.gov.pl<\/a><\/span><\/li>\n<li><span style=\"font-size: 14pt;\">Punkt\u00f3w Obs\u0142ugi Klienta.<\/span><\/li>\n<\/ul>\n<p>&nbsp;<\/p>\n<p><span style=\"font-size: 14pt;\">Stan na 1 stycznia 2025 r.<\/span><\/p>\n<p><a href=\"#_ednref1\" name=\"_edn1\">[i]<\/a> Ustawa z dnia 26 lipca 2024 r. o zmianie ustawy o emeryturach i rentach z Funduszu Ubezpiecze\u0144 Spo\u0142ecznych oraz niekt\u00f3rych innych ustaw (Dz. U. z 2024 r. poz. 1243)<\/p>\n<p>Z wyrazami szacunku<\/p>\n<p>Justyna Borowska<br \/>\nWydzia\u0142 Administracyjno-Organizacyjny<\/p>\n<p>Zak\u0142ad Emerytalno-Rentowy MSWiA<br \/>\nul. Pawi\u0144skiego 17\/21<br \/>\n02-106 Warszawa<br \/>\n<a href=\"http:\/\/www.gov.pl\/zermswia\">www.gov.pl\/zermswia<\/a><\/p>\n","protected":false},"excerpt":{"rendered":"<p>Uprzejmie informujemy, \u017ce 1 stycznia 2025 r. wesz\u0142y w \u017cycie przepisy o tzw. rencie wdowiej, kt\u00f3re pozwalaj\u0105 na pobieranie od 1 lipca 2025 r. renty rodzinnej po zmar\u0142ym ma\u0142\u017conku oraz \u201ew\u0142asnego\u201d \u015bwiadczenia emerytalnego lub rentowego. Poni\u017cej zamieszczamy Komunikat Zak\u0142adu Emerytalno-Rentowego MSWiA w sprawie renty wdowiej, szczeg\u00f3\u0142owo wyja\u015bniaj\u0105cy zasady korzystania z tego \u015bwiadczenia, a tak\u017ce link &hellip; <\/p>\n<p><a class=\"more-link btn\" href=\"https:\/\/www.emeryci-sg.org.pl\/wp\/komunikat-zer-mswia-w-sprawie-tzw-renty-wdowiej\/\">Czytaj dalej<\/a><\/p>\n","protected":false},"author":2,"featured_media":18625,"comment_status":"closed","ping_status":"closed","sticky":false,"template":"","format":"standard","meta":{"footnotes":""},"categories":[59,39,6,7,8,37,42,13,9,10,11,57,12,36,40,58,5],"tags":[],"class_list":["post-18611","post","type-post","status-publish","format-standard","has-post-thumbnail","hentry","category-region-bieszczadzki-przemysl","category-region-chojna","category-region-cieszyn","category-region-glubczyce","category-region-hrubieszow","category-region-ketrzyn","category-region-kolobrzeg","category-region-koszalin","category-region-krakow-balice","category-region-luban","category-region-nowy-sacz","category-region-raciborz","category-region-slubice","category-region-swinoujscie","category-region-szczecin","category-region-kostrzyn-n-odra","category-zeirsg","nodate","item-wrap"],"_links":{"self":[{"href":"https:\/\/www.emeryci-sg.org.pl\/wp\/wp-json\/wp\/v2\/posts\/18611","targetHints":{"allow":["GET"]}}],"collection":[{"href":"https:\/\/www.emeryci-sg.org.pl\/wp\/wp-json\/wp\/v2\/posts"}],"about":[{"href":"https:\/\/www.emeryci-sg.org.pl\/wp\/wp-json\/wp\/v2\/types\/post"}],"author":[{"embeddable":true,"href":"https:\/\/www.emeryci-sg.org.pl\/wp\/wp-json\/wp\/v2\/users\/2"}],"replies":[{"embeddable":true,"href":"https:\/\/www.emeryci-sg.org.pl\/wp\/wp-json\/wp\/v2\/comments?post=18611"}],"version-history":[{"count":8,"href":"https:\/\/www.emeryci-sg.org.pl\/wp\/wp-json\/wp\/v2\/posts\/18611\/revisions"}],"predecessor-version":[{"id":18635,"href":"https:\/\/www.emeryci-sg.org.pl\/wp\/wp-json\/wp\/v2\/posts\/18611\/revisions\/18635"}],"wp:featuredmedia":[{"embeddable":true,"href":"https:\/\/www.emeryci-sg.org.pl\/wp\/wp-json\/wp\/v2\/media\/18625"}],"wp:attachment":[{"href":"https:\/\/www.emeryci-sg.org.pl\/wp\/wp-json\/wp\/v2\/media?parent=18611"}],"wp:term":[{"taxonomy":"category","embeddable":true,"href":"https:\/\/www.emeryci-sg.org.pl\/wp\/wp-json\/wp\/v2\/categories?post=18611"},{"taxonomy":"post_tag","embeddable":true,"href":"https:\/\/www.emeryci-sg.org.pl\/wp\/wp-json\/wp\/v2\/tags?post=18611"}],"curies":[{"name":"wp","href":"https:\/\/api.w.org\/{rel}","templated":true}]}}