{"id":19673,"date":"2025-04-12T19:30:17","date_gmt":"2025-04-12T17:30:17","guid":{"rendered":"https:\/\/www.emeryci-sg.org.pl\/wp\/?p=19673"},"modified":"2025-05-31T15:55:16","modified_gmt":"2025-05-31T13:55:16","slug":"wizyta-w-zer-mswia-i-spotkanie-z-wiceministrem-swia-wieslawem-szczepanskim","status":"publish","type":"post","link":"https:\/\/www.emeryci-sg.org.pl\/wp\/wizyta-w-zer-mswia-i-spotkanie-z-wiceministrem-swia-wieslawem-szczepanskim\/","title":{"rendered":"Wizyta w ZER MSWiA i spotkanie z Wiceministrem SWiA Wies\u0142awem Szczepa\u0144skim."},"content":{"rendered":"<p>W dniu 9 kwietnia 2025 roku, podczas spotkania wielkanocnego zorganizowanego w Zak\u0142adzie Emerytalno-Rentowym MSWiA, mia\u0142em zaszczyt z\u0142o\u017cy\u0107 wyrazy uznania oraz serdeczne podzi\u0119kowania wszystkim obecnym za ich zaanga\u017cowanie i wsp\u00f3lne dzia\u0142ania na rzecz \u015brodowiska emeryt\u00f3w i rencist\u00f3w.<!--more-->Szczeg\u00f3lne podzi\u0119kowania skierowa\u0142em do Pana Wiceministra Spraw Wewn\u0119trznych i Administracji, Wies\u0142awa Szczepa\u0144skiego, kt\u00f3rego \u2013 w imieniu Zwi\u0105zku Emeryt\u00f3w i Rencist\u00f3w Stra\u017cy Granicznej, wsp\u00f3lnie z Wiceprezesem Zwi\u0105zku kol. Piotrem Iwatem \u2013 uhonorowali\u015bmy medalem 100-lecia Korpusu Ochrony Pogranicza. Wyr\u00f3\u017cnienie to stanowi wyraz naszej wdzi\u0119czno\u015bci za Jego nieocenione wsparcie i zaanga\u017cowanie na rzecz \u015brodowiska emeryt\u00f3w i rencist\u00f3w Stra\u017cy Granicznej.<br \/>\nSpotkanie by\u0142o r\u00f3wnie\u017c okazj\u0105 do przekazania Panu Ministrowi pro\u015bby o obj\u0119cie patronatem przygotowywanej przez Zwi\u0105zek uroczysto\u015bci z okazji 80. rocznicy obj\u0119cia ochron\u0105 granicy Rzeczypospolitej Polskiej przez Wojska Ochrony Pogranicza. Zwr\u00f3ci\u0142em si\u0119 tak\u017ce do Pani Magdaleny Bednarz, Dyrektor Zak\u0142adu Emerytalno-Rentowego MSWiA, z pro\u015bb\u0105 o przyj\u0119cie zaproszenia do udzia\u0142u w komitecie honorowym tej uroczysto\u015bci. Obie nasze pro\u015bby spotka\u0142y si\u0119 z \u017cyczliw\u0105 akceptacj\u0105.<\/p>\n<p>S\u0142awomir Matusewicz<br \/>\nPrezes ZEiRSG<\/p>\n\n\t\t<style>\n\t\t\t#gallery-1 {\n\t\t\t\tmargin: auto;\n\t\t\t}\n\t\t\t#gallery-1 .gallery-item {\n\t\t\t\tfloat: left;\n\t\t\t\tmargin-top: 10px;\n\t\t\t\ttext-align: center;\n\t\t\t\twidth: 33%;\n\t\t\t}\n\t\t\t#gallery-1 img {\n\t\t\t\tborder: 2px solid #cfcfcf;\n\t\t\t}\n\t\t\t#gallery-1 .gallery-caption {\n\t\t\t\tmargin-left: 0;\n\t\t\t}\n\t\t\t\/* see gallery_shortcode() in wp-includes\/media.php *\/\n\t\t<\/style>\n\t\t<div data-carousel-extra='{\"blog_id\":1,\"permalink\":\"https:\\\/\\\/www.emeryci-sg.org.pl\\\/wp\\\/wizyta-w-zer-mswia-i-spotkanie-z-wiceministrem-swia-wieslawem-szczepanskim\\\/\"}' id='gallery-1' class='gallery galleryid-19673 gallery-columns-3 gallery-size-thumbnail'><dl class='gallery-item'>\n\t\t\t<dt class='gallery-icon portrait'>\n\t\t\t\t<a href='https:\/\/www.emeryci-sg.org.pl\/wp\/wizyta-w-zer-mswia-i-spotkanie-z-wiceministrem-swia-wieslawem-szczepanskim\/1-48\/'><img loading=\"lazy\" decoding=\"async\" data-attachment-id=\"19674\" data-orig-file=\"https:\/\/www.emeryci-sg.org.pl\/wp\/wp-content\/uploads\/2025\/04\/1-1-scaled.jpg\" data-orig-size=\"1920,2560\" data-comments-opened=\"0\" data-image-meta=\"{&quot;aperture&quot;:&quot;0&quot;,&quot;credit&quot;:&quot;&quot;,&quot;camera&quot;:&quot;&quot;,&quot;caption&quot;:&quot;&quot;,&quot;created_timestamp&quot;:&quot;0&quot;,&quot;copyright&quot;:&quot;&quot;,&quot;focal_length&quot;:&quot;0&quot;,&quot;iso&quot;:&quot;0&quot;,&quot;shutter_speed&quot;:&quot;0&quot;,&quot;title&quot;:&quot;&quot;,&quot;orientation&quot;:&quot;0&quot;,&quot;keywords&quot;:&quot;Array&quot;}\" data-image-title=\"1\" data-image-description=\"\" data-medium-file=\"https:\/\/www.emeryci-sg.org.pl\/wp\/wp-content\/uploads\/2025\/04\/1-1-225x300.jpg\" data-large-file=\"https:\/\/www.emeryci-sg.org.pl\/wp\/wp-content\/uploads\/2025\/04\/1-1-768x1024.jpg\" width=\"150\" height=\"150\" src=\"https:\/\/www.emeryci-sg.org.pl\/wp\/wp-content\/uploads\/2025\/04\/1-1-150x150.jpg\" class=\"attachment-thumbnail size-thumbnail\" alt=\"\" \/><\/a>\n\t\t\t<\/dt><\/dl><dl class='gallery-item'>\n\t\t\t<dt class='gallery-icon portrait'>\n\t\t\t\t<a href='https:\/\/www.emeryci-sg.org.pl\/wp\/wizyta-w-zer-mswia-i-spotkanie-z-wiceministrem-swia-wieslawem-szczepanskim\/2-46\/'><img loading=\"lazy\" decoding=\"async\" data-attachment-id=\"19675\" data-orig-file=\"https:\/\/www.emeryci-sg.org.pl\/wp\/wp-content\/uploads\/2025\/04\/2-1-scaled.jpg\" data-orig-size=\"1920,2560\" data-comments-opened=\"0\" data-image-meta=\"{&quot;aperture&quot;:&quot;0&quot;,&quot;credit&quot;:&quot;&quot;,&quot;camera&quot;:&quot;&quot;,&quot;caption&quot;:&quot;&quot;,&quot;created_timestamp&quot;:&quot;0&quot;,&quot;copyright&quot;:&quot;&quot;,&quot;focal_length&quot;:&quot;0&quot;,&quot;iso&quot;:&quot;0&quot;,&quot;shutter_speed&quot;:&quot;0&quot;,&quot;title&quot;:&quot;&quot;,&quot;orientation&quot;:&quot;0&quot;,&quot;keywords&quot;:&quot;Array&quot;}\" data-image-title=\"2\" data-image-description=\"\" data-medium-file=\"https:\/\/www.emeryci-sg.org.pl\/wp\/wp-content\/uploads\/2025\/04\/2-1-225x300.jpg\" data-large-file=\"https:\/\/www.emeryci-sg.org.pl\/wp\/wp-content\/uploads\/2025\/04\/2-1-768x1024.jpg\" width=\"150\" height=\"150\" src=\"https:\/\/www.emeryci-sg.org.pl\/wp\/wp-content\/uploads\/2025\/04\/2-1-150x150.jpg\" class=\"attachment-thumbnail size-thumbnail\" alt=\"\" \/><\/a>\n\t\t\t<\/dt><\/dl><dl class='gallery-item'>\n\t\t\t<dt class='gallery-icon landscape'>\n\t\t\t\t<a href='https:\/\/www.emeryci-sg.org.pl\/wp\/wizyta-w-zer-mswia-i-spotkanie-z-wiceministrem-swia-wieslawem-szczepanskim\/3-46\/'><img loading=\"lazy\" decoding=\"async\" data-attachment-id=\"19676\" data-orig-file=\"https:\/\/www.emeryci-sg.org.pl\/wp\/wp-content\/uploads\/2025\/04\/3-1.jpg\" data-orig-size=\"2048,1536\" data-comments-opened=\"0\" data-image-meta=\"{&quot;aperture&quot;:&quot;0&quot;,&quot;credit&quot;:&quot;&quot;,&quot;camera&quot;:&quot;&quot;,&quot;caption&quot;:&quot;&quot;,&quot;created_timestamp&quot;:&quot;0&quot;,&quot;copyright&quot;:&quot;&quot;,&quot;focal_length&quot;:&quot;0&quot;,&quot;iso&quot;:&quot;0&quot;,&quot;shutter_speed&quot;:&quot;0&quot;,&quot;title&quot;:&quot;&quot;,&quot;orientation&quot;:&quot;0&quot;,&quot;keywords&quot;:&quot;Array&quot;}\" data-image-title=\"3\" data-image-description=\"\" data-medium-file=\"https:\/\/www.emeryci-sg.org.pl\/wp\/wp-content\/uploads\/2025\/04\/3-1-300x225.jpg\" data-large-file=\"https:\/\/www.emeryci-sg.org.pl\/wp\/wp-content\/uploads\/2025\/04\/3-1-1024x768.jpg\" width=\"150\" height=\"150\" src=\"https:\/\/www.emeryci-sg.org.pl\/wp\/wp-content\/uploads\/2025\/04\/3-1-150x150.jpg\" class=\"attachment-thumbnail size-thumbnail\" alt=\"\" \/><\/a>\n\t\t\t<\/dt><\/dl><br style=\"clear: both\" \/><dl class='gallery-item'>\n\t\t\t<dt class='gallery-icon landscape'>\n\t\t\t\t<a href='https:\/\/www.emeryci-sg.org.pl\/wp\/wizyta-w-zer-mswia-i-spotkanie-z-wiceministrem-swia-wieslawem-szczepanskim\/4-42\/'><img loading=\"lazy\" decoding=\"async\" data-attachment-id=\"19677\" data-orig-file=\"https:\/\/www.emeryci-sg.org.pl\/wp\/wp-content\/uploads\/2025\/04\/4-1.jpg\" data-orig-size=\"2048,1536\" data-comments-opened=\"0\" data-image-meta=\"{&quot;aperture&quot;:&quot;0&quot;,&quot;credit&quot;:&quot;&quot;,&quot;camera&quot;:&quot;&quot;,&quot;caption&quot;:&quot;&quot;,&quot;created_timestamp&quot;:&quot;0&quot;,&quot;copyright&quot;:&quot;&quot;,&quot;focal_length&quot;:&quot;0&quot;,&quot;iso&quot;:&quot;0&quot;,&quot;shutter_speed&quot;:&quot;0&quot;,&quot;title&quot;:&quot;&quot;,&quot;orientation&quot;:&quot;0&quot;,&quot;keywords&quot;:&quot;Array&quot;}\" data-image-title=\"4\" data-image-description=\"\" data-medium-file=\"https:\/\/www.emeryci-sg.org.pl\/wp\/wp-content\/uploads\/2025\/04\/4-1-300x225.jpg\" data-large-file=\"https:\/\/www.emeryci-sg.org.pl\/wp\/wp-content\/uploads\/2025\/04\/4-1-1024x768.jpg\" width=\"150\" height=\"150\" src=\"https:\/\/www.emeryci-sg.org.pl\/wp\/wp-content\/uploads\/2025\/04\/4-1-150x150.jpg\" class=\"attachment-thumbnail size-thumbnail\" alt=\"\" \/><\/a>\n\t\t\t<\/dt><\/dl><dl class='gallery-item'>\n\t\t\t<dt class='gallery-icon landscape'>\n\t\t\t\t<a href='https:\/\/www.emeryci-sg.org.pl\/wp\/wizyta-w-zer-mswia-i-spotkanie-z-wiceministrem-swia-wieslawem-szczepanskim\/5-36\/'><img loading=\"lazy\" decoding=\"async\" data-attachment-id=\"19678\" data-orig-file=\"https:\/\/www.emeryci-sg.org.pl\/wp\/wp-content\/uploads\/2025\/04\/5-1.jpg\" data-orig-size=\"2048,1536\" data-comments-opened=\"0\" data-image-meta=\"{&quot;aperture&quot;:&quot;0&quot;,&quot;credit&quot;:&quot;&quot;,&quot;camera&quot;:&quot;&quot;,&quot;caption&quot;:&quot;&quot;,&quot;created_timestamp&quot;:&quot;0&quot;,&quot;copyright&quot;:&quot;&quot;,&quot;focal_length&quot;:&quot;0&quot;,&quot;iso&quot;:&quot;0&quot;,&quot;shutter_speed&quot;:&quot;0&quot;,&quot;title&quot;:&quot;&quot;,&quot;orientation&quot;:&quot;0&quot;,&quot;keywords&quot;:&quot;Array&quot;}\" data-image-title=\"5\" data-image-description=\"\" data-medium-file=\"https:\/\/www.emeryci-sg.org.pl\/wp\/wp-content\/uploads\/2025\/04\/5-1-300x225.jpg\" data-large-file=\"https:\/\/www.emeryci-sg.org.pl\/wp\/wp-content\/uploads\/2025\/04\/5-1-1024x768.jpg\" width=\"150\" height=\"150\" src=\"https:\/\/www.emeryci-sg.org.pl\/wp\/wp-content\/uploads\/2025\/04\/5-1-150x150.jpg\" class=\"attachment-thumbnail size-thumbnail\" alt=\"\" \/><\/a>\n\t\t\t<\/dt><\/dl>\n\t\t\t<br style='clear: both' \/>\n\t\t<\/div>\n\n","protected":false},"excerpt":{"rendered":"<p>W dniu 9 kwietnia 2025 roku, podczas spotkania wielkanocnego zorganizowanego w Zak\u0142adzie Emerytalno-Rentowym MSWiA, mia\u0142em zaszczyt z\u0142o\u017cy\u0107 wyrazy uznania oraz serdeczne podzi\u0119kowania wszystkim obecnym za ich zaanga\u017cowanie i wsp\u00f3lne dzia\u0142ania na rzecz \u015brodowiska emeryt\u00f3w i rencist\u00f3w.<\/p><p><a class=\"more-link btn\" href=\"https:\/\/www.emeryci-sg.org.pl\/wp\/wizyta-w-zer-mswia-i-spotkanie-z-wiceministrem-swia-wieslawem-szczepanskim\/\">Czytaj dalej<\/a><\/p>\n","protected":false},"author":2,"featured_media":19675,"comment_status":"closed","ping_status":"closed","sticky":false,"template":"","format":"standard","meta":{"footnotes":""},"categories":[59,39,6,7,8,37,42,13,9,10,11,57,12,36,40,58,60],"tags":[],"class_list":["post-19673","post","type-post","status-publish","format-standard","has-post-thumbnail","hentry","category-region-bieszczadzki-przemysl","category-region-chojna","category-region-cieszyn","category-region-glubczyce","category-region-hrubieszow","category-region-ketrzyn","category-region-kolobrzeg","category-region-koszalin","category-region-krakow-balice","category-region-luban","category-region-nowy-sacz","category-region-raciborz","category-region-slubice","category-region-swinoujscie","category-region-szczecin","category-region-kostrzyn-n-odra","category-region-zywiec","nodate","item-wrap"],"_links":{"self":[{"href":"https:\/\/www.emeryci-sg.org.pl\/wp\/wp-json\/wp\/v2\/posts\/19673","targetHints":{"allow":["GET"]}}],"collection":[{"href":"https:\/\/www.emeryci-sg.org.pl\/wp\/wp-json\/wp\/v2\/posts"}],"about":[{"href":"https:\/\/www.emeryci-sg.org.pl\/wp\/wp-json\/wp\/v2\/types\/post"}],"author":[{"embeddable":true,"href":"https:\/\/www.emeryci-sg.org.pl\/wp\/wp-json\/wp\/v2\/users\/2"}],"replies":[{"embeddable":true,"href":"https:\/\/www.emeryci-sg.org.pl\/wp\/wp-json\/wp\/v2\/comments?post=19673"}],"version-history":[{"count":3,"href":"https:\/\/www.emeryci-sg.org.pl\/wp\/wp-json\/wp\/v2\/posts\/19673\/revisions"}],"predecessor-version":[{"id":19793,"href":"https:\/\/www.emeryci-sg.org.pl\/wp\/wp-json\/wp\/v2\/posts\/19673\/revisions\/19793"}],"wp:featuredmedia":[{"embeddable":true,"href":"https:\/\/www.emeryci-sg.org.pl\/wp\/wp-json\/wp\/v2\/media\/19675"}],"wp:attachment":[{"href":"https:\/\/www.emeryci-sg.org.pl\/wp\/wp-json\/wp\/v2\/media?parent=19673"}],"wp:term":[{"taxonomy":"category","embeddable":true,"href":"https:\/\/www.emeryci-sg.org.pl\/wp\/wp-json\/wp\/v2\/categories?post=19673"},{"taxonomy":"post_tag","embeddable":true,"href":"https:\/\/www.emeryci-sg.org.pl\/wp\/wp-json\/wp\/v2\/tags?post=19673"}],"curies":[{"name":"wp","href":"https:\/\/api.w.org\/{rel}","templated":true}]}}