{"id":22228,"date":"2025-12-21T19:20:25","date_gmt":"2025-12-21T18:20:25","guid":{"rendered":"https:\/\/www.emeryci-sg.org.pl\/wp\/?p=22228"},"modified":"2026-04-02T21:07:54","modified_gmt":"2026-04-02T19:07:54","slug":"wspolne-spotkanie-oplatkowe-w-raciborzu","status":"publish","type":"post","link":"https:\/\/www.emeryci-sg.org.pl\/wp\/wspolne-spotkanie-oplatkowe-w-raciborzu\/","title":{"rendered":"Wsp\u00f3lne spotkanie op\u0142atkowe w Raciborzu"},"content":{"rendered":"<p>W dniu 18 grudnia 2025 roku, w Raciborzu w restauracji \u201eRaciborska\u201d mia\u0142o miejsce spotkanie op\u0142atkowe. Nasz region by\u0142 jednym ze wsp\u00f3\u0142organizator\u00f3w tego wydarzenia. Do\u0142\u0105czyli\u015bmy do grona szanownych organizator\u00f3w, po\u015br\u00f3d kt\u00f3rych g\u0142\u00f3wny ci\u0119\u017car przygotowania wzi\u0119\u0142o na siebie Stowarzyszenie Emeryt\u00f3w i Rencist\u00f3w Policji Ko\u0142o Terenowe w Raciborzu. Poza tym wsp\u00f3\u0142organizatorem by\u0142 Zwi\u0105zek \u017bo\u0142nierzy WOP Oddzia\u0142 Kietrz.<!--more--><\/p>\n<p>Po\u015br\u00f3d naszych szanownych go\u015bci znalaz\u0142a si\u0119 Dyrektor Biura Senatorskiego Pani Katarzyna Go\u0142\u0119biowska, kt\u00f3ra reprezentowa\u0142a Pana Senatora Henryka Sedlaczka. Pan Senator bardzo pozytywnie zapisa\u0142 si\u0119 w pami\u0119ci funkcjonariuszy Stra\u017cy Granicznej, a my wci\u0105\u017c pami\u0119tamy i jeste\u015bmy mu wdzi\u0119czni.<\/p>\n<p>To wydarzenie by\u0142o r\u00f3wnie\u017c okazj\u0105 do wr\u0119czenia pami\u0105tkowych medali 80-lecia utworzenia Wojsk Ochrony Pogranicza, kt\u00f3re zosta\u0142y wr\u0119czone emerytom policyjnym. Odznaczeni rozpoczynali swoj\u0105 s\u0142u\u017cb\u0119 w Wojskach Ochrony Pogranicza i jest to dla nich mi\u0142a pami\u0105tka czasu sp\u0119dzonego w tej formacji.<\/p>\n<p>Cieszy fakt, \u017ce cho\u0107 s\u0142u\u017cyli\u015bmy w r\u00f3\u017cnych formacjach, to i tak mieli\u015bmy relacje kole\u017ce\u0144skie, gdy\u017c przy\u015bwieca\u0142 nam wsp\u00f3lny cel, a mianowicie s\u0142u\u017cba Ojczy\u017anie. Tym bardziej cieszy fakt, \u017ce wci\u0105\u017c kontynuujemy nasze nie tylko kole\u017ce\u0144skie tradycje, ale r\u00f3wnie\u017c przy\u015bwieca nam troska o nasz kraj. Znakomit\u0105 okazj\u0105 do tego jest \u015bwi\u0105teczny op\u0142atek, kt\u00f3ry \u0142\u0105czy w sobie rado\u015b\u0107 z nowo rodz\u0105cego si\u0119 \u017cycia i pojednanie b\u0119d\u0105ce sednem \u015awi\u0119ta Bo\u017conarodzeniowego.<\/p>\n<p><strong><em>Korzystaj\u0105c z tej okazji mamy zaszczyt z\u0142o\u017cy\u0107 Wszystkim serdeczne \u017cyczenia zdrowych, pogodnych \u015awi\u0105t sp\u0119dzonych w gronie rodzinnym, po\u0142\u0105czonych z refleksj\u0105 nad up\u0142ywaj\u0105cym \u017cyciem, kt\u00f3re mimo wszystko tak szybko zbli\u017ca si\u0119 ku ko\u0144cowi. A na nadchodz\u0105cy nowy rok serdecznie \u017cyczymy, aby by\u0142 lepszy od przemijaj\u0105cego. Jednak przede wszystkim \u017cyczymy, aby u schy\u0142ku \u017cycia ka\u017cdy z nas m\u00f3g\u0142 szczerze sam przed sob\u0105 oceni\u0107 swoje \u017cycie jako posiadaj\u0105ce niewiele chwil, kt\u00f3rych by\u015bmy \u017ca\u0142owali z perspektywy minionych lat.<\/em><\/strong><\/p>\n<p>&nbsp;<\/p>\n<p><strong>Ze szczerym oddaniem<\/strong><\/p>\n<p><em>Prezes ZEiR SG Regionu Racib\u00f3rz<\/em><\/p>\n\n\t\t<style>\n\t\t\t#gallery-1 {\n\t\t\t\tmargin: auto;\n\t\t\t}\n\t\t\t#gallery-1 .gallery-item {\n\t\t\t\tfloat: left;\n\t\t\t\tmargin-top: 10px;\n\t\t\t\ttext-align: center;\n\t\t\t\twidth: 33%;\n\t\t\t}\n\t\t\t#gallery-1 img {\n\t\t\t\tborder: 2px solid #cfcfcf;\n\t\t\t}\n\t\t\t#gallery-1 .gallery-caption {\n\t\t\t\tmargin-left: 0;\n\t\t\t}\n\t\t\t\/* see gallery_shortcode() in wp-includes\/media.php *\/\n\t\t<\/style>\n\t\t<div data-carousel-extra='{\"blog_id\":1,\"permalink\":\"https:\\\/\\\/www.emeryci-sg.org.pl\\\/wp\\\/wspolne-spotkanie-oplatkowe-w-raciborzu\\\/\"}' id='gallery-1' class='gallery galleryid-22228 gallery-columns-3 gallery-size-thumbnail'><dl class='gallery-item'>\n\t\t\t<dt class='gallery-icon portrait'>\n\t\t\t\t<a href='https:\/\/www.emeryci-sg.org.pl\/wp\/wspolne-spotkanie-oplatkowe-w-raciborzu\/20251221_100200\/'><img loading=\"lazy\" decoding=\"async\" data-attachment-id=\"22229\" data-orig-file=\"https:\/\/www.emeryci-sg.org.pl\/wp\/wp-content\/uploads\/2025\/12\/20251221_100200-scaled.jpg\" data-orig-size=\"1943,2560\" data-comments-opened=\"0\" data-image-meta=\"{&quot;aperture&quot;:&quot;1.8&quot;,&quot;credit&quot;:&quot;&quot;,&quot;camera&quot;:&quot;Galaxy S24 FE&quot;,&quot;caption&quot;:&quot;&quot;,&quot;created_timestamp&quot;:&quot;1766311320&quot;,&quot;copyright&quot;:&quot;&quot;,&quot;focal_length&quot;:&quot;5.4&quot;,&quot;iso&quot;:&quot;640&quot;,&quot;shutter_speed&quot;:&quot;0.01&quot;,&quot;title&quot;:&quot;&quot;,&quot;orientation&quot;:&quot;0&quot;,&quot;keywords&quot;:&quot;Array&quot;}\" data-image-title=\"20251221_100200\" data-image-description=\"\" data-medium-file=\"https:\/\/www.emeryci-sg.org.pl\/wp\/wp-content\/uploads\/2025\/12\/20251221_100200-228x300.jpg\" data-large-file=\"https:\/\/www.emeryci-sg.org.pl\/wp\/wp-content\/uploads\/2025\/12\/20251221_100200-777x1024.jpg\" width=\"150\" height=\"150\" src=\"https:\/\/www.emeryci-sg.org.pl\/wp\/wp-content\/uploads\/2025\/12\/20251221_100200-150x150.jpg\" class=\"attachment-thumbnail size-thumbnail\" alt=\"\" \/><\/a>\n\t\t\t<\/dt><\/dl><dl class='gallery-item'>\n\t\t\t<dt class='gallery-icon landscape'>\n\t\t\t\t<a href='https:\/\/www.emeryci-sg.org.pl\/wp\/wspolne-spotkanie-oplatkowe-w-raciborzu\/img-20251218-wa0010\/'><img loading=\"lazy\" decoding=\"async\" data-attachment-id=\"22230\" data-orig-file=\"https:\/\/www.emeryci-sg.org.pl\/wp\/wp-content\/uploads\/2025\/12\/IMG-20251218-WA0010.jpg\" data-orig-size=\"1600,739\" data-comments-opened=\"0\" data-image-meta=\"{&quot;aperture&quot;:&quot;0&quot;,&quot;credit&quot;:&quot;&quot;,&quot;camera&quot;:&quot;&quot;,&quot;caption&quot;:&quot;&quot;,&quot;created_timestamp&quot;:&quot;0&quot;,&quot;copyright&quot;:&quot;&quot;,&quot;focal_length&quot;:&quot;0&quot;,&quot;iso&quot;:&quot;0&quot;,&quot;shutter_speed&quot;:&quot;0&quot;,&quot;title&quot;:&quot;&quot;,&quot;orientation&quot;:&quot;0&quot;,&quot;keywords&quot;:&quot;Array&quot;}\" data-image-title=\"IMG-20251218-WA0010\" data-image-description=\"\" data-medium-file=\"https:\/\/www.emeryci-sg.org.pl\/wp\/wp-content\/uploads\/2025\/12\/IMG-20251218-WA0010-300x139.jpg\" data-large-file=\"https:\/\/www.emeryci-sg.org.pl\/wp\/wp-content\/uploads\/2025\/12\/IMG-20251218-WA0010-1024x473.jpg\" width=\"150\" height=\"150\" src=\"https:\/\/www.emeryci-sg.org.pl\/wp\/wp-content\/uploads\/2025\/12\/IMG-20251218-WA0010-150x150.jpg\" class=\"attachment-thumbnail size-thumbnail\" alt=\"\" \/><\/a>\n\t\t\t<\/dt><\/dl><dl class='gallery-item'>\n\t\t\t<dt class='gallery-icon landscape'>\n\t\t\t\t<a href='https:\/\/www.emeryci-sg.org.pl\/wp\/wspolne-spotkanie-oplatkowe-w-raciborzu\/img-20251218-wa0013\/'><img loading=\"lazy\" decoding=\"async\" data-attachment-id=\"22231\" data-orig-file=\"https:\/\/www.emeryci-sg.org.pl\/wp\/wp-content\/uploads\/2025\/12\/IMG-20251218-WA0013.jpg\" data-orig-size=\"1248,635\" data-comments-opened=\"0\" data-image-meta=\"{&quot;aperture&quot;:&quot;0&quot;,&quot;credit&quot;:&quot;&quot;,&quot;camera&quot;:&quot;&quot;,&quot;caption&quot;:&quot;&quot;,&quot;created_timestamp&quot;:&quot;0&quot;,&quot;copyright&quot;:&quot;&quot;,&quot;focal_length&quot;:&quot;0&quot;,&quot;iso&quot;:&quot;0&quot;,&quot;shutter_speed&quot;:&quot;0&quot;,&quot;title&quot;:&quot;&quot;,&quot;orientation&quot;:&quot;0&quot;,&quot;keywords&quot;:&quot;Array&quot;}\" data-image-title=\"IMG-20251218-WA0013\" data-image-description=\"\" data-medium-file=\"https:\/\/www.emeryci-sg.org.pl\/wp\/wp-content\/uploads\/2025\/12\/IMG-20251218-WA0013-300x153.jpg\" data-large-file=\"https:\/\/www.emeryci-sg.org.pl\/wp\/wp-content\/uploads\/2025\/12\/IMG-20251218-WA0013-1024x521.jpg\" width=\"150\" height=\"150\" src=\"https:\/\/www.emeryci-sg.org.pl\/wp\/wp-content\/uploads\/2025\/12\/IMG-20251218-WA0013-150x150.jpg\" class=\"attachment-thumbnail size-thumbnail\" alt=\"\" \/><\/a>\n\t\t\t<\/dt><\/dl><br style=\"clear: both\" \/><dl class='gallery-item'>\n\t\t\t<dt class='gallery-icon portrait'>\n\t\t\t\t<a href='https:\/\/www.emeryci-sg.org.pl\/wp\/wspolne-spotkanie-oplatkowe-w-raciborzu\/img-20251218-wa0014\/'><img loading=\"lazy\" decoding=\"async\" data-attachment-id=\"22232\" data-orig-file=\"https:\/\/www.emeryci-sg.org.pl\/wp\/wp-content\/uploads\/2025\/12\/IMG-20251218-WA0014.jpg\" data-orig-size=\"739,1238\" data-comments-opened=\"0\" data-image-meta=\"{&quot;aperture&quot;:&quot;0&quot;,&quot;credit&quot;:&quot;&quot;,&quot;camera&quot;:&quot;&quot;,&quot;caption&quot;:&quot;&quot;,&quot;created_timestamp&quot;:&quot;0&quot;,&quot;copyright&quot;:&quot;&quot;,&quot;focal_length&quot;:&quot;0&quot;,&quot;iso&quot;:&quot;0&quot;,&quot;shutter_speed&quot;:&quot;0&quot;,&quot;title&quot;:&quot;&quot;,&quot;orientation&quot;:&quot;0&quot;,&quot;keywords&quot;:&quot;Array&quot;}\" data-image-title=\"IMG-20251218-WA0014\" data-image-description=\"\" data-medium-file=\"https:\/\/www.emeryci-sg.org.pl\/wp\/wp-content\/uploads\/2025\/12\/IMG-20251218-WA0014-179x300.jpg\" data-large-file=\"https:\/\/www.emeryci-sg.org.pl\/wp\/wp-content\/uploads\/2025\/12\/IMG-20251218-WA0014-611x1024.jpg\" width=\"150\" height=\"150\" src=\"https:\/\/www.emeryci-sg.org.pl\/wp\/wp-content\/uploads\/2025\/12\/IMG-20251218-WA0014-150x150.jpg\" class=\"attachment-thumbnail size-thumbnail\" alt=\"\" \/><\/a>\n\t\t\t<\/dt><\/dl><dl class='gallery-item'>\n\t\t\t<dt class='gallery-icon portrait'>\n\t\t\t\t<a href='https:\/\/www.emeryci-sg.org.pl\/wp\/wspolne-spotkanie-oplatkowe-w-raciborzu\/img-20251218-wa0016\/'><img loading=\"lazy\" decoding=\"async\" data-attachment-id=\"22233\" data-orig-file=\"https:\/\/www.emeryci-sg.org.pl\/wp\/wp-content\/uploads\/2025\/12\/IMG-20251218-WA0016.jpg\" data-orig-size=\"590,781\" data-comments-opened=\"0\" data-image-meta=\"{&quot;aperture&quot;:&quot;0&quot;,&quot;credit&quot;:&quot;&quot;,&quot;camera&quot;:&quot;&quot;,&quot;caption&quot;:&quot;&quot;,&quot;created_timestamp&quot;:&quot;0&quot;,&quot;copyright&quot;:&quot;&quot;,&quot;focal_length&quot;:&quot;0&quot;,&quot;iso&quot;:&quot;0&quot;,&quot;shutter_speed&quot;:&quot;0&quot;,&quot;title&quot;:&quot;&quot;,&quot;orientation&quot;:&quot;0&quot;,&quot;keywords&quot;:&quot;Array&quot;}\" data-image-title=\"IMG-20251218-WA0016\" data-image-description=\"\" data-medium-file=\"https:\/\/www.emeryci-sg.org.pl\/wp\/wp-content\/uploads\/2025\/12\/IMG-20251218-WA0016-227x300.jpg\" data-large-file=\"https:\/\/www.emeryci-sg.org.pl\/wp\/wp-content\/uploads\/2025\/12\/IMG-20251218-WA0016.jpg\" width=\"150\" height=\"150\" src=\"https:\/\/www.emeryci-sg.org.pl\/wp\/wp-content\/uploads\/2025\/12\/IMG-20251218-WA0016-150x150.jpg\" class=\"attachment-thumbnail size-thumbnail\" alt=\"\" \/><\/a>\n\t\t\t<\/dt><\/dl><dl class='gallery-item'>\n\t\t\t<dt class='gallery-icon portrait'>\n\t\t\t\t<a href='https:\/\/www.emeryci-sg.org.pl\/wp\/wspolne-spotkanie-oplatkowe-w-raciborzu\/img-20251218-wa0019\/'><img loading=\"lazy\" decoding=\"async\" data-attachment-id=\"22234\" data-orig-file=\"https:\/\/www.emeryci-sg.org.pl\/wp\/wp-content\/uploads\/2025\/12\/IMG-20251218-WA0019.jpg\" data-orig-size=\"739,1153\" data-comments-opened=\"0\" data-image-meta=\"{&quot;aperture&quot;:&quot;0&quot;,&quot;credit&quot;:&quot;&quot;,&quot;camera&quot;:&quot;&quot;,&quot;caption&quot;:&quot;&quot;,&quot;created_timestamp&quot;:&quot;0&quot;,&quot;copyright&quot;:&quot;&quot;,&quot;focal_length&quot;:&quot;0&quot;,&quot;iso&quot;:&quot;0&quot;,&quot;shutter_speed&quot;:&quot;0&quot;,&quot;title&quot;:&quot;&quot;,&quot;orientation&quot;:&quot;0&quot;,&quot;keywords&quot;:&quot;Array&quot;}\" data-image-title=\"IMG-20251218-WA0019\" data-image-description=\"\" data-medium-file=\"https:\/\/www.emeryci-sg.org.pl\/wp\/wp-content\/uploads\/2025\/12\/IMG-20251218-WA0019-192x300.jpg\" data-large-file=\"https:\/\/www.emeryci-sg.org.pl\/wp\/wp-content\/uploads\/2025\/12\/IMG-20251218-WA0019-656x1024.jpg\" width=\"150\" height=\"150\" src=\"https:\/\/www.emeryci-sg.org.pl\/wp\/wp-content\/uploads\/2025\/12\/IMG-20251218-WA0019-150x150.jpg\" class=\"attachment-thumbnail size-thumbnail\" alt=\"\" \/><\/a>\n\t\t\t<\/dt><\/dl><br style=\"clear: both\" \/><dl class='gallery-item'>\n\t\t\t<dt class='gallery-icon portrait'>\n\t\t\t\t<a href='https:\/\/www.emeryci-sg.org.pl\/wp\/wspolne-spotkanie-oplatkowe-w-raciborzu\/img-20251218-wa0021\/'><img loading=\"lazy\" decoding=\"async\" data-attachment-id=\"22235\" data-orig-file=\"https:\/\/www.emeryci-sg.org.pl\/wp\/wp-content\/uploads\/2025\/12\/IMG-20251218-WA0021.jpg\" data-orig-size=\"739,1217\" data-comments-opened=\"0\" data-image-meta=\"{&quot;aperture&quot;:&quot;0&quot;,&quot;credit&quot;:&quot;&quot;,&quot;camera&quot;:&quot;&quot;,&quot;caption&quot;:&quot;&quot;,&quot;created_timestamp&quot;:&quot;0&quot;,&quot;copyright&quot;:&quot;&quot;,&quot;focal_length&quot;:&quot;0&quot;,&quot;iso&quot;:&quot;0&quot;,&quot;shutter_speed&quot;:&quot;0&quot;,&quot;title&quot;:&quot;&quot;,&quot;orientation&quot;:&quot;0&quot;,&quot;keywords&quot;:&quot;Array&quot;}\" data-image-title=\"IMG-20251218-WA0021\" data-image-description=\"\" data-medium-file=\"https:\/\/www.emeryci-sg.org.pl\/wp\/wp-content\/uploads\/2025\/12\/IMG-20251218-WA0021-182x300.jpg\" data-large-file=\"https:\/\/www.emeryci-sg.org.pl\/wp\/wp-content\/uploads\/2025\/12\/IMG-20251218-WA0021-622x1024.jpg\" width=\"150\" height=\"150\" src=\"https:\/\/www.emeryci-sg.org.pl\/wp\/wp-content\/uploads\/2025\/12\/IMG-20251218-WA0021-150x150.jpg\" class=\"attachment-thumbnail size-thumbnail\" alt=\"\" \/><\/a>\n\t\t\t<\/dt><\/dl><dl class='gallery-item'>\n\t\t\t<dt class='gallery-icon portrait'>\n\t\t\t\t<a href='https:\/\/www.emeryci-sg.org.pl\/wp\/wspolne-spotkanie-oplatkowe-w-raciborzu\/img-20251218-wa0031\/'><img loading=\"lazy\" decoding=\"async\" data-attachment-id=\"22236\" data-orig-file=\"https:\/\/www.emeryci-sg.org.pl\/wp\/wp-content\/uploads\/2025\/12\/IMG-20251218-WA0031.jpg\" data-orig-size=\"739,1122\" data-comments-opened=\"0\" data-image-meta=\"{&quot;aperture&quot;:&quot;0&quot;,&quot;credit&quot;:&quot;&quot;,&quot;camera&quot;:&quot;&quot;,&quot;caption&quot;:&quot;&quot;,&quot;created_timestamp&quot;:&quot;0&quot;,&quot;copyright&quot;:&quot;&quot;,&quot;focal_length&quot;:&quot;0&quot;,&quot;iso&quot;:&quot;0&quot;,&quot;shutter_speed&quot;:&quot;0&quot;,&quot;title&quot;:&quot;&quot;,&quot;orientation&quot;:&quot;0&quot;,&quot;keywords&quot;:&quot;Array&quot;}\" data-image-title=\"IMG-20251218-WA0031\" data-image-description=\"\" data-medium-file=\"https:\/\/www.emeryci-sg.org.pl\/wp\/wp-content\/uploads\/2025\/12\/IMG-20251218-WA0031-198x300.jpg\" data-large-file=\"https:\/\/www.emeryci-sg.org.pl\/wp\/wp-content\/uploads\/2025\/12\/IMG-20251218-WA0031-674x1024.jpg\" width=\"150\" height=\"150\" src=\"https:\/\/www.emeryci-sg.org.pl\/wp\/wp-content\/uploads\/2025\/12\/IMG-20251218-WA0031-150x150.jpg\" class=\"attachment-thumbnail size-thumbnail\" alt=\"\" \/><\/a>\n\t\t\t<\/dt><\/dl><dl class='gallery-item'>\n\t\t\t<dt class='gallery-icon portrait'>\n\t\t\t\t<a href='https:\/\/www.emeryci-sg.org.pl\/wp\/wspolne-spotkanie-oplatkowe-w-raciborzu\/img-20251218-wa0042\/'><img loading=\"lazy\" decoding=\"async\" data-attachment-id=\"22237\" data-orig-file=\"https:\/\/www.emeryci-sg.org.pl\/wp\/wp-content\/uploads\/2025\/12\/IMG-20251218-WA0042.jpg\" data-orig-size=\"1536,2048\" data-comments-opened=\"0\" data-image-meta=\"{&quot;aperture&quot;:&quot;0&quot;,&quot;credit&quot;:&quot;&quot;,&quot;camera&quot;:&quot;&quot;,&quot;caption&quot;:&quot;&quot;,&quot;created_timestamp&quot;:&quot;0&quot;,&quot;copyright&quot;:&quot;&quot;,&quot;focal_length&quot;:&quot;0&quot;,&quot;iso&quot;:&quot;0&quot;,&quot;shutter_speed&quot;:&quot;0&quot;,&quot;title&quot;:&quot;&quot;,&quot;orientation&quot;:&quot;0&quot;,&quot;keywords&quot;:&quot;Array&quot;}\" data-image-title=\"IMG-20251218-WA0042\" data-image-description=\"\" data-medium-file=\"https:\/\/www.emeryci-sg.org.pl\/wp\/wp-content\/uploads\/2025\/12\/IMG-20251218-WA0042-225x300.jpg\" data-large-file=\"https:\/\/www.emeryci-sg.org.pl\/wp\/wp-content\/uploads\/2025\/12\/IMG-20251218-WA0042-768x1024.jpg\" width=\"150\" height=\"150\" src=\"https:\/\/www.emeryci-sg.org.pl\/wp\/wp-content\/uploads\/2025\/12\/IMG-20251218-WA0042-150x150.jpg\" class=\"attachment-thumbnail size-thumbnail\" alt=\"\" \/><\/a>\n\t\t\t<\/dt><\/dl><br style=\"clear: both\" \/><dl class='gallery-item'>\n\t\t\t<dt class='gallery-icon landscape'>\n\t\t\t\t<a href='https:\/\/www.emeryci-sg.org.pl\/wp\/wspolne-spotkanie-oplatkowe-w-raciborzu\/img-20251218-wa0091\/'><img loading=\"lazy\" decoding=\"async\" data-attachment-id=\"22238\" data-orig-file=\"https:\/\/www.emeryci-sg.org.pl\/wp\/wp-content\/uploads\/2025\/12\/IMG-20251218-WA0091.jpg\" data-orig-size=\"2048,1536\" data-comments-opened=\"0\" data-image-meta=\"{&quot;aperture&quot;:&quot;0&quot;,&quot;credit&quot;:&quot;&quot;,&quot;camera&quot;:&quot;&quot;,&quot;caption&quot;:&quot;&quot;,&quot;created_timestamp&quot;:&quot;0&quot;,&quot;copyright&quot;:&quot;&quot;,&quot;focal_length&quot;:&quot;0&quot;,&quot;iso&quot;:&quot;0&quot;,&quot;shutter_speed&quot;:&quot;0&quot;,&quot;title&quot;:&quot;&quot;,&quot;orientation&quot;:&quot;0&quot;,&quot;keywords&quot;:&quot;Array&quot;}\" data-image-title=\"IMG-20251218-WA0091\" data-image-description=\"\" data-medium-file=\"https:\/\/www.emeryci-sg.org.pl\/wp\/wp-content\/uploads\/2025\/12\/IMG-20251218-WA0091-300x225.jpg\" data-large-file=\"https:\/\/www.emeryci-sg.org.pl\/wp\/wp-content\/uploads\/2025\/12\/IMG-20251218-WA0091-1024x768.jpg\" width=\"150\" height=\"150\" src=\"https:\/\/www.emeryci-sg.org.pl\/wp\/wp-content\/uploads\/2025\/12\/IMG-20251218-WA0091-150x150.jpg\" class=\"attachment-thumbnail size-thumbnail\" alt=\"\" \/><\/a>\n\t\t\t<\/dt><\/dl><dl class='gallery-item'>\n\t\t\t<dt class='gallery-icon landscape'>\n\t\t\t\t<a href='https:\/\/www.emeryci-sg.org.pl\/wp\/wspolne-spotkanie-oplatkowe-w-raciborzu\/img-20251218-wa0094\/'><img loading=\"lazy\" decoding=\"async\" data-attachment-id=\"22239\" data-orig-file=\"https:\/\/www.emeryci-sg.org.pl\/wp\/wp-content\/uploads\/2025\/12\/IMG-20251218-WA0094.jpg\" data-orig-size=\"1600,1200\" data-comments-opened=\"0\" data-image-meta=\"{&quot;aperture&quot;:&quot;0&quot;,&quot;credit&quot;:&quot;&quot;,&quot;camera&quot;:&quot;&quot;,&quot;caption&quot;:&quot;&quot;,&quot;created_timestamp&quot;:&quot;0&quot;,&quot;copyright&quot;:&quot;&quot;,&quot;focal_length&quot;:&quot;0&quot;,&quot;iso&quot;:&quot;0&quot;,&quot;shutter_speed&quot;:&quot;0&quot;,&quot;title&quot;:&quot;&quot;,&quot;orientation&quot;:&quot;0&quot;,&quot;keywords&quot;:&quot;Array&quot;}\" data-image-title=\"IMG-20251218-WA0094\" data-image-description=\"\" data-medium-file=\"https:\/\/www.emeryci-sg.org.pl\/wp\/wp-content\/uploads\/2025\/12\/IMG-20251218-WA0094-300x225.jpg\" data-large-file=\"https:\/\/www.emeryci-sg.org.pl\/wp\/wp-content\/uploads\/2025\/12\/IMG-20251218-WA0094-1024x768.jpg\" width=\"150\" height=\"150\" src=\"https:\/\/www.emeryci-sg.org.pl\/wp\/wp-content\/uploads\/2025\/12\/IMG-20251218-WA0094-150x150.jpg\" class=\"attachment-thumbnail size-thumbnail\" alt=\"\" \/><\/a>\n\t\t\t<\/dt><\/dl><dl class='gallery-item'>\n\t\t\t<dt class='gallery-icon landscape'>\n\t\t\t\t<a href='https:\/\/www.emeryci-sg.org.pl\/wp\/wspolne-spotkanie-oplatkowe-w-raciborzu\/img-20251221-wa0051\/'><img loading=\"lazy\" decoding=\"async\" data-attachment-id=\"22240\" data-orig-file=\"https:\/\/www.emeryci-sg.org.pl\/wp\/wp-content\/uploads\/2025\/12\/IMG-20251221-WA0051.jpg\" data-orig-size=\"1286,739\" data-comments-opened=\"0\" data-image-meta=\"{&quot;aperture&quot;:&quot;0&quot;,&quot;credit&quot;:&quot;&quot;,&quot;camera&quot;:&quot;&quot;,&quot;caption&quot;:&quot;&quot;,&quot;created_timestamp&quot;:&quot;0&quot;,&quot;copyright&quot;:&quot;&quot;,&quot;focal_length&quot;:&quot;0&quot;,&quot;iso&quot;:&quot;0&quot;,&quot;shutter_speed&quot;:&quot;0&quot;,&quot;title&quot;:&quot;&quot;,&quot;orientation&quot;:&quot;0&quot;,&quot;keywords&quot;:&quot;Array&quot;}\" data-image-title=\"IMG-20251221-WA0051\" data-image-description=\"\" data-medium-file=\"https:\/\/www.emeryci-sg.org.pl\/wp\/wp-content\/uploads\/2025\/12\/IMG-20251221-WA0051-300x172.jpg\" data-large-file=\"https:\/\/www.emeryci-sg.org.pl\/wp\/wp-content\/uploads\/2025\/12\/IMG-20251221-WA0051-1024x588.jpg\" width=\"150\" height=\"150\" src=\"https:\/\/www.emeryci-sg.org.pl\/wp\/wp-content\/uploads\/2025\/12\/IMG-20251221-WA0051-150x150.jpg\" class=\"attachment-thumbnail size-thumbnail\" alt=\"\" \/><\/a>\n\t\t\t<\/dt><\/dl><br style=\"clear: both\" \/><dl class='gallery-item'>\n\t\t\t<dt class='gallery-icon landscape'>\n\t\t\t\t<a href='https:\/\/www.emeryci-sg.org.pl\/wp\/wspolne-spotkanie-oplatkowe-w-raciborzu\/img-20251221-wa0052\/'><img loading=\"lazy\" decoding=\"async\" data-attachment-id=\"22241\" data-orig-file=\"https:\/\/www.emeryci-sg.org.pl\/wp\/wp-content\/uploads\/2025\/12\/IMG-20251221-WA0052.jpg\" data-orig-size=\"739,450\" data-comments-opened=\"0\" data-image-meta=\"{&quot;aperture&quot;:&quot;0&quot;,&quot;credit&quot;:&quot;&quot;,&quot;camera&quot;:&quot;&quot;,&quot;caption&quot;:&quot;&quot;,&quot;created_timestamp&quot;:&quot;0&quot;,&quot;copyright&quot;:&quot;&quot;,&quot;focal_length&quot;:&quot;0&quot;,&quot;iso&quot;:&quot;0&quot;,&quot;shutter_speed&quot;:&quot;0&quot;,&quot;title&quot;:&quot;&quot;,&quot;orientation&quot;:&quot;0&quot;,&quot;keywords&quot;:&quot;Array&quot;}\" data-image-title=\"IMG-20251221-WA0052\" data-image-description=\"\" data-medium-file=\"https:\/\/www.emeryci-sg.org.pl\/wp\/wp-content\/uploads\/2025\/12\/IMG-20251221-WA0052-300x183.jpg\" data-large-file=\"https:\/\/www.emeryci-sg.org.pl\/wp\/wp-content\/uploads\/2025\/12\/IMG-20251221-WA0052.jpg\" width=\"150\" height=\"150\" src=\"https:\/\/www.emeryci-sg.org.pl\/wp\/wp-content\/uploads\/2025\/12\/IMG-20251221-WA0052-150x150.jpg\" class=\"attachment-thumbnail size-thumbnail\" alt=\"\" \/><\/a>\n\t\t\t<\/dt><\/dl><dl class='gallery-item'>\n\t\t\t<dt class='gallery-icon landscape'>\n\t\t\t\t<a href='https:\/\/www.emeryci-sg.org.pl\/wp\/wspolne-spotkanie-oplatkowe-w-raciborzu\/img-20251221-wa0054\/'><img loading=\"lazy\" decoding=\"async\" data-attachment-id=\"22242\" data-orig-file=\"https:\/\/www.emeryci-sg.org.pl\/wp\/wp-content\/uploads\/2025\/12\/IMG-20251221-WA0054.jpg\" data-orig-size=\"833,418\" data-comments-opened=\"0\" data-image-meta=\"{&quot;aperture&quot;:&quot;0&quot;,&quot;credit&quot;:&quot;&quot;,&quot;camera&quot;:&quot;&quot;,&quot;caption&quot;:&quot;&quot;,&quot;created_timestamp&quot;:&quot;0&quot;,&quot;copyright&quot;:&quot;&quot;,&quot;focal_length&quot;:&quot;0&quot;,&quot;iso&quot;:&quot;0&quot;,&quot;shutter_speed&quot;:&quot;0&quot;,&quot;title&quot;:&quot;&quot;,&quot;orientation&quot;:&quot;0&quot;,&quot;keywords&quot;:&quot;Array&quot;}\" data-image-title=\"IMG-20251221-WA0054\" data-image-description=\"\" data-medium-file=\"https:\/\/www.emeryci-sg.org.pl\/wp\/wp-content\/uploads\/2025\/12\/IMG-20251221-WA0054-300x151.jpg\" data-large-file=\"https:\/\/www.emeryci-sg.org.pl\/wp\/wp-content\/uploads\/2025\/12\/IMG-20251221-WA0054.jpg\" width=\"150\" height=\"150\" src=\"https:\/\/www.emeryci-sg.org.pl\/wp\/wp-content\/uploads\/2025\/12\/IMG-20251221-WA0054-150x150.jpg\" class=\"attachment-thumbnail size-thumbnail\" alt=\"\" \/><\/a>\n\t\t\t<\/dt><\/dl>\n\t\t\t<br style='clear: both' \/>\n\t\t<\/div>\n\n","protected":false},"excerpt":{"rendered":"<p>W dniu 18 grudnia 2025 roku, w Raciborzu w restauracji \u201eRaciborska\u201d mia\u0142o miejsce spotkanie op\u0142atkowe. Nasz region by\u0142 jednym ze wsp\u00f3\u0142organizator\u00f3w tego wydarzenia. Do\u0142\u0105czyli\u015bmy do grona szanownych organizator\u00f3w, po\u015br\u00f3d kt\u00f3rych g\u0142\u00f3wny ci\u0119\u017car przygotowania wzi\u0119\u0142o na siebie Stowarzyszenie Emeryt\u00f3w i Rencist\u00f3w Policji Ko\u0142o Terenowe w Raciborzu. Poza tym wsp\u00f3\u0142organizatorem by\u0142 Zwi\u0105zek \u017bo\u0142nierzy WOP Oddzia\u0142 Kietrz.<\/p><p><a class=\"more-link btn\" href=\"https:\/\/www.emeryci-sg.org.pl\/wp\/wspolne-spotkanie-oplatkowe-w-raciborzu\/\">Czytaj dalej<\/a><\/p>\n","protected":false},"author":7,"featured_media":22229,"comment_status":"closed","ping_status":"closed","sticky":false,"template":"","format":"standard","meta":{"footnotes":""},"categories":[57,5],"tags":[],"class_list":["post-22228","post","type-post","status-publish","format-standard","has-post-thumbnail","hentry","category-region-raciborz","category-zeirsg","nodate","item-wrap"],"_links":{"self":[{"href":"https:\/\/www.emeryci-sg.org.pl\/wp\/wp-json\/wp\/v2\/posts\/22228","targetHints":{"allow":["GET"]}}],"collection":[{"href":"https:\/\/www.emeryci-sg.org.pl\/wp\/wp-json\/wp\/v2\/posts"}],"about":[{"href":"https:\/\/www.emeryci-sg.org.pl\/wp\/wp-json\/wp\/v2\/types\/post"}],"author":[{"embeddable":true,"href":"https:\/\/www.emeryci-sg.org.pl\/wp\/wp-json\/wp\/v2\/users\/7"}],"replies":[{"embeddable":true,"href":"https:\/\/www.emeryci-sg.org.pl\/wp\/wp-json\/wp\/v2\/comments?post=22228"}],"version-history":[{"count":2,"href":"https:\/\/www.emeryci-sg.org.pl\/wp\/wp-json\/wp\/v2\/posts\/22228\/revisions"}],"predecessor-version":[{"id":22274,"href":"https:\/\/www.emeryci-sg.org.pl\/wp\/wp-json\/wp\/v2\/posts\/22228\/revisions\/22274"}],"wp:featuredmedia":[{"embeddable":true,"href":"https:\/\/www.emeryci-sg.org.pl\/wp\/wp-json\/wp\/v2\/media\/22229"}],"wp:attachment":[{"href":"https:\/\/www.emeryci-sg.org.pl\/wp\/wp-json\/wp\/v2\/media?parent=22228"}],"wp:term":[{"taxonomy":"category","embeddable":true,"href":"https:\/\/www.emeryci-sg.org.pl\/wp\/wp-json\/wp\/v2\/categories?post=22228"},{"taxonomy":"post_tag","embeddable":true,"href":"https:\/\/www.emeryci-sg.org.pl\/wp\/wp-json\/wp\/v2\/tags?post=22228"}],"curies":[{"name":"wp","href":"https:\/\/api.w.org\/{rel}","templated":true}]}}