{"id":22246,"date":"2025-12-22T19:06:37","date_gmt":"2025-12-22T18:06:37","guid":{"rendered":"https:\/\/www.emeryci-sg.org.pl\/wp\/?p=22246"},"modified":"2026-04-02T21:09:04","modified_gmt":"2026-04-02T19:09:04","slug":"zyczenia-swiateczno-noworoczne","status":"publish","type":"post","link":"https:\/\/www.emeryci-sg.org.pl\/wp\/zyczenia-swiateczno-noworoczne\/","title":{"rendered":"\u017byczenia \u015bwi\u0105teczno-noworoczne"},"content":{"rendered":"\n\t\t<style>\n\t\t\t#gallery-1 {\n\t\t\t\tmargin: auto;\n\t\t\t}\n\t\t\t#gallery-1 .gallery-item {\n\t\t\t\tfloat: left;\n\t\t\t\tmargin-top: 10px;\n\t\t\t\ttext-align: center;\n\t\t\t\twidth: 100%;\n\t\t\t}\n\t\t\t#gallery-1 img {\n\t\t\t\tborder: 2px solid #cfcfcf;\n\t\t\t}\n\t\t\t#gallery-1 .gallery-caption {\n\t\t\t\tmargin-left: 0;\n\t\t\t}\n\t\t\t\/* see gallery_shortcode() in wp-includes\/media.php *\/\n\t\t<\/style>\n\t\t<div data-carousel-extra='{\"blog_id\":1,\"permalink\":\"https:\\\/\\\/www.emeryci-sg.org.pl\\\/wp\\\/zyczenia-swiateczno-noworoczne\\\/\"}' id='gallery-1' class='gallery galleryid-22246 gallery-columns-1 gallery-size-full'><dl class='gallery-item'>\n\t\t\t<dt class='gallery-icon landscape'>\n\t\t\t\t<a href='https:\/\/www.emeryci-sg.org.pl\/wp\/zyczenia-swiateczno-noworoczne\/zyczenia-boze-narodzenie\/'><img loading=\"lazy\" decoding=\"async\" data-attachment-id=\"22247\" data-orig-file=\"https:\/\/www.emeryci-sg.org.pl\/wp\/wp-content\/uploads\/2025\/12\/Zyczenia-Boze-Narodzenie.jpg\" data-orig-size=\"1280,720\" data-comments-opened=\"0\" data-image-meta=\"{&quot;aperture&quot;:&quot;0&quot;,&quot;credit&quot;:&quot;&quot;,&quot;camera&quot;:&quot;&quot;,&quot;caption&quot;:&quot;&quot;,&quot;created_timestamp&quot;:&quot;0&quot;,&quot;copyright&quot;:&quot;&quot;,&quot;focal_length&quot;:&quot;0&quot;,&quot;iso&quot;:&quot;0&quot;,&quot;shutter_speed&quot;:&quot;0&quot;,&quot;title&quot;:&quot;&quot;,&quot;orientation&quot;:&quot;0&quot;,&quot;keywords&quot;:&quot;Array&quot;}\" data-image-title=\"\u017byczenia Bo\u017ce Narodzenie\" data-image-description=\"\" data-medium-file=\"https:\/\/www.emeryci-sg.org.pl\/wp\/wp-content\/uploads\/2025\/12\/Zyczenia-Boze-Narodzenie-300x169.jpg\" data-large-file=\"https:\/\/www.emeryci-sg.org.pl\/wp\/wp-content\/uploads\/2025\/12\/Zyczenia-Boze-Narodzenie-1024x576.jpg\" width=\"1280\" height=\"720\" src=\"https:\/\/www.emeryci-sg.org.pl\/wp\/wp-content\/uploads\/2025\/12\/Zyczenia-Boze-Narodzenie.jpg\" class=\"attachment-full size-full\" alt=\"\" srcset=\"https:\/\/www.emeryci-sg.org.pl\/wp\/wp-content\/uploads\/2025\/12\/Zyczenia-Boze-Narodzenie.jpg 1280w, https:\/\/www.emeryci-sg.org.pl\/wp\/wp-content\/uploads\/2025\/12\/Zyczenia-Boze-Narodzenie-300x169.jpg 300w, https:\/\/www.emeryci-sg.org.pl\/wp\/wp-content\/uploads\/2025\/12\/Zyczenia-Boze-Narodzenie-1024x576.jpg 1024w, https:\/\/www.emeryci-sg.org.pl\/wp\/wp-content\/uploads\/2025\/12\/Zyczenia-Boze-Narodzenie-768x432.jpg 768w, https:\/\/www.emeryci-sg.org.pl\/wp\/wp-content\/uploads\/2025\/12\/Zyczenia-Boze-Narodzenie-555x312.jpg 555w\" sizes=\"auto, (max-width: 1280px) 100vw, 1280px\" \/><\/a>\n\t\t\t<\/dt><\/dl><br style=\"clear: both\" \/>\n\t\t<\/div>\n\n<p><!--more--><\/p>\n<p><a href=\"https:\/\/www.emeryci-sg.org.pl\/wp\/wp-content\/uploads\/2025\/12\/BN25CzR.jpg\"><img loading=\"lazy\" decoding=\"async\" class=\"alignnone size-full wp-image-22284\" src=\"https:\/\/www.emeryci-sg.org.pl\/wp\/wp-content\/uploads\/2025\/12\/BN25CzR.jpg\" alt=\"\" width=\"1123\" height=\"794\" srcset=\"https:\/\/www.emeryci-sg.org.pl\/wp\/wp-content\/uploads\/2025\/12\/BN25CzR.jpg 1123w, https:\/\/www.emeryci-sg.org.pl\/wp\/wp-content\/uploads\/2025\/12\/BN25CzR-300x212.jpg 300w, https:\/\/www.emeryci-sg.org.pl\/wp\/wp-content\/uploads\/2025\/12\/BN25CzR-1024x724.jpg 1024w, https:\/\/www.emeryci-sg.org.pl\/wp\/wp-content\/uploads\/2025\/12\/BN25CzR-768x543.jpg 768w, https:\/\/www.emeryci-sg.org.pl\/wp\/wp-content\/uploads\/2025\/12\/BN25CzR-555x392.jpg 555w\" sizes=\"auto, (max-width: 1123px) 100vw, 1123px\" \/><\/a><\/p>\n","protected":false},"excerpt":{"rendered":"","protected":false},"author":7,"featured_media":0,"comment_status":"closed","ping_status":"closed","sticky":false,"template":"","format":"standard","meta":{"footnotes":""},"categories":[14,5],"tags":[],"class_list":["post-22246","post","type-post","status-publish","format-standard","hentry","category-zarzad-glowny","category-zeirsg","nodate","item-wrap"],"_links":{"self":[{"href":"https:\/\/www.emeryci-sg.org.pl\/wp\/wp-json\/wp\/v2\/posts\/22246","targetHints":{"allow":["GET"]}}],"collection":[{"href":"https:\/\/www.emeryci-sg.org.pl\/wp\/wp-json\/wp\/v2\/posts"}],"about":[{"href":"https:\/\/www.emeryci-sg.org.pl\/wp\/wp-json\/wp\/v2\/types\/post"}],"author":[{"embeddable":true,"href":"https:\/\/www.emeryci-sg.org.pl\/wp\/wp-json\/wp\/v2\/users\/7"}],"replies":[{"embeddable":true,"href":"https:\/\/www.emeryci-sg.org.pl\/wp\/wp-json\/wp\/v2\/comments?post=22246"}],"version-history":[{"count":4,"href":"https:\/\/www.emeryci-sg.org.pl\/wp\/wp-json\/wp\/v2\/posts\/22246\/revisions"}],"predecessor-version":[{"id":23170,"href":"https:\/\/www.emeryci-sg.org.pl\/wp\/wp-json\/wp\/v2\/posts\/22246\/revisions\/23170"}],"wp:attachment":[{"href":"https:\/\/www.emeryci-sg.org.pl\/wp\/wp-json\/wp\/v2\/media?parent=22246"}],"wp:term":[{"taxonomy":"category","embeddable":true,"href":"https:\/\/www.emeryci-sg.org.pl\/wp\/wp-json\/wp\/v2\/categories?post=22246"},{"taxonomy":"post_tag","embeddable":true,"href":"https:\/\/www.emeryci-sg.org.pl\/wp\/wp-json\/wp\/v2\/tags?post=22246"}],"curies":[{"name":"wp","href":"https:\/\/api.w.org\/{rel}","templated":true}]}}