{"id":22280,"date":"2025-12-23T16:14:52","date_gmt":"2025-12-23T15:14:52","guid":{"rendered":"https:\/\/www.emeryci-sg.org.pl\/wp\/?p=22280"},"modified":"2026-04-02T21:10:14","modified_gmt":"2026-04-02T19:10:14","slug":"zyczenia-swiateczno-noworoczne-od-zarzadu-regionu-koszalin","status":"publish","type":"post","link":"https:\/\/www.emeryci-sg.org.pl\/wp\/zyczenia-swiateczno-noworoczne-od-zarzadu-regionu-koszalin\/","title":{"rendered":"\u017byczenia \u015bwi\u0105teczno-noworoczne od Zarz\u0105du Regionu Koszalin"},"content":{"rendered":"<p><!--more--><\/p>\n\n\t\t<style>\n\t\t\t#gallery-1 {\n\t\t\t\tmargin: auto;\n\t\t\t}\n\t\t\t#gallery-1 .gallery-item {\n\t\t\t\tfloat: left;\n\t\t\t\tmargin-top: 10px;\n\t\t\t\ttext-align: center;\n\t\t\t\twidth: 100%;\n\t\t\t}\n\t\t\t#gallery-1 img {\n\t\t\t\tborder: 2px solid #cfcfcf;\n\t\t\t}\n\t\t\t#gallery-1 .gallery-caption {\n\t\t\t\tmargin-left: 0;\n\t\t\t}\n\t\t\t\/* see gallery_shortcode() in wp-includes\/media.php *\/\n\t\t<\/style>\n\t\t<div data-carousel-extra='{\"blog_id\":1,\"permalink\":\"https:\\\/\\\/www.emeryci-sg.org.pl\\\/wp\\\/zyczenia-swiateczno-noworoczne-od-zarzadu-regionu-koszalin\\\/\"}' id='gallery-1' class='gallery galleryid-22280 gallery-columns-1 gallery-size-large'><dl class='gallery-item'>\n\t\t\t<dt class='gallery-icon landscape'>\n\t\t\t\t<a href='https:\/\/www.emeryci-sg.org.pl\/wp\/zyczenia-swiateczno-noworoczne-od-zarzadu-regionu-koszalin\/zyczenia-boze-narodzenie-koszalin\/'><img loading=\"lazy\" decoding=\"async\" data-attachment-id=\"22281\" data-orig-file=\"https:\/\/www.emeryci-sg.org.pl\/wp\/wp-content\/uploads\/2025\/12\/Zyczenia-Boze-Narodzenie-Koszalin.jpg\" data-orig-size=\"1280,720\" data-comments-opened=\"0\" data-image-meta=\"{&quot;aperture&quot;:&quot;0&quot;,&quot;credit&quot;:&quot;&quot;,&quot;camera&quot;:&quot;&quot;,&quot;caption&quot;:&quot;&quot;,&quot;created_timestamp&quot;:&quot;0&quot;,&quot;copyright&quot;:&quot;&quot;,&quot;focal_length&quot;:&quot;0&quot;,&quot;iso&quot;:&quot;0&quot;,&quot;shutter_speed&quot;:&quot;0&quot;,&quot;title&quot;:&quot;&quot;,&quot;orientation&quot;:&quot;0&quot;,&quot;keywords&quot;:&quot;Array&quot;}\" data-image-title=\"\u017byczenia Bo\u017ce Narodzenie Koszalin\" data-image-description=\"\" data-medium-file=\"https:\/\/www.emeryci-sg.org.pl\/wp\/wp-content\/uploads\/2025\/12\/Zyczenia-Boze-Narodzenie-Koszalin-300x169.jpg\" data-large-file=\"https:\/\/www.emeryci-sg.org.pl\/wp\/wp-content\/uploads\/2025\/12\/Zyczenia-Boze-Narodzenie-Koszalin-1024x576.jpg\" width=\"555\" height=\"312\" src=\"https:\/\/www.emeryci-sg.org.pl\/wp\/wp-content\/uploads\/2025\/12\/Zyczenia-Boze-Narodzenie-Koszalin-1024x576.jpg\" class=\"attachment-large size-large\" alt=\"\" srcset=\"https:\/\/www.emeryci-sg.org.pl\/wp\/wp-content\/uploads\/2025\/12\/Zyczenia-Boze-Narodzenie-Koszalin-1024x576.jpg 1024w, https:\/\/www.emeryci-sg.org.pl\/wp\/wp-content\/uploads\/2025\/12\/Zyczenia-Boze-Narodzenie-Koszalin-300x169.jpg 300w, https:\/\/www.emeryci-sg.org.pl\/wp\/wp-content\/uploads\/2025\/12\/Zyczenia-Boze-Narodzenie-Koszalin-768x432.jpg 768w, https:\/\/www.emeryci-sg.org.pl\/wp\/wp-content\/uploads\/2025\/12\/Zyczenia-Boze-Narodzenie-Koszalin-555x312.jpg 555w, https:\/\/www.emeryci-sg.org.pl\/wp\/wp-content\/uploads\/2025\/12\/Zyczenia-Boze-Narodzenie-Koszalin.jpg 1280w\" sizes=\"auto, (max-width: 555px) 100vw, 555px\" \/><\/a>\n\t\t\t<\/dt><\/dl><br style=\"clear: both\" \/>\n\t\t<\/div>\n\n","protected":false},"excerpt":{"rendered":"","protected":false},"author":7,"featured_media":22281,"comment_status":"closed","ping_status":"closed","sticky":false,"template":"","format":"standard","meta":{"footnotes":""},"categories":[13],"tags":[],"class_list":["post-22280","post","type-post","status-publish","format-standard","has-post-thumbnail","hentry","category-region-koszalin","nodate","item-wrap"],"_links":{"self":[{"href":"https:\/\/www.emeryci-sg.org.pl\/wp\/wp-json\/wp\/v2\/posts\/22280","targetHints":{"allow":["GET"]}}],"collection":[{"href":"https:\/\/www.emeryci-sg.org.pl\/wp\/wp-json\/wp\/v2\/posts"}],"about":[{"href":"https:\/\/www.emeryci-sg.org.pl\/wp\/wp-json\/wp\/v2\/types\/post"}],"author":[{"embeddable":true,"href":"https:\/\/www.emeryci-sg.org.pl\/wp\/wp-json\/wp\/v2\/users\/7"}],"replies":[{"embeddable":true,"href":"https:\/\/www.emeryci-sg.org.pl\/wp\/wp-json\/wp\/v2\/comments?post=22280"}],"version-history":[{"count":2,"href":"https:\/\/www.emeryci-sg.org.pl\/wp\/wp-json\/wp\/v2\/posts\/22280\/revisions"}],"predecessor-version":[{"id":23171,"href":"https:\/\/www.emeryci-sg.org.pl\/wp\/wp-json\/wp\/v2\/posts\/22280\/revisions\/23171"}],"wp:featuredmedia":[{"embeddable":true,"href":"https:\/\/www.emeryci-sg.org.pl\/wp\/wp-json\/wp\/v2\/media\/22281"}],"wp:attachment":[{"href":"https:\/\/www.emeryci-sg.org.pl\/wp\/wp-json\/wp\/v2\/media?parent=22280"}],"wp:term":[{"taxonomy":"category","embeddable":true,"href":"https:\/\/www.emeryci-sg.org.pl\/wp\/wp-json\/wp\/v2\/categories?post=22280"},{"taxonomy":"post_tag","embeddable":true,"href":"https:\/\/www.emeryci-sg.org.pl\/wp\/wp-json\/wp\/v2\/tags?post=22280"}],"curies":[{"name":"wp","href":"https:\/\/api.w.org\/{rel}","templated":true}]}}