{"id":23545,"date":"2026-05-14T09:20:50","date_gmt":"2026-05-14T07:20:50","guid":{"rendered":"https:\/\/www.emeryci-sg.org.pl\/wp\/?p=23545"},"modified":"2026-05-14T09:20:50","modified_gmt":"2026-05-14T07:20:50","slug":"ostatnie-pozegnanie-sp-por-wop-w-st-spocz-eugeniusza-rozlonkowskiego","status":"publish","type":"post","link":"https:\/\/www.emeryci-sg.org.pl\/wp\/ostatnie-pozegnanie-sp-por-wop-w-st-spocz-eugeniusza-rozlonkowskiego\/","title":{"rendered":"Ostatnie po\u017cegnanie \u015bp. por. WOP w st. spocz. Eugeniusza ROZ\u0141ONKOWSKIEGO."},"content":{"rendered":"<p style=\"text-align: center;\"><a href=\"https:\/\/www.emeryci-sg.org.pl\/wp\/wp-content\/uploads\/2015\/04\/klepsydra_motto.jpg\"><img loading=\"lazy\" decoding=\"async\" class=\"alignnone size-full wp-image-131\" src=\"https:\/\/www.emeryci-sg.org.pl\/wp\/wp-content\/uploads\/2015\/04\/klepsydra_motto.jpg\" alt=\"\" width=\"470\" height=\"100\" srcset=\"https:\/\/www.emeryci-sg.org.pl\/wp\/wp-content\/uploads\/2015\/04\/klepsydra_motto.jpg 470w, https:\/\/www.emeryci-sg.org.pl\/wp\/wp-content\/uploads\/2015\/04\/klepsydra_motto-300x64.jpg 300w\" sizes=\"auto, (max-width: 470px) 100vw, 470px\" \/><\/a><\/p>\n<p style=\"text-align: center;\"><a href=\"https:\/\/www.emeryci-sg.org.pl\/wp\/wp-content\/uploads\/2015\/04\/klepsydra_kreska.png\"><img loading=\"lazy\" decoding=\"async\" class=\"alignnone size-full wp-image-130\" src=\"https:\/\/www.emeryci-sg.org.pl\/wp\/wp-content\/uploads\/2015\/04\/klepsydra_kreska.png\" alt=\"\" width=\"489\" height=\"15\" srcset=\"https:\/\/www.emeryci-sg.org.pl\/wp\/wp-content\/uploads\/2015\/04\/klepsydra_kreska.png 489w, https:\/\/www.emeryci-sg.org.pl\/wp\/wp-content\/uploads\/2015\/04\/klepsydra_kreska-300x9.png 300w\" sizes=\"auto, (max-width: 489px) 100vw, 489px\" \/><\/a><\/p>\n<p style=\"text-align: center;\"><a href=\"https:\/\/www.emeryci-sg.org.pl\/wp\/wp-content\/uploads\/2026\/05\/Eugeniusz-Rozllnkowski.jpg\"><img loading=\"lazy\" decoding=\"async\" class=\"alignnone size-full wp-image-23546\" src=\"https:\/\/www.emeryci-sg.org.pl\/wp\/wp-content\/uploads\/2026\/05\/Eugeniusz-Rozllnkowski.jpg\" alt=\"\" width=\"660\" height=\"596\" srcset=\"https:\/\/www.emeryci-sg.org.pl\/wp\/wp-content\/uploads\/2026\/05\/Eugeniusz-Rozllnkowski.jpg 660w, https:\/\/www.emeryci-sg.org.pl\/wp\/wp-content\/uploads\/2026\/05\/Eugeniusz-Rozllnkowski-300x271.jpg 300w, https:\/\/www.emeryci-sg.org.pl\/wp\/wp-content\/uploads\/2026\/05\/Eugeniusz-Rozllnkowski-555x501.jpg 555w\" sizes=\"auto, (max-width: 660px) 100vw, 660px\" \/><\/a><\/p>\n<p style=\"text-align: center;\"><a href=\"https:\/\/www.emeryci-sg.org.pl\/wp\/wp-content\/uploads\/2015\/04\/klepsydra_kreska.png\"><img loading=\"lazy\" decoding=\"async\" class=\"alignnone size-full wp-image-130\" src=\"https:\/\/www.emeryci-sg.org.pl\/wp\/wp-content\/uploads\/2015\/04\/klepsydra_kreska.png\" alt=\"\" width=\"489\" height=\"15\" srcset=\"https:\/\/www.emeryci-sg.org.pl\/wp\/wp-content\/uploads\/2015\/04\/klepsydra_kreska.png 489w, https:\/\/www.emeryci-sg.org.pl\/wp\/wp-content\/uploads\/2015\/04\/klepsydra_kreska-300x9.png 300w\" sizes=\"auto, (max-width: 489px) 100vw, 489px\" \/><\/a><\/p>\n","protected":false},"excerpt":{"rendered":"","protected":false},"author":2,"featured_media":3549,"comment_status":"closed","ping_status":"closed","sticky":false,"template":"","format":"standard","meta":{"footnotes":""},"categories":[12],"tags":[],"class_list":["post-23545","post","type-post","status-publish","format-standard","has-post-thumbnail","hentry","category-region-slubice","nodate","item-wrap"],"_links":{"self":[{"href":"https:\/\/www.emeryci-sg.org.pl\/wp\/wp-json\/wp\/v2\/posts\/23545","targetHints":{"allow":["GET"]}}],"collection":[{"href":"https:\/\/www.emeryci-sg.org.pl\/wp\/wp-json\/wp\/v2\/posts"}],"about":[{"href":"https:\/\/www.emeryci-sg.org.pl\/wp\/wp-json\/wp\/v2\/types\/post"}],"author":[{"embeddable":true,"href":"https:\/\/www.emeryci-sg.org.pl\/wp\/wp-json\/wp\/v2\/users\/2"}],"replies":[{"embeddable":true,"href":"https:\/\/www.emeryci-sg.org.pl\/wp\/wp-json\/wp\/v2\/comments?post=23545"}],"version-history":[{"count":1,"href":"https:\/\/www.emeryci-sg.org.pl\/wp\/wp-json\/wp\/v2\/posts\/23545\/revisions"}],"predecessor-version":[{"id":23547,"href":"https:\/\/www.emeryci-sg.org.pl\/wp\/wp-json\/wp\/v2\/posts\/23545\/revisions\/23547"}],"wp:featuredmedia":[{"embeddable":true,"href":"https:\/\/www.emeryci-sg.org.pl\/wp\/wp-json\/wp\/v2\/media\/3549"}],"wp:attachment":[{"href":"https:\/\/www.emeryci-sg.org.pl\/wp\/wp-json\/wp\/v2\/media?parent=23545"}],"wp:term":[{"taxonomy":"category","embeddable":true,"href":"https:\/\/www.emeryci-sg.org.pl\/wp\/wp-json\/wp\/v2\/categories?post=23545"},{"taxonomy":"post_tag","embeddable":true,"href":"https:\/\/www.emeryci-sg.org.pl\/wp\/wp-json\/wp\/v2\/tags?post=23545"}],"curies":[{"name":"wp","href":"https:\/\/api.w.org\/{rel}","templated":true}]}}