{"id":2948,"date":"2017-01-21T16:57:45","date_gmt":"2017-01-21T15:57:45","guid":{"rendered":"http:\/\/www.emeryci-sg.org.pl\/wp\/?p=2948"},"modified":"2017-01-27T18:48:59","modified_gmt":"2017-01-27T17:48:59","slug":"walne-zebranie-sprawozdawczo-wyborcze-regionu-sadeckiego-zeirsg","status":"publish","type":"post","link":"https:\/\/www.emeryci-sg.org.pl\/wp\/walne-zebranie-sprawozdawczo-wyborcze-regionu-sadeckiego-zeirsg\/","title":{"rendered":"Walne Zebranie Sprawozdawczo-Wyborcze Regionu S\u0105deckiego ZEiRSG"},"content":{"rendered":"<p style=\"text-align: justify;\"><!--more--><\/p>\n<p style=\"text-align: justify;\">\u00a0\u00a0\u00a0\u00a0\u00a0\u00a0\u00a0 W dniu 17 stycznia 2017 roku odby\u0142o si\u0119 Walne Zebranie Sprawozdawczo \u2013 Wyborcze Zwi\u0105zku Emeryt\u00f3w i Rencist\u00f3w Stra\u017cy Granicznej Regionu S\u0105deckiego. Sal\u0119 odpraw do przeprowadzenia zebrania u\u017cyczy\u0142 Komendant Karpackiego Oddzia\u0142u SG, Pan pp\u0142k SG Stanis\u0142aw Laciuga, kt\u00f3ry by\u0142 honorowym go\u015bciem zebrania. Zaproszenie do udzia\u0142u w zebraniu przyj\u0119li r\u00f3wnie\u017c: by\u0142y Komendant Karpackiego O\u015brodka Wsparcia SG, Pan p\u0142k SG Mieczys\u0142aw Kurek i Prezes Ko\u0142a nr 1 Zwi\u0105zku \u017bo\u0142nierzy Wojska Polskiego,\u00a0 Pan Adam Leszy\u0144ski.<\/p>\n<p style=\"text-align: justify;\">\u00a0\u00a0\u00a0\u00a0\u00a0\u00a0\u00a0\u00a0\u00a0 Zebranie otworzy\u0142 Prezes Regionu, kt\u00f3ry przywita\u0142 wszystkich zebranych. Poinformowa\u0142 o przyj\u0119ciu do Zwi\u0105zku w 2016 i 2017 roku 6 nowych cz\u0142onk\u00f3w zwyczajnych (Bart\u0142omieja \u017b\u00f3\u0142ci\u0144skiego, Andrzeja B\u0142aszczyka, Romana Antkiewicza, Romana Bielskiego, Krzysztofa Stawiarskiego, Zofii Antkiewicz), kt\u00f3rym legitymacje cz\u0142onkowskie wr\u0119czy\u0142 Prezes Zwi\u0105zku, Adam Miksiewicz. Ponadto Prezes Regionu poinformowa\u0142 zebranych, \u017ce w okresie sprawozdawczym (czteroletnia kadencja) Region S\u0105decki powi\u0119kszy\u0142 liczb\u0119 swoich cz\u0142onk\u00f3w o 29 os\u00f3b. Poinformowa\u0142 r\u00f3wnie\u017c, \u017ce Zarz\u0105d Regionu S\u0105deckiego za szczeg\u00f3lne zas\u0142ugi organizacyjne w pracy na rzecz Zwi\u0105zku wyr\u00f3\u017cni\u0142:<\/p>\n<ul style=\"text-align: justify;\">\n<li>dyplomem uznania\u00a0\u00a0\u00a0\u00a0\u00a0\u00a0\u00a0\u00a0\u00a0\u00a0\u00a0\u00a0\u00a0\u00a0\u00a0 &#8211; Krzysztofa Iwa\u0144czyka,<\/li>\n<li>nagrod\u0105 rzeczow\u0105\u00a0\u00a0\u00a0\u00a0\u00a0\u00a0\u00a0\u00a0\u00a0\u00a0\u00a0\u00a0\u00a0\u00a0\u00a0\u00a0 &#8211; Tadeusza Wieciecha i\u00a0Stanis\u0142awa Kozio\u0142ka.<\/li>\n<\/ul>\n<p style=\"text-align: justify;\">\u00a0\u00a0\u00a0\u00a0\u00a0\u00a0\u00a0\u00a0\u00a0\u00a0\u00a0 Za wieloletni\u0105 wsp\u00f3\u0142prac\u0119 i okazywan\u0105 pomoc naszemu Zwi\u0105zkowi szczeg\u00f3lne s\u0142owa podzi\u0119kowania wraz z upominkiem otrzyma\u0142 p\u0142k SG Mieczys\u0142aw Kurek. Nagrody i wyr\u00f3\u017cnienia wr\u0119cza\u0142 osobi\u015bcie Prezes Regionu.<\/p>\n<p style=\"text-align: justify;\">\u00a0\u00a0\u00a0\u00a0\u00a0\u00a0\u00a0\u00a0\u00a0 Po wyborze prezydium zebrania i uchwaleniu regulaminu obrad, sprawozdanie z dzia\u0142alno\u015bci Zarz\u0105du Regionu za lata 2013 \u2013 2016 oraz sprawozdanie finansowe przedstawi\u0142 Prezes Regionu. Za okres sprawozdawczy Zarz\u0105d Regionu pochwali\u0142 si\u0119 organizacj\u0105 mi\u0119dzy innymi:<\/p>\n<ul style=\"text-align: justify;\">\n<li>dw\u00f3ch zabaw noworocznych (Bale Emeryta),<\/li>\n<li>dw\u00f3ch spotka\u0144 op\u0142atkowych,<\/li>\n<li>corocznych zawod\u00f3w strzeleckich z okazji \u015awi\u0119ta Stra\u017cy Granicznej,<\/li>\n<li>corocznych obchod\u00f3w rocznicowych powstania WOP,<\/li>\n<li>corocznych obchod\u00f3w Dnia Weterana S\u0142u\u017cby Granicznej, w tym w roku 2014 \u2013 centralnych obchod\u00f3w tego \u015bwi\u0119ta wsp\u00f3lnie z Zarz\u0105dem G\u0142\u00f3wnym ZEiRSG,<\/li>\n<li>dw\u00f3ch wycieczek krajoznawczo \u2013 historycznych \u201eAtrakcje Ziemi \u015awi\u0119tokrzyskiej\u201d oraz \u201eTwierdza Przemy\u015bl i Kalwaria Pac\u0142awska\u201d,<\/li>\n<\/ul>\n<p style=\"text-align: justify;\">ponadto udzia\u0142em w:<\/p>\n<ul style=\"text-align: justify;\">\n<li>mi\u0119dzynarodowych spotkaniach emeryt\u00f3w policyjnych w Starej Lubovni na S\u0142owacji (co roku),<\/li>\n<li>mistrzostwach Karpackiego O\u015brodka Wsparcia SG oraz Zarz\u0105du Rejonowego Z\u017bWP w strzelaniu,<\/li>\n<li>spotkaniach ze stowarzyszeniami i zwi\u0105zkami emeryt\u00f3w i rencist\u00f3w s\u0142u\u017cb mundurowych z Nowego S\u0105cza,<\/li>\n<li>uroczysto\u015bciach patriotycznych, \u015bwi\u0119tach i rocznicach organizowanych przez Urz\u0105d Miasta Nowego S\u0105cza,<\/li>\n<li>uroczysto\u015bciach i apelach organizowanych przez Karpacki O\u015brodek Wsparcia SG i Karpacki Oddzia\u0142 SG,<\/li>\n<li>nadaniu imienia i sztandaru Karpackiemu O\u015brodkowi Wsparcia SG.<\/li>\n<\/ul>\n<p style=\"text-align: justify;\">\u00a0\u00a0\u00a0\u00a0\u00a0\u00a0\u00a0\u00a0\u00a0 W imieniu Komisji Rewizyjnej Regionu sprawozdanie z przeprowadzonych kontroli oraz sprawozda\u0144 przedstawi\u0142 jej przewodnicz\u0105cy Krzysztof Iwa\u0144czyk, kt\u00f3ry zako\u0144czy\u0142 je wnioskiem o absolutorium dla ust\u0119puj\u0105cego Zarz\u0105du Regionu.<\/p>\n<p style=\"text-align: justify;\">\u00a0\u00a0\u00a0\u00a0\u00a0\u00a0\u00a0\u00a0\u00a0 Po dyskusji cz\u0142onkowie Regionu jednog\u0142o\u015bnie podj\u0119li uchwa\u0142y w sprawie przyj\u0119cia sprawozda\u0144,\u00a0udzielenia absolutorium ust\u0119puj\u0105cemu Zarz\u0105dowi\u00a0oraz zatwierdzenia bilansu i bud\u017cetu Regionu na rok 2017.<\/p>\n<p style=\"text-align: justify;\">\u00a0\u00a0\u00a0\u00a0\u00a0\u00a0\u00a0\u00a0\u00a0 W drugiej cz\u0119\u015bci zebrania, w tajnym g\u0142osowaniu wybrano w\u0142adze Regionu:<\/p>\n<ul style=\"text-align: justify;\">\n<li><b><strong><u>Zarz\u0105d Regionu:<\/u><\/strong>\u00a0\u00a0\u00a0\u00a0\u00a0\u00a0\u00a0\u00a0\u00a0\u00a0\u00a0\u00a0\u00a0<\/b><\/li>\n<\/ul>\n<ul style=\"text-align: justify;\">\n<ul>\n<li>Edward Socha\u00a0\u00a0\u00a0\u00a0\u00a0\u00a0\u00a0\u00a0\u00a0\u00a0\u00a0\u00a0\u00a0\u00a0\u00a0\u00a0\u00a0\u00a0\u00a0\u00a0\u00a0 &#8211; prezes,<\/li>\n<li>Agata Mr\u00f3z\u00a0\u00a0\u00a0\u00a0\u00a0\u00a0\u00a0\u00a0\u00a0\u00a0\u00a0\u00a0\u00a0\u00a0\u00a0\u00a0\u00a0\u00a0\u00a0\u00a0\u00a0\u00a0\u00a0\u00a0\u00a0\u00a0 &#8211; wiceprezes,<\/li>\n<li>Wies\u0142aw Furmanek\u00a0\u00a0\u00a0\u00a0\u00a0\u00a0\u00a0\u00a0\u00a0\u00a0\u00a0\u00a0\u00a0\u00a0 &#8211; wiceprezes,<\/li>\n<li>Tadeusz Wieciech\u00a0\u00a0\u00a0\u00a0\u00a0\u00a0\u00a0\u00a0\u00a0\u00a0\u00a0\u00a0\u00a0\u00a0\u00a0\u00a0 &#8211; sekretarz,<\/li>\n<li>Stanis\u0142aw Kozio\u0142ek\u00a0\u00a0\u00a0\u00a0\u00a0\u00a0\u00a0\u00a0\u00a0\u00a0\u00a0\u00a0\u00a0\u00a0\u00a0 &#8211; skarbnik.<\/li>\n<\/ul>\n<\/ul>\n<ul style=\"text-align: justify;\">\n<li><b><strong><u>Komisj\u0119 Rewizyjn\u0105 Regionu:<\/u><\/strong><\/b><\/li>\n<\/ul>\n<ul style=\"text-align: justify;\">\n<ul>\n<li>Krzysztof Twardowski\u00a0\u00a0\u00a0\u00a0\u00a0\u00a0\u00a0\u00a0 &#8211; przewodnicz\u0105cy,<\/li>\n<li>Zbigniew Gawe\u0142\u00a0\u00a0\u00a0\u00a0\u00a0\u00a0\u00a0\u00a0\u00a0\u00a0\u00a0\u00a0\u00a0\u00a0\u00a0\u00a0\u00a0\u00a0 &#8211; wiceprzewodnicz\u0105cy,<\/li>\n<li>Krzysztof Iwa\u0144czyk\u00a0\u00a0\u00a0\u00a0\u00a0\u00a0\u00a0\u00a0\u00a0\u00a0\u00a0\u00a0 &#8211; sekretarz.<\/li>\n<\/ul>\n<\/ul>\n<ul style=\"text-align: justify;\">\n<li><b><strong><u>Delegat\u00f3w na Krajowy Zjazd Zwi\u0105zku:<\/u><\/strong><\/b><\/li>\n<\/ul>\n<ul style=\"text-align: justify;\">\n<li>Tadeusz Wieciech,<\/li>\n<li>Krzysztof Iwa\u0144czyk,<\/li>\n<li>Krzysztof Twardowski,<\/li>\n<li>Zbigniew Gawe\u0142,<\/li>\n<li>Marian Wielochowski.<\/li>\n<\/ul>\n<p style=\"text-align: justify;\">\u00a0\u00a0\u00a0\u00a0\u00a0\u00a0\u00a0\u00a0\u00a0 Na zako\u0144czenie obrad Prezes Regionu podzi\u0119kowa\u0142 za ogromn\u0105 pomoc w realizacji naszych statutowych dzia\u0142a\u0144 i finansowe wspieranie\u00a0by\u0142emu Komendantowi Karpackiego O\u015brodka Wsparcia SG. Podzi\u0119kowania skierowa\u0142 r\u00f3wnie\u017c do Komendanta Karpackiego Oddzia\u0142u SG za ju\u017c udzielan\u0105 nam pomoc, oraz do Orkiestry Reprezentacyjnej i Pododdzia\u0142u Reprezentacyjnego KOW SG i KaOSG, na kt\u00f3rych pomoc zawsze mogli\u015bmy liczy\u0107. Podzi\u0119kowa\u0142 ust\u0119puj\u0105cemu Zarz\u0105dowi Regionu za ci\u0119\u017ck\u0105 i odpowiedzialn\u0105 prac\u0119\u00a0 w okresie sprawozdawczym, cz\u0142onkom Komisji Rewizyjnej Regionu za wnikliwo\u015b\u0107 prowadzonych kontroli, oraz wszystkim aktywnym cz\u0142onkom Regionu za zaanga\u017cowanie. Pogratulowa\u0142 te\u017c wyboru nowo wybranym w\u0142adzom Regionu oraz delegatom na Zjazd.<\/p>\n<p style=\"text-align: justify;\">\u00a0\u00a0\u00a0\u00a0\u00a0\u00a0\u00a0\u00a0\u00a0\u00a0\u00a0\u00a0\u00a0\u00a0\u00a0\u00a0\u00a0\u00a0\u00a0\u00a0\u00a0\u00a0\u00a0\u00a0\u00a0\u00a0\u00a0\u00a0\u00a0\u00a0\u00a0\u00a0\u00a0\u00a0\u00a0\u00a0\u00a0\u00a0\u00a0\u00a0\u00a0\u00a0\u00a0\u00a0\u00a0\u00a0\u00a0\u00a0\u00a0\u00a0\u00a0\u00a0\u00a0\u00a0\u00a0\u00a0\u00a0\u00a0\u00a0\u00a0\u00a0\u00a0\u00a0\u00a0\u00a0\u00a0\u00a0\u00a0\u00a0\u00a0\u00a0\u00a0\u00a0\u00a0\u00a0\u00a0\u00a0\u00a0\u00a0\u00a0\u00a0 Prezes Regionu S\u0105deckiego<\/p>\n<p style=\"text-align: justify;\">\u00a0\u00a0\u00a0\u00a0\u00a0\u00a0\u00a0\u00a0\u00a0\u00a0\u00a0\u00a0\u00a0\u00a0\u00a0\u00a0\u00a0\u00a0\u00a0\u00a0\u00a0\u00a0\u00a0\u00a0\u00a0\u00a0\u00a0\u00a0\u00a0\u00a0\u00a0\u00a0\u00a0\u00a0\u00a0\u00a0\u00a0\u00a0\u00a0\u00a0\u00a0\u00a0\u00a0\u00a0\u00a0\u00a0\u00a0\u00a0\u00a0\u00a0\u00a0\u00a0\u00a0\u00a0\u00a0\u00a0\u00a0\u00a0\u00a0\u00a0\u00a0\u00a0\u00a0\u00a0\u00a0\u00a0\u00a0\u00a0\u00a0\u00a0\u00a0\u00a0\u00a0\u00a0\u00a0\u00a0\u00a0\u00a0\u00a0\u00a0\u00a0 \u00a0\u00a0\u00a0\u00a0\u00a0\u00a0\u00a0\u00a0 Edward Socha<\/p>\n\n\t\t<style>\n\t\t\t#gallery-1 {\n\t\t\t\tmargin: auto;\n\t\t\t}\n\t\t\t#gallery-1 .gallery-item {\n\t\t\t\tfloat: left;\n\t\t\t\tmargin-top: 10px;\n\t\t\t\ttext-align: center;\n\t\t\t\twidth: 25%;\n\t\t\t}\n\t\t\t#gallery-1 img {\n\t\t\t\tborder: 2px solid #cfcfcf;\n\t\t\t}\n\t\t\t#gallery-1 .gallery-caption {\n\t\t\t\tmargin-left: 0;\n\t\t\t}\n\t\t\t\/* see gallery_shortcode() in wp-includes\/media.php *\/\n\t\t<\/style>\n\t\t<div data-carousel-extra='{\"blog_id\":1,\"permalink\":\"https:\\\/\\\/www.emeryci-sg.org.pl\\\/wp\\\/walne-zebranie-sprawozdawczo-wyborcze-regionu-sadeckiego-zeirsg\\\/\"}' id='gallery-1' class='gallery galleryid-2948 gallery-columns-4 gallery-size-thumbnail'><dl class='gallery-item'>\n\t\t\t<dt class='gallery-icon landscape'>\n\t\t\t\t<a href='https:\/\/www.emeryci-sg.org.pl\/wp\/walne-zebranie-sprawozdawczo-wyborcze-regionu-sadeckiego-zeirsg\/dsc_8126\/'><img loading=\"lazy\" decoding=\"async\" data-attachment-id=\"2972\" data-orig-file=\"https:\/\/www.emeryci-sg.org.pl\/wp\/wp-content\/uploads\/2017\/01\/DSC_8126.jpg\" data-orig-size=\"3000,2000\" data-comments-opened=\"0\" data-image-meta=\"{&quot;aperture&quot;:&quot;3.8&quot;,&quot;credit&quot;:&quot;&quot;,&quot;camera&quot;:&quot;NIKON D7100&quot;,&quot;caption&quot;:&quot;&quot;,&quot;created_timestamp&quot;:&quot;1484673111&quot;,&quot;copyright&quot;:&quot;&quot;,&quot;focal_length&quot;:&quot;24&quot;,&quot;iso&quot;:&quot;900&quot;,&quot;shutter_speed&quot;:&quot;0.016666666666667&quot;,&quot;title&quot;:&quot;&quot;,&quot;orientation&quot;:&quot;1&quot;,&quot;keywords&quot;:&quot;Array&quot;}\" data-image-title=\"DSC_8126\" data-image-description=\"\" data-medium-file=\"https:\/\/www.emeryci-sg.org.pl\/wp\/wp-content\/uploads\/2017\/01\/DSC_8126-300x200.jpg\" data-large-file=\"https:\/\/www.emeryci-sg.org.pl\/wp\/wp-content\/uploads\/2017\/01\/DSC_8126-1024x683.jpg\" width=\"150\" height=\"150\" src=\"https:\/\/www.emeryci-sg.org.pl\/wp\/wp-content\/uploads\/2017\/01\/DSC_8126-150x150.jpg\" class=\"attachment-thumbnail size-thumbnail\" alt=\"\" \/><\/a>\n\t\t\t<\/dt><\/dl><dl class='gallery-item'>\n\t\t\t<dt class='gallery-icon landscape'>\n\t\t\t\t<a href='https:\/\/www.emeryci-sg.org.pl\/wp\/walne-zebranie-sprawozdawczo-wyborcze-regionu-sadeckiego-zeirsg\/dsc_8128\/'><img loading=\"lazy\" decoding=\"async\" data-attachment-id=\"2973\" data-orig-file=\"https:\/\/www.emeryci-sg.org.pl\/wp\/wp-content\/uploads\/2017\/01\/DSC_8128.jpg\" data-orig-size=\"3000,2000\" data-comments-opened=\"0\" data-image-meta=\"{&quot;aperture&quot;:&quot;4.5&quot;,&quot;credit&quot;:&quot;&quot;,&quot;camera&quot;:&quot;NIKON D7100&quot;,&quot;caption&quot;:&quot;&quot;,&quot;created_timestamp&quot;:&quot;1484673122&quot;,&quot;copyright&quot;:&quot;&quot;,&quot;focal_length&quot;:&quot;38&quot;,&quot;iso&quot;:&quot;1400&quot;,&quot;shutter_speed&quot;:&quot;0.016666666666667&quot;,&quot;title&quot;:&quot;&quot;,&quot;orientation&quot;:&quot;1&quot;,&quot;keywords&quot;:&quot;Array&quot;}\" data-image-title=\"DSC_8128\" data-image-description=\"\" data-medium-file=\"https:\/\/www.emeryci-sg.org.pl\/wp\/wp-content\/uploads\/2017\/01\/DSC_8128-300x200.jpg\" data-large-file=\"https:\/\/www.emeryci-sg.org.pl\/wp\/wp-content\/uploads\/2017\/01\/DSC_8128-1024x683.jpg\" width=\"150\" height=\"150\" src=\"https:\/\/www.emeryci-sg.org.pl\/wp\/wp-content\/uploads\/2017\/01\/DSC_8128-150x150.jpg\" class=\"attachment-thumbnail size-thumbnail\" alt=\"\" \/><\/a>\n\t\t\t<\/dt><\/dl><dl class='gallery-item'>\n\t\t\t<dt class='gallery-icon landscape'>\n\t\t\t\t<a href='https:\/\/www.emeryci-sg.org.pl\/wp\/walne-zebranie-sprawozdawczo-wyborcze-regionu-sadeckiego-zeirsg\/dsc_8125\/'><img loading=\"lazy\" decoding=\"async\" data-attachment-id=\"2971\" data-orig-file=\"https:\/\/www.emeryci-sg.org.pl\/wp\/wp-content\/uploads\/2017\/01\/DSC_8125.jpg\" data-orig-size=\"3000,2000\" data-comments-opened=\"0\" data-image-meta=\"{&quot;aperture&quot;:&quot;4.5&quot;,&quot;credit&quot;:&quot;&quot;,&quot;camera&quot;:&quot;NIKON D7100&quot;,&quot;caption&quot;:&quot;&quot;,&quot;created_timestamp&quot;:&quot;1484673071&quot;,&quot;copyright&quot;:&quot;&quot;,&quot;focal_length&quot;:&quot;40&quot;,&quot;iso&quot;:&quot;1100&quot;,&quot;shutter_speed&quot;:&quot;0.016666666666667&quot;,&quot;title&quot;:&quot;&quot;,&quot;orientation&quot;:&quot;1&quot;,&quot;keywords&quot;:&quot;Array&quot;}\" data-image-title=\"DSC_8125\" data-image-description=\"\" data-medium-file=\"https:\/\/www.emeryci-sg.org.pl\/wp\/wp-content\/uploads\/2017\/01\/DSC_8125-300x200.jpg\" data-large-file=\"https:\/\/www.emeryci-sg.org.pl\/wp\/wp-content\/uploads\/2017\/01\/DSC_8125-1024x683.jpg\" width=\"150\" height=\"150\" src=\"https:\/\/www.emeryci-sg.org.pl\/wp\/wp-content\/uploads\/2017\/01\/DSC_8125-150x150.jpg\" class=\"attachment-thumbnail size-thumbnail\" alt=\"\" \/><\/a>\n\t\t\t<\/dt><\/dl><dl class='gallery-item'>\n\t\t\t<dt class='gallery-icon landscape'>\n\t\t\t\t<a href='https:\/\/www.emeryci-sg.org.pl\/wp\/walne-zebranie-sprawozdawczo-wyborcze-regionu-sadeckiego-zeirsg\/dsc_8178\/'><img loading=\"lazy\" decoding=\"async\" data-attachment-id=\"2959\" data-orig-file=\"https:\/\/www.emeryci-sg.org.pl\/wp\/wp-content\/uploads\/2017\/01\/DSC_8178.jpg\" data-orig-size=\"3000,2000\" data-comments-opened=\"0\" data-image-meta=\"{&quot;aperture&quot;:&quot;5.3&quot;,&quot;credit&quot;:&quot;&quot;,&quot;camera&quot;:&quot;NIKON D7100&quot;,&quot;caption&quot;:&quot;&quot;,&quot;created_timestamp&quot;:&quot;1484673908&quot;,&quot;copyright&quot;:&quot;&quot;,&quot;focal_length&quot;:&quot;66&quot;,&quot;iso&quot;:&quot;1600&quot;,&quot;shutter_speed&quot;:&quot;0.016666666666667&quot;,&quot;title&quot;:&quot;&quot;,&quot;orientation&quot;:&quot;1&quot;,&quot;keywords&quot;:&quot;Array&quot;}\" data-image-title=\"DSC_8178\" data-image-description=\"\" data-medium-file=\"https:\/\/www.emeryci-sg.org.pl\/wp\/wp-content\/uploads\/2017\/01\/DSC_8178-300x200.jpg\" data-large-file=\"https:\/\/www.emeryci-sg.org.pl\/wp\/wp-content\/uploads\/2017\/01\/DSC_8178-1024x683.jpg\" width=\"150\" height=\"150\" src=\"https:\/\/www.emeryci-sg.org.pl\/wp\/wp-content\/uploads\/2017\/01\/DSC_8178-150x150.jpg\" class=\"attachment-thumbnail size-thumbnail\" alt=\"\" \/><\/a>\n\t\t\t<\/dt><\/dl><br style=\"clear: both\" \/><dl class='gallery-item'>\n\t\t\t<dt class='gallery-icon landscape'>\n\t\t\t\t<a href='https:\/\/www.emeryci-sg.org.pl\/wp\/walne-zebranie-sprawozdawczo-wyborcze-regionu-sadeckiego-zeirsg\/dsc_8143\/'><img loading=\"lazy\" decoding=\"async\" data-attachment-id=\"2952\" data-orig-file=\"https:\/\/www.emeryci-sg.org.pl\/wp\/wp-content\/uploads\/2017\/01\/DSC_8143.jpg\" data-orig-size=\"3000,2000\" data-comments-opened=\"0\" data-image-meta=\"{&quot;aperture&quot;:&quot;3.5&quot;,&quot;credit&quot;:&quot;&quot;,&quot;camera&quot;:&quot;NIKON D7100&quot;,&quot;caption&quot;:&quot;&quot;,&quot;created_timestamp&quot;:&quot;1484673310&quot;,&quot;copyright&quot;:&quot;&quot;,&quot;focal_length&quot;:&quot;18&quot;,&quot;iso&quot;:&quot;1250&quot;,&quot;shutter_speed&quot;:&quot;0.016666666666667&quot;,&quot;title&quot;:&quot;&quot;,&quot;orientation&quot;:&quot;1&quot;,&quot;keywords&quot;:&quot;Array&quot;}\" data-image-title=\"DSC_8143\" data-image-description=\"\" data-medium-file=\"https:\/\/www.emeryci-sg.org.pl\/wp\/wp-content\/uploads\/2017\/01\/DSC_8143-300x200.jpg\" data-large-file=\"https:\/\/www.emeryci-sg.org.pl\/wp\/wp-content\/uploads\/2017\/01\/DSC_8143-1024x683.jpg\" width=\"150\" height=\"150\" src=\"https:\/\/www.emeryci-sg.org.pl\/wp\/wp-content\/uploads\/2017\/01\/DSC_8143-150x150.jpg\" class=\"attachment-thumbnail size-thumbnail\" alt=\"\" \/><\/a>\n\t\t\t<\/dt><\/dl><dl class='gallery-item'>\n\t\t\t<dt class='gallery-icon landscape'>\n\t\t\t\t<a href='https:\/\/www.emeryci-sg.org.pl\/wp\/walne-zebranie-sprawozdawczo-wyborcze-regionu-sadeckiego-zeirsg\/dsc_8157\/'><img loading=\"lazy\" decoding=\"async\" data-attachment-id=\"2955\" data-orig-file=\"https:\/\/www.emeryci-sg.org.pl\/wp\/wp-content\/uploads\/2017\/01\/DSC_8157.jpg\" data-orig-size=\"3000,2000\" data-comments-opened=\"0\" data-image-meta=\"{&quot;aperture&quot;:&quot;4&quot;,&quot;credit&quot;:&quot;&quot;,&quot;camera&quot;:&quot;NIKON D7100&quot;,&quot;caption&quot;:&quot;&quot;,&quot;created_timestamp&quot;:&quot;1484673511&quot;,&quot;copyright&quot;:&quot;&quot;,&quot;focal_length&quot;:&quot;28&quot;,&quot;iso&quot;:&quot;1400&quot;,&quot;shutter_speed&quot;:&quot;0.016666666666667&quot;,&quot;title&quot;:&quot;&quot;,&quot;orientation&quot;:&quot;1&quot;,&quot;keywords&quot;:&quot;Array&quot;}\" data-image-title=\"DSC_8157\" data-image-description=\"\" data-medium-file=\"https:\/\/www.emeryci-sg.org.pl\/wp\/wp-content\/uploads\/2017\/01\/DSC_8157-300x200.jpg\" data-large-file=\"https:\/\/www.emeryci-sg.org.pl\/wp\/wp-content\/uploads\/2017\/01\/DSC_8157-1024x683.jpg\" width=\"150\" height=\"150\" src=\"https:\/\/www.emeryci-sg.org.pl\/wp\/wp-content\/uploads\/2017\/01\/DSC_8157-150x150.jpg\" class=\"attachment-thumbnail size-thumbnail\" alt=\"\" \/><\/a>\n\t\t\t<\/dt><\/dl><dl class='gallery-item'>\n\t\t\t<dt class='gallery-icon landscape'>\n\t\t\t\t<a href='https:\/\/www.emeryci-sg.org.pl\/wp\/walne-zebranie-sprawozdawczo-wyborcze-regionu-sadeckiego-zeirsg\/dsc_8172\/'><img loading=\"lazy\" decoding=\"async\" data-attachment-id=\"2958\" data-orig-file=\"https:\/\/www.emeryci-sg.org.pl\/wp\/wp-content\/uploads\/2017\/01\/DSC_8172.jpg\" data-orig-size=\"3000,2000\" data-comments-opened=\"0\" data-image-meta=\"{&quot;aperture&quot;:&quot;4&quot;,&quot;credit&quot;:&quot;&quot;,&quot;camera&quot;:&quot;NIKON D7100&quot;,&quot;caption&quot;:&quot;&quot;,&quot;created_timestamp&quot;:&quot;1484673678&quot;,&quot;copyright&quot;:&quot;&quot;,&quot;focal_length&quot;:&quot;25&quot;,&quot;iso&quot;:&quot;1100&quot;,&quot;shutter_speed&quot;:&quot;0.016666666666667&quot;,&quot;title&quot;:&quot;&quot;,&quot;orientation&quot;:&quot;1&quot;,&quot;keywords&quot;:&quot;Array&quot;}\" data-image-title=\"DSC_8172\" data-image-description=\"\" data-medium-file=\"https:\/\/www.emeryci-sg.org.pl\/wp\/wp-content\/uploads\/2017\/01\/DSC_8172-300x200.jpg\" data-large-file=\"https:\/\/www.emeryci-sg.org.pl\/wp\/wp-content\/uploads\/2017\/01\/DSC_8172-1024x683.jpg\" width=\"150\" height=\"150\" src=\"https:\/\/www.emeryci-sg.org.pl\/wp\/wp-content\/uploads\/2017\/01\/DSC_8172-150x150.jpg\" class=\"attachment-thumbnail size-thumbnail\" alt=\"\" \/><\/a>\n\t\t\t<\/dt><\/dl><dl class='gallery-item'>\n\t\t\t<dt class='gallery-icon landscape'>\n\t\t\t\t<a href='https:\/\/www.emeryci-sg.org.pl\/wp\/walne-zebranie-sprawozdawczo-wyborcze-regionu-sadeckiego-zeirsg\/dsc_8146\/'><img loading=\"lazy\" decoding=\"async\" data-attachment-id=\"2953\" data-orig-file=\"https:\/\/www.emeryci-sg.org.pl\/wp\/wp-content\/uploads\/2017\/01\/DSC_8146.jpg\" data-orig-size=\"3000,2000\" data-comments-opened=\"0\" data-image-meta=\"{&quot;aperture&quot;:&quot;3.8&quot;,&quot;credit&quot;:&quot;&quot;,&quot;camera&quot;:&quot;NIKON D7100&quot;,&quot;caption&quot;:&quot;&quot;,&quot;created_timestamp&quot;:&quot;1484673384&quot;,&quot;copyright&quot;:&quot;&quot;,&quot;focal_length&quot;:&quot;21&quot;,&quot;iso&quot;:&quot;1000&quot;,&quot;shutter_speed&quot;:&quot;0.016666666666667&quot;,&quot;title&quot;:&quot;&quot;,&quot;orientation&quot;:&quot;1&quot;,&quot;keywords&quot;:&quot;Array&quot;}\" data-image-title=\"DSC_8146\" data-image-description=\"\" data-medium-file=\"https:\/\/www.emeryci-sg.org.pl\/wp\/wp-content\/uploads\/2017\/01\/DSC_8146-300x200.jpg\" data-large-file=\"https:\/\/www.emeryci-sg.org.pl\/wp\/wp-content\/uploads\/2017\/01\/DSC_8146-1024x683.jpg\" width=\"150\" height=\"150\" src=\"https:\/\/www.emeryci-sg.org.pl\/wp\/wp-content\/uploads\/2017\/01\/DSC_8146-150x150.jpg\" class=\"attachment-thumbnail size-thumbnail\" alt=\"\" \/><\/a>\n\t\t\t<\/dt><\/dl><br style=\"clear: both\" \/><dl class='gallery-item'>\n\t\t\t<dt class='gallery-icon landscape'>\n\t\t\t\t<a href='https:\/\/www.emeryci-sg.org.pl\/wp\/walne-zebranie-sprawozdawczo-wyborcze-regionu-sadeckiego-zeirsg\/dsc_8155\/'><img loading=\"lazy\" decoding=\"async\" data-attachment-id=\"2954\" data-orig-file=\"https:\/\/www.emeryci-sg.org.pl\/wp\/wp-content\/uploads\/2017\/01\/DSC_8155.jpg\" data-orig-size=\"3000,2000\" data-comments-opened=\"0\" data-image-meta=\"{&quot;aperture&quot;:&quot;3.5&quot;,&quot;credit&quot;:&quot;&quot;,&quot;camera&quot;:&quot;NIKON D7100&quot;,&quot;caption&quot;:&quot;&quot;,&quot;created_timestamp&quot;:&quot;1484673466&quot;,&quot;copyright&quot;:&quot;&quot;,&quot;focal_length&quot;:&quot;18&quot;,&quot;iso&quot;:&quot;1250&quot;,&quot;shutter_speed&quot;:&quot;0.016666666666667&quot;,&quot;title&quot;:&quot;&quot;,&quot;orientation&quot;:&quot;1&quot;,&quot;keywords&quot;:&quot;Array&quot;}\" data-image-title=\"DSC_8155\" data-image-description=\"\" data-medium-file=\"https:\/\/www.emeryci-sg.org.pl\/wp\/wp-content\/uploads\/2017\/01\/DSC_8155-300x200.jpg\" data-large-file=\"https:\/\/www.emeryci-sg.org.pl\/wp\/wp-content\/uploads\/2017\/01\/DSC_8155-1024x683.jpg\" width=\"150\" height=\"150\" src=\"https:\/\/www.emeryci-sg.org.pl\/wp\/wp-content\/uploads\/2017\/01\/DSC_8155-150x150.jpg\" class=\"attachment-thumbnail size-thumbnail\" alt=\"\" \/><\/a>\n\t\t\t<\/dt><\/dl><dl class='gallery-item'>\n\t\t\t<dt class='gallery-icon landscape'>\n\t\t\t\t<a href='https:\/\/www.emeryci-sg.org.pl\/wp\/walne-zebranie-sprawozdawczo-wyborcze-regionu-sadeckiego-zeirsg\/dsc_8165\/'><img loading=\"lazy\" decoding=\"async\" data-attachment-id=\"2957\" data-orig-file=\"https:\/\/www.emeryci-sg.org.pl\/wp\/wp-content\/uploads\/2017\/01\/DSC_8165.jpg\" data-orig-size=\"3000,2000\" data-comments-opened=\"0\" data-image-meta=\"{&quot;aperture&quot;:&quot;4.8&quot;,&quot;credit&quot;:&quot;&quot;,&quot;camera&quot;:&quot;NIKON D7100&quot;,&quot;caption&quot;:&quot;&quot;,&quot;created_timestamp&quot;:&quot;1484673570&quot;,&quot;copyright&quot;:&quot;&quot;,&quot;focal_length&quot;:&quot;48&quot;,&quot;iso&quot;:&quot;640&quot;,&quot;shutter_speed&quot;:&quot;0.016666666666667&quot;,&quot;title&quot;:&quot;&quot;,&quot;orientation&quot;:&quot;1&quot;,&quot;keywords&quot;:&quot;Array&quot;}\" data-image-title=\"DSC_8165\" data-image-description=\"\" data-medium-file=\"https:\/\/www.emeryci-sg.org.pl\/wp\/wp-content\/uploads\/2017\/01\/DSC_8165-300x200.jpg\" data-large-file=\"https:\/\/www.emeryci-sg.org.pl\/wp\/wp-content\/uploads\/2017\/01\/DSC_8165-1024x683.jpg\" width=\"150\" height=\"150\" src=\"https:\/\/www.emeryci-sg.org.pl\/wp\/wp-content\/uploads\/2017\/01\/DSC_8165-150x150.jpg\" class=\"attachment-thumbnail size-thumbnail\" alt=\"\" \/><\/a>\n\t\t\t<\/dt><\/dl><dl class='gallery-item'>\n\t\t\t<dt class='gallery-icon landscape'>\n\t\t\t\t<a href='https:\/\/www.emeryci-sg.org.pl\/wp\/walne-zebranie-sprawozdawczo-wyborcze-regionu-sadeckiego-zeirsg\/dsc_8163\/'><img loading=\"lazy\" decoding=\"async\" data-attachment-id=\"2956\" data-orig-file=\"https:\/\/www.emeryci-sg.org.pl\/wp\/wp-content\/uploads\/2017\/01\/DSC_8163.jpg\" data-orig-size=\"3000,2000\" data-comments-opened=\"0\" data-image-meta=\"{&quot;aperture&quot;:&quot;4.8&quot;,&quot;credit&quot;:&quot;&quot;,&quot;camera&quot;:&quot;NIKON D7100&quot;,&quot;caption&quot;:&quot;&quot;,&quot;created_timestamp&quot;:&quot;1484673557&quot;,&quot;copyright&quot;:&quot;&quot;,&quot;focal_length&quot;:&quot;48&quot;,&quot;iso&quot;:&quot;800&quot;,&quot;shutter_speed&quot;:&quot;0.02&quot;,&quot;title&quot;:&quot;&quot;,&quot;orientation&quot;:&quot;1&quot;,&quot;keywords&quot;:&quot;Array&quot;}\" data-image-title=\"DSC_8163\" data-image-description=\"\" data-medium-file=\"https:\/\/www.emeryci-sg.org.pl\/wp\/wp-content\/uploads\/2017\/01\/DSC_8163-300x200.jpg\" data-large-file=\"https:\/\/www.emeryci-sg.org.pl\/wp\/wp-content\/uploads\/2017\/01\/DSC_8163-1024x683.jpg\" width=\"150\" height=\"150\" src=\"https:\/\/www.emeryci-sg.org.pl\/wp\/wp-content\/uploads\/2017\/01\/DSC_8163-150x150.jpg\" class=\"attachment-thumbnail size-thumbnail\" alt=\"\" \/><\/a>\n\t\t\t<\/dt><\/dl><dl class='gallery-item'>\n\t\t\t<dt class='gallery-icon landscape'>\n\t\t\t\t<a href='https:\/\/www.emeryci-sg.org.pl\/wp\/walne-zebranie-sprawozdawczo-wyborcze-regionu-sadeckiego-zeirsg\/dsc_8139\/'><img loading=\"lazy\" decoding=\"async\" data-attachment-id=\"2951\" data-orig-file=\"https:\/\/www.emeryci-sg.org.pl\/wp\/wp-content\/uploads\/2017\/01\/DSC_8139.jpg\" data-orig-size=\"3000,2000\" data-comments-opened=\"0\" data-image-meta=\"{&quot;aperture&quot;:&quot;4&quot;,&quot;credit&quot;:&quot;&quot;,&quot;camera&quot;:&quot;NIKON D7100&quot;,&quot;caption&quot;:&quot;&quot;,&quot;created_timestamp&quot;:&quot;1484673210&quot;,&quot;copyright&quot;:&quot;&quot;,&quot;focal_length&quot;:&quot;21&quot;,&quot;iso&quot;:&quot;640&quot;,&quot;shutter_speed&quot;:&quot;0.016666666666667&quot;,&quot;title&quot;:&quot;&quot;,&quot;orientation&quot;:&quot;1&quot;,&quot;keywords&quot;:&quot;Array&quot;}\" data-image-title=\"DSC_8139\" data-image-description=\"\" data-medium-file=\"https:\/\/www.emeryci-sg.org.pl\/wp\/wp-content\/uploads\/2017\/01\/DSC_8139-300x200.jpg\" data-large-file=\"https:\/\/www.emeryci-sg.org.pl\/wp\/wp-content\/uploads\/2017\/01\/DSC_8139-1024x683.jpg\" width=\"150\" height=\"150\" src=\"https:\/\/www.emeryci-sg.org.pl\/wp\/wp-content\/uploads\/2017\/01\/DSC_8139-150x150.jpg\" class=\"attachment-thumbnail size-thumbnail\" alt=\"\" \/><\/a>\n\t\t\t<\/dt><\/dl><br style=\"clear: both\" \/><dl class='gallery-item'>\n\t\t\t<dt class='gallery-icon landscape'>\n\t\t\t\t<a href='https:\/\/www.emeryci-sg.org.pl\/wp\/walne-zebranie-sprawozdawczo-wyborcze-regionu-sadeckiego-zeirsg\/dsc_8133\/'><img loading=\"lazy\" decoding=\"async\" data-attachment-id=\"2950\" data-orig-file=\"https:\/\/www.emeryci-sg.org.pl\/wp\/wp-content\/uploads\/2017\/01\/DSC_8133.jpg\" data-orig-size=\"3000,2000\" data-comments-opened=\"0\" data-image-meta=\"{&quot;aperture&quot;:&quot;4&quot;,&quot;credit&quot;:&quot;&quot;,&quot;camera&quot;:&quot;NIKON D7100&quot;,&quot;caption&quot;:&quot;&quot;,&quot;created_timestamp&quot;:&quot;1484673155&quot;,&quot;copyright&quot;:&quot;&quot;,&quot;focal_length&quot;:&quot;22&quot;,&quot;iso&quot;:&quot;640&quot;,&quot;shutter_speed&quot;:&quot;0.016666666666667&quot;,&quot;title&quot;:&quot;&quot;,&quot;orientation&quot;:&quot;1&quot;,&quot;keywords&quot;:&quot;Array&quot;}\" data-image-title=\"DSC_8133\" data-image-description=\"\" data-medium-file=\"https:\/\/www.emeryci-sg.org.pl\/wp\/wp-content\/uploads\/2017\/01\/DSC_8133-300x200.jpg\" data-large-file=\"https:\/\/www.emeryci-sg.org.pl\/wp\/wp-content\/uploads\/2017\/01\/DSC_8133-1024x683.jpg\" width=\"150\" height=\"150\" src=\"https:\/\/www.emeryci-sg.org.pl\/wp\/wp-content\/uploads\/2017\/01\/DSC_8133-150x150.jpg\" class=\"attachment-thumbnail size-thumbnail\" alt=\"\" \/><\/a>\n\t\t\t<\/dt><\/dl><dl class='gallery-item'>\n\t\t\t<dt class='gallery-icon landscape'>\n\t\t\t\t<a href='https:\/\/www.emeryci-sg.org.pl\/wp\/walne-zebranie-sprawozdawczo-wyborcze-regionu-sadeckiego-zeirsg\/dsc_8131\/'><img loading=\"lazy\" decoding=\"async\" data-attachment-id=\"2949\" data-orig-file=\"https:\/\/www.emeryci-sg.org.pl\/wp\/wp-content\/uploads\/2017\/01\/DSC_8131.jpg\" data-orig-size=\"3000,2000\" data-comments-opened=\"0\" data-image-meta=\"{&quot;aperture&quot;:&quot;4.2&quot;,&quot;credit&quot;:&quot;&quot;,&quot;camera&quot;:&quot;NIKON D7100&quot;,&quot;caption&quot;:&quot;&quot;,&quot;created_timestamp&quot;:&quot;1484673142&quot;,&quot;copyright&quot;:&quot;&quot;,&quot;focal_length&quot;:&quot;32&quot;,&quot;iso&quot;:&quot;800&quot;,&quot;shutter_speed&quot;:&quot;0.016666666666667&quot;,&quot;title&quot;:&quot;&quot;,&quot;orientation&quot;:&quot;1&quot;,&quot;keywords&quot;:&quot;Array&quot;}\" data-image-title=\"DSC_8131\" data-image-description=\"\" data-medium-file=\"https:\/\/www.emeryci-sg.org.pl\/wp\/wp-content\/uploads\/2017\/01\/DSC_8131-300x200.jpg\" data-large-file=\"https:\/\/www.emeryci-sg.org.pl\/wp\/wp-content\/uploads\/2017\/01\/DSC_8131-1024x683.jpg\" width=\"150\" height=\"150\" src=\"https:\/\/www.emeryci-sg.org.pl\/wp\/wp-content\/uploads\/2017\/01\/DSC_8131-150x150.jpg\" class=\"attachment-thumbnail size-thumbnail\" alt=\"\" \/><\/a>\n\t\t\t<\/dt><\/dl><dl class='gallery-item'>\n\t\t\t<dt class='gallery-icon landscape'>\n\t\t\t\t<a href='https:\/\/www.emeryci-sg.org.pl\/wp\/walne-zebranie-sprawozdawczo-wyborcze-regionu-sadeckiego-zeirsg\/dsc_8129\/'><img loading=\"lazy\" decoding=\"async\" data-attachment-id=\"2974\" data-orig-file=\"https:\/\/www.emeryci-sg.org.pl\/wp\/wp-content\/uploads\/2017\/01\/DSC_8129.jpg\" data-orig-size=\"3000,2000\" data-comments-opened=\"0\" data-image-meta=\"{&quot;aperture&quot;:&quot;3.8&quot;,&quot;credit&quot;:&quot;&quot;,&quot;camera&quot;:&quot;NIKON D7100&quot;,&quot;caption&quot;:&quot;&quot;,&quot;created_timestamp&quot;:&quot;1484673131&quot;,&quot;copyright&quot;:&quot;&quot;,&quot;focal_length&quot;:&quot;24&quot;,&quot;iso&quot;:&quot;560&quot;,&quot;shutter_speed&quot;:&quot;0.016666666666667&quot;,&quot;title&quot;:&quot;&quot;,&quot;orientation&quot;:&quot;1&quot;,&quot;keywords&quot;:&quot;Array&quot;}\" data-image-title=\"DSC_8129\" data-image-description=\"\" data-medium-file=\"https:\/\/www.emeryci-sg.org.pl\/wp\/wp-content\/uploads\/2017\/01\/DSC_8129-300x200.jpg\" data-large-file=\"https:\/\/www.emeryci-sg.org.pl\/wp\/wp-content\/uploads\/2017\/01\/DSC_8129-1024x683.jpg\" width=\"150\" height=\"150\" src=\"https:\/\/www.emeryci-sg.org.pl\/wp\/wp-content\/uploads\/2017\/01\/DSC_8129-150x150.jpg\" class=\"attachment-thumbnail size-thumbnail\" alt=\"\" \/><\/a>\n\t\t\t<\/dt><\/dl><dl class='gallery-item'>\n\t\t\t<dt class='gallery-icon landscape'>\n\t\t\t\t<a href='https:\/\/www.emeryci-sg.org.pl\/wp\/walne-zebranie-sprawozdawczo-wyborcze-regionu-sadeckiego-zeirsg\/dsc_8181\/'><img loading=\"lazy\" decoding=\"async\" data-attachment-id=\"2960\" data-orig-file=\"https:\/\/www.emeryci-sg.org.pl\/wp\/wp-content\/uploads\/2017\/01\/DSC_8181.jpg\" data-orig-size=\"3000,2000\" data-comments-opened=\"0\" data-image-meta=\"{&quot;aperture&quot;:&quot;3.5&quot;,&quot;credit&quot;:&quot;&quot;,&quot;camera&quot;:&quot;NIKON D7100&quot;,&quot;caption&quot;:&quot;&quot;,&quot;created_timestamp&quot;:&quot;1484673941&quot;,&quot;copyright&quot;:&quot;&quot;,&quot;focal_length&quot;:&quot;18&quot;,&quot;iso&quot;:&quot;400&quot;,&quot;shutter_speed&quot;:&quot;0.016666666666667&quot;,&quot;title&quot;:&quot;&quot;,&quot;orientation&quot;:&quot;1&quot;,&quot;keywords&quot;:&quot;Array&quot;}\" data-image-title=\"DSC_8181\" data-image-description=\"\" data-medium-file=\"https:\/\/www.emeryci-sg.org.pl\/wp\/wp-content\/uploads\/2017\/01\/DSC_8181-300x200.jpg\" data-large-file=\"https:\/\/www.emeryci-sg.org.pl\/wp\/wp-content\/uploads\/2017\/01\/DSC_8181-1024x683.jpg\" width=\"150\" height=\"150\" src=\"https:\/\/www.emeryci-sg.org.pl\/wp\/wp-content\/uploads\/2017\/01\/DSC_8181-150x150.jpg\" class=\"attachment-thumbnail size-thumbnail\" alt=\"\" \/><\/a>\n\t\t\t<\/dt><\/dl><br style=\"clear: both\" \/><dl class='gallery-item'>\n\t\t\t<dt class='gallery-icon landscape'>\n\t\t\t\t<a href='https:\/\/www.emeryci-sg.org.pl\/wp\/walne-zebranie-sprawozdawczo-wyborcze-regionu-sadeckiego-zeirsg\/dsc_8130\/'><img loading=\"lazy\" decoding=\"async\" data-attachment-id=\"2975\" data-orig-file=\"https:\/\/www.emeryci-sg.org.pl\/wp\/wp-content\/uploads\/2017\/01\/DSC_8130.jpg\" data-orig-size=\"3000,2000\" data-comments-opened=\"0\" data-image-meta=\"{&quot;aperture&quot;:&quot;4.2&quot;,&quot;credit&quot;:&quot;&quot;,&quot;camera&quot;:&quot;NIKON D7100&quot;,&quot;caption&quot;:&quot;&quot;,&quot;created_timestamp&quot;:&quot;1484673137&quot;,&quot;copyright&quot;:&quot;&quot;,&quot;focal_length&quot;:&quot;34&quot;,&quot;iso&quot;:&quot;900&quot;,&quot;shutter_speed&quot;:&quot;0.016666666666667&quot;,&quot;title&quot;:&quot;&quot;,&quot;orientation&quot;:&quot;1&quot;,&quot;keywords&quot;:&quot;Array&quot;}\" data-image-title=\"DSC_8130\" data-image-description=\"\" data-medium-file=\"https:\/\/www.emeryci-sg.org.pl\/wp\/wp-content\/uploads\/2017\/01\/DSC_8130-300x200.jpg\" data-large-file=\"https:\/\/www.emeryci-sg.org.pl\/wp\/wp-content\/uploads\/2017\/01\/DSC_8130-1024x683.jpg\" width=\"150\" height=\"150\" src=\"https:\/\/www.emeryci-sg.org.pl\/wp\/wp-content\/uploads\/2017\/01\/DSC_8130-150x150.jpg\" class=\"attachment-thumbnail size-thumbnail\" alt=\"\" \/><\/a>\n\t\t\t<\/dt><\/dl><dl class='gallery-item'>\n\t\t\t<dt class='gallery-icon landscape'>\n\t\t\t\t<a href='https:\/\/www.emeryci-sg.org.pl\/wp\/walne-zebranie-sprawozdawczo-wyborcze-regionu-sadeckiego-zeirsg\/dsc_8195\/'><img loading=\"lazy\" decoding=\"async\" data-attachment-id=\"2961\" data-orig-file=\"https:\/\/www.emeryci-sg.org.pl\/wp\/wp-content\/uploads\/2017\/01\/DSC_8195.jpg\" data-orig-size=\"3000,2000\" data-comments-opened=\"0\" data-image-meta=\"{&quot;aperture&quot;:&quot;5.6&quot;,&quot;credit&quot;:&quot;&quot;,&quot;camera&quot;:&quot;NIKON D7100&quot;,&quot;caption&quot;:&quot;&quot;,&quot;created_timestamp&quot;:&quot;1484679712&quot;,&quot;copyright&quot;:&quot;&quot;,&quot;focal_length&quot;:&quot;105&quot;,&quot;iso&quot;:&quot;900&quot;,&quot;shutter_speed&quot;:&quot;0.033333333333333&quot;,&quot;title&quot;:&quot;&quot;,&quot;orientation&quot;:&quot;1&quot;,&quot;keywords&quot;:&quot;Array&quot;}\" data-image-title=\"DSC_8195\" data-image-description=\"\" data-medium-file=\"https:\/\/www.emeryci-sg.org.pl\/wp\/wp-content\/uploads\/2017\/01\/DSC_8195-300x200.jpg\" data-large-file=\"https:\/\/www.emeryci-sg.org.pl\/wp\/wp-content\/uploads\/2017\/01\/DSC_8195-1024x683.jpg\" width=\"150\" height=\"150\" src=\"https:\/\/www.emeryci-sg.org.pl\/wp\/wp-content\/uploads\/2017\/01\/DSC_8195-150x150.jpg\" class=\"attachment-thumbnail size-thumbnail\" alt=\"\" \/><\/a>\n\t\t\t<\/dt><\/dl><dl class='gallery-item'>\n\t\t\t<dt class='gallery-icon landscape'>\n\t\t\t\t<a href='https:\/\/www.emeryci-sg.org.pl\/wp\/walne-zebranie-sprawozdawczo-wyborcze-regionu-sadeckiego-zeirsg\/dsc_8199\/'><img loading=\"lazy\" decoding=\"async\" data-attachment-id=\"2963\" data-orig-file=\"https:\/\/www.emeryci-sg.org.pl\/wp\/wp-content\/uploads\/2017\/01\/DSC_8199.jpg\" data-orig-size=\"3000,2000\" data-comments-opened=\"0\" data-image-meta=\"{&quot;aperture&quot;:&quot;3.8&quot;,&quot;credit&quot;:&quot;&quot;,&quot;camera&quot;:&quot;NIKON D7100&quot;,&quot;caption&quot;:&quot;&quot;,&quot;created_timestamp&quot;:&quot;1484682747&quot;,&quot;copyright&quot;:&quot;&quot;,&quot;focal_length&quot;:&quot;22&quot;,&quot;iso&quot;:&quot;1600&quot;,&quot;shutter_speed&quot;:&quot;0.016666666666667&quot;,&quot;title&quot;:&quot;&quot;,&quot;orientation&quot;:&quot;1&quot;,&quot;keywords&quot;:&quot;Array&quot;}\" data-image-title=\"DSC_8199\" data-image-description=\"\" data-medium-file=\"https:\/\/www.emeryci-sg.org.pl\/wp\/wp-content\/uploads\/2017\/01\/DSC_8199-300x200.jpg\" data-large-file=\"https:\/\/www.emeryci-sg.org.pl\/wp\/wp-content\/uploads\/2017\/01\/DSC_8199-1024x683.jpg\" width=\"150\" height=\"150\" src=\"https:\/\/www.emeryci-sg.org.pl\/wp\/wp-content\/uploads\/2017\/01\/DSC_8199-150x150.jpg\" class=\"attachment-thumbnail size-thumbnail\" alt=\"\" \/><\/a>\n\t\t\t<\/dt><\/dl><dl class='gallery-item'>\n\t\t\t<dt class='gallery-icon landscape'>\n\t\t\t\t<a href='https:\/\/www.emeryci-sg.org.pl\/wp\/walne-zebranie-sprawozdawczo-wyborcze-regionu-sadeckiego-zeirsg\/dsc_8197\/'><img loading=\"lazy\" decoding=\"async\" data-attachment-id=\"2962\" data-orig-file=\"https:\/\/www.emeryci-sg.org.pl\/wp\/wp-content\/uploads\/2017\/01\/DSC_8197.jpg\" data-orig-size=\"3000,2000\" data-comments-opened=\"0\" data-image-meta=\"{&quot;aperture&quot;:&quot;3.5&quot;,&quot;credit&quot;:&quot;&quot;,&quot;camera&quot;:&quot;NIKON D7100&quot;,&quot;caption&quot;:&quot;&quot;,&quot;created_timestamp&quot;:&quot;1484682723&quot;,&quot;copyright&quot;:&quot;&quot;,&quot;focal_length&quot;:&quot;18&quot;,&quot;iso&quot;:&quot;1400&quot;,&quot;shutter_speed&quot;:&quot;0.016666666666667&quot;,&quot;title&quot;:&quot;&quot;,&quot;orientation&quot;:&quot;1&quot;,&quot;keywords&quot;:&quot;Array&quot;}\" data-image-title=\"DSC_8197\" data-image-description=\"\" data-medium-file=\"https:\/\/www.emeryci-sg.org.pl\/wp\/wp-content\/uploads\/2017\/01\/DSC_8197-300x200.jpg\" data-large-file=\"https:\/\/www.emeryci-sg.org.pl\/wp\/wp-content\/uploads\/2017\/01\/DSC_8197-1024x683.jpg\" width=\"150\" height=\"150\" src=\"https:\/\/www.emeryci-sg.org.pl\/wp\/wp-content\/uploads\/2017\/01\/DSC_8197-150x150.jpg\" class=\"attachment-thumbnail size-thumbnail\" alt=\"\" \/><\/a>\n\t\t\t<\/dt><\/dl><br style=\"clear: both\" \/>\n\t\t<\/div>\n\n","protected":false},"excerpt":{"rendered":"","protected":false},"author":2,"featured_media":2951,"comment_status":"closed","ping_status":"closed","sticky":false,"template":"","format":"standard","meta":{"footnotes":""},"categories":[11],"tags":[],"class_list":["post-2948","post","type-post","status-publish","format-standard","has-post-thumbnail","hentry","category-region-nowy-sacz","nodate","item-wrap"],"_links":{"self":[{"href":"https:\/\/www.emeryci-sg.org.pl\/wp\/wp-json\/wp\/v2\/posts\/2948","targetHints":{"allow":["GET"]}}],"collection":[{"href":"https:\/\/www.emeryci-sg.org.pl\/wp\/wp-json\/wp\/v2\/posts"}],"about":[{"href":"https:\/\/www.emeryci-sg.org.pl\/wp\/wp-json\/wp\/v2\/types\/post"}],"author":[{"embeddable":true,"href":"https:\/\/www.emeryci-sg.org.pl\/wp\/wp-json\/wp\/v2\/users\/2"}],"replies":[{"embeddable":true,"href":"https:\/\/www.emeryci-sg.org.pl\/wp\/wp-json\/wp\/v2\/comments?post=2948"}],"version-history":[{"count":5,"href":"https:\/\/www.emeryci-sg.org.pl\/wp\/wp-json\/wp\/v2\/posts\/2948\/revisions"}],"predecessor-version":[{"id":3012,"href":"https:\/\/www.emeryci-sg.org.pl\/wp\/wp-json\/wp\/v2\/posts\/2948\/revisions\/3012"}],"wp:featuredmedia":[{"embeddable":true,"href":"https:\/\/www.emeryci-sg.org.pl\/wp\/wp-json\/wp\/v2\/media\/2951"}],"wp:attachment":[{"href":"https:\/\/www.emeryci-sg.org.pl\/wp\/wp-json\/wp\/v2\/media?parent=2948"}],"wp:term":[{"taxonomy":"category","embeddable":true,"href":"https:\/\/www.emeryci-sg.org.pl\/wp\/wp-json\/wp\/v2\/categories?post=2948"},{"taxonomy":"post_tag","embeddable":true,"href":"https:\/\/www.emeryci-sg.org.pl\/wp\/wp-json\/wp\/v2\/tags?post=2948"}],"curies":[{"name":"wp","href":"https:\/\/api.w.org\/{rel}","templated":true}]}}