{"id":802,"date":"2015-06-04T10:53:30","date_gmt":"2015-06-04T08:53:30","guid":{"rendered":"http:\/\/www.emeryci-sg.org.pl\/wp\/?p=802"},"modified":"2015-06-28T18:25:24","modified_gmt":"2015-06-28T16:25:24","slug":"70-lat-luzyckiej-brygady-wop","status":"publish","type":"post","link":"https:\/\/www.emeryci-sg.org.pl\/wp\/70-lat-luzyckiej-brygady-wop\/","title":{"rendered":"70 lat \u0141u\u017cyckiej Brygady WOP"},"content":{"rendered":"<p>&nbsp;<\/p>\n<p style=\"text-align: justify;\">\u00a0\u00a0\u00a0\u00a0\u00a0\u00a0\u00a0\u00a0\u00a0\u00a0 Po 45 latach, 8 miesi\u0105cach i 2 dniach s\u0142u\u017cby na po\u0142udniowo \u2013 zachodnich rubie\u017cach Polski \u2013 \u0141u\u017cycka Brygada WOP przesz\u0142a do historii. Zosta\u0142a jednak po niej pami\u0119\u0107 w sercach i umys\u0142ach by\u0142ych jej \u017co\u0142nierzy. To z ich inicjatywy, ku pami\u0119ci mieszka\u0144com Lubania i nast\u0119pcom w s\u0142u\u017cbie funkcjonariuszom Stra\u017cy Granicznej w obiekcie O\u015brodka Szkole\u0144 Specjalistycznych SG w Lubaniu ods\u0142oni\u0119to tablic\u0119 upami\u0119tniaj\u0105c\u0105 Wojska Ochrony Pogranicza.<\/p>\n<p style=\"text-align: justify;\"><!--more--><\/p>\n<p style=\"text-align: justify;\">\u00a0\u00a0\u00a0\u00a0\u00a0\u00a0\u00a0\u00a0\u00a0\u00a0 W uroczysto\u015bci wzi\u0119li udzia\u0142 byli \u017co\u0142nierze WOP i obecna kadra OSSSG. Symboliczn\u0105 wst\u0119g\u0119 przecinali :<\/p>\n<p style=\"text-align: justify;\">\u00a0\u00a0\u00a0\u00a0\u00a0\u00a0\u00a0\u00a0\u00a0\u00a0\u00a0 &#8211; byli dow\u00f3dcy \u0141u\u017cyckiej Brygady WOP : p\u0142k dypl. mgr Ryszard Bartoszewicz i p\u0142k \u00a0dypl. J\u00f3zef Galicki,<\/p>\n<p style=\"text-align: justify;\">\u00a0\u00a0\u00a0\u00a0\u00a0\u00a0\u00a0\u00a0\u00a0\u00a0\u00a0 &#8211; Starosta Luba\u0144ski : Walery Czarnecki,<\/p>\n<p style=\"text-align: justify;\">\u00a0\u00a0\u00a0\u00a0\u00a0\u00a0\u00a0\u00a0\u00a0\u00a0\u00a0 &#8211; Burmistrz Miasta Lubania : Arkadiusz S\u0142owi\u0144ski,<\/p>\n<p style=\"text-align: justify;\">\u00a0\u00a0\u00a0\u00a0\u00a0\u00a0\u00a0\u00a0\u00a0\u00a0\u00a0 &#8211; Komendant OSSSG : p\u0142k Marek Woszczaty\u0144ski,<\/p>\n<p style=\"text-align: justify;\">\u00a0\u00a0\u00a0\u00a0\u00a0\u00a0\u00a0\u00a0\u00a0\u00a0 &#8211; Prezes Zwi\u0105zku Emeryt\u00f3w i Rencist\u00f3w SG : pp\u0142k Adam Miksiewicz,<\/p>\n<p style=\"text-align: justify;\">\u00a0\u00a0\u00a0\u00a0\u00a0\u00a0\u00a0\u00a0\u00a0\u00a0\u00a0 &#8211; Prezes Zarz\u0105du ZEiRSG w Lubaniu : mjr Jan Hofbauer,<\/p>\n<p style=\"text-align: justify;\">\u00a0\u00a0\u00a0\u00a0\u00a0\u00a0\u00a0\u00a0\u00a0\u00a0\u00a0 &#8211; by\u0142y Komendant \u0141u\u017cyckiego Oddzia\u0142u SG : p\u0142k Jan Toma.<\/p>\n<p style=\"text-align: justify;\">\u00a0\u00a0\u00a0\u00a0\u00a0\u00a0\u00a0\u00a0\u00a0\u00a0\u00a0 Opraw\u0119 muzyczn\u0105 zgodnie z ceremonia\u0142em zapewni\u0142a Orkiestra Reprezentacyjna Stra\u017cy Granicznej.<\/p>\n<p style=\"text-align: justify;\">\u00a0\u00a0\u00a0\u00a0\u00a0\u00a0\u00a0\u00a0\u00a0\u00a0\u00a0\u00a0\u00a0\u00a0\u00a0\u00a0\u00a0\u00a0\u00a0\u00a0\u00a0\u00a0\u00a0\u00a0\u00a0\u00a0\u00a0\u00a0\u00a0\u00a0\u00a0\u00a0\u00a0\u00a0\u00a0\u00a0\u00a0\u00a0\u00a0\u00a0\u00a0\u00a0\u00a0\u00a0\u00a0\u00a0\u00a0\u00a0\u00a0\u00a0\u00a0\u00a0\u00a0\u00a0\u00a0\u00a0\u00a0\u00a0\u00a0\u00a0\u00a0\u00a0\u00a0\u00a0\u00a0\u00a0\u00a0\u00a0\u00a0\u00a0\u00a0\u00a0\u00a0\u00a0\u00a0\u00a0\u00a0\u00a0 pp\u0142k Leszek Duczy\u0144ki<\/p>\n<div data-carousel-extra='{\"blog_id\":1,\"permalink\":\"https:\\\/\\\/www.emeryci-sg.org.pl\\\/wp\\\/70-lat-luzyckiej-brygady-wop\\\/\"}' class=\"tiled-gallery type-rectangular\" data-original-width=\"555\"><div class=\"gallery-row\" style=\"width: 550px; height: 241px;\"><div class=\"gallery-group images-1\" style=\"width: 367px; height: 245px;\"><div class=\"tiled-gallery-item tiled-gallery-item-large\"><a href=\"https:\/\/www.emeryci-sg.org.pl\/wp\/70-lat-luzyckiej-brygady-wop\/osloniecie-tablicy-6\/\"><img loading=\"lazy\" decoding=\"async\" data-attachment-id=\"811\" data-orig-file=\"https:\/\/www.emeryci-sg.org.pl\/wp\/wp-content\/uploads\/2015\/06\/os\u0142oni\u0119cie-tablicy-6.jpg\" data-orig-size=\"1000,662\" data-comments-opened=\"0\" data-image-meta=\"{&quot;aperture&quot;:&quot;5&quot;,&quot;credit&quot;:&quot;&quot;,&quot;camera&quot;:&quot;NIKON D7000&quot;,&quot;caption&quot;:&quot;&quot;,&quot;created_timestamp&quot;:&quot;1433083146&quot;,&quot;copyright&quot;:&quot;&quot;,&quot;focal_length&quot;:&quot;20&quot;,&quot;iso&quot;:&quot;100&quot;,&quot;shutter_speed&quot;:&quot;0.004&quot;,&quot;title&quot;:&quot;&quot;,&quot;orientation&quot;:&quot;1&quot;}\" data-image-title=\"os\u0142oni\u0119cie tablicy 6\" data-image-description=\"\" data-medium-file=\"https:\/\/www.emeryci-sg.org.pl\/wp\/wp-content\/uploads\/2015\/06\/os\u0142oni\u0119cie-tablicy-6-300x199.jpg\" data-large-file=\"https:\/\/www.emeryci-sg.org.pl\/wp\/wp-content\/uploads\/2015\/06\/os\u0142oni\u0119cie-tablicy-6.jpg\" src=\"https:\/\/www.emeryci-sg.org.pl\/wp\/wp-content\/uploads\/2015\/06\/os\u0142oni\u0119cie-tablicy-6-363x241.jpg\" width=\"363\" height=\"241\" align=\"left\" title=\"os\u0142oni\u0119cie tablicy 6\" \/><\/a><\/div><\/div><div class=\"gallery-group images-2\" style=\"width: 183px; height: 245px;\"><div class=\"tiled-gallery-item tiled-gallery-item-small\"><a href=\"https:\/\/www.emeryci-sg.org.pl\/wp\/70-lat-luzyckiej-brygady-wop\/odsloniecie-tablicy-5\/\"><img loading=\"lazy\" decoding=\"async\" data-attachment-id=\"810\" data-orig-file=\"https:\/\/www.emeryci-sg.org.pl\/wp\/wp-content\/uploads\/2015\/06\/ods\u0142oni\u0119cie-tablicy-5.jpg\" data-orig-size=\"1000,662\" data-comments-opened=\"0\" data-image-meta=\"{&quot;aperture&quot;:&quot;6.3&quot;,&quot;credit&quot;:&quot;&quot;,&quot;camera&quot;:&quot;NIKON D7000&quot;,&quot;caption&quot;:&quot;&quot;,&quot;created_timestamp&quot;:&quot;1433083026&quot;,&quot;copyright&quot;:&quot;&quot;,&quot;focal_length&quot;:&quot;20&quot;,&quot;iso&quot;:&quot;100&quot;,&quot;shutter_speed&quot;:&quot;0.004&quot;,&quot;title&quot;:&quot;&quot;,&quot;orientation&quot;:&quot;1&quot;}\" data-image-title=\"ods\u0142oni\u0119cie tablicy 5\" data-image-description=\"\" data-medium-file=\"https:\/\/www.emeryci-sg.org.pl\/wp\/wp-content\/uploads\/2015\/06\/ods\u0142oni\u0119cie-tablicy-5-300x199.jpg\" data-large-file=\"https:\/\/www.emeryci-sg.org.pl\/wp\/wp-content\/uploads\/2015\/06\/ods\u0142oni\u0119cie-tablicy-5.jpg\" src=\"https:\/\/www.emeryci-sg.org.pl\/wp\/wp-content\/uploads\/2015\/06\/ods\u0142oni\u0119cie-tablicy-5-179x119.jpg\" width=\"179\" height=\"119\" align=\"left\" title=\"ods\u0142oni\u0119cie tablicy 5\" \/><\/a><\/div><div class=\"tiled-gallery-item tiled-gallery-item-small\"><a href=\"https:\/\/www.emeryci-sg.org.pl\/wp\/70-lat-luzyckiej-brygady-wop\/odsloniecie-tablicy-4\/\"><img loading=\"lazy\" decoding=\"async\" data-attachment-id=\"809\" data-orig-file=\"https:\/\/www.emeryci-sg.org.pl\/wp\/wp-content\/uploads\/2015\/06\/ods\u0142oni\u0119cie-tablicy-4.jpg\" data-orig-size=\"1000,662\" data-comments-opened=\"0\" data-image-meta=\"{&quot;aperture&quot;:&quot;6.3&quot;,&quot;credit&quot;:&quot;&quot;,&quot;camera&quot;:&quot;NIKON D7000&quot;,&quot;caption&quot;:&quot;&quot;,&quot;created_timestamp&quot;:&quot;1433082185&quot;,&quot;copyright&quot;:&quot;&quot;,&quot;focal_length&quot;:&quot;20&quot;,&quot;iso&quot;:&quot;100&quot;,&quot;shutter_speed&quot;:&quot;0.004&quot;,&quot;title&quot;:&quot;&quot;,&quot;orientation&quot;:&quot;1&quot;}\" data-image-title=\"ods\u0142oni\u0119cie tablicy 4\" data-image-description=\"\" data-medium-file=\"https:\/\/www.emeryci-sg.org.pl\/wp\/wp-content\/uploads\/2015\/06\/ods\u0142oni\u0119cie-tablicy-4-300x199.jpg\" data-large-file=\"https:\/\/www.emeryci-sg.org.pl\/wp\/wp-content\/uploads\/2015\/06\/ods\u0142oni\u0119cie-tablicy-4.jpg\" src=\"https:\/\/www.emeryci-sg.org.pl\/wp\/wp-content\/uploads\/2015\/06\/ods\u0142oni\u0119cie-tablicy-4-179x118.jpg\" width=\"179\" height=\"118\" align=\"left\" title=\"ods\u0142oni\u0119cie tablicy 4\" \/><\/a><\/div><\/div><\/div><div class=\"gallery-row\" style=\"width: 550px; height: 269px;\"><div class=\"gallery-group images-1\" style=\"width: 188px; height: 273px;\"><div class=\"tiled-gallery-item tiled-gallery-item-small\"><a href=\"https:\/\/www.emeryci-sg.org.pl\/wp\/70-lat-luzyckiej-brygady-wop\/osloniecie-tablicy-3\/\"><img loading=\"lazy\" decoding=\"async\" data-attachment-id=\"808\" data-orig-file=\"https:\/\/www.emeryci-sg.org.pl\/wp\/wp-content\/uploads\/2015\/06\/os\u0142oni\u0119cie-tablicy-3.jpg\" data-orig-size=\"703,1030\" data-comments-opened=\"0\" data-image-meta=\"{&quot;aperture&quot;:&quot;0&quot;,&quot;credit&quot;:&quot;&quot;,&quot;camera&quot;:&quot;&quot;,&quot;caption&quot;:&quot;&quot;,&quot;created_timestamp&quot;:&quot;0&quot;,&quot;copyright&quot;:&quot;&quot;,&quot;focal_length&quot;:&quot;0&quot;,&quot;iso&quot;:&quot;0&quot;,&quot;shutter_speed&quot;:&quot;0&quot;,&quot;title&quot;:&quot;&quot;,&quot;orientation&quot;:&quot;0&quot;}\" data-image-title=\"os\u0142oni\u0119cie tablicy 3\" data-image-description=\"\" data-medium-file=\"https:\/\/www.emeryci-sg.org.pl\/wp\/wp-content\/uploads\/2015\/06\/os\u0142oni\u0119cie-tablicy-3-205x300.jpg\" data-large-file=\"https:\/\/www.emeryci-sg.org.pl\/wp\/wp-content\/uploads\/2015\/06\/os\u0142oni\u0119cie-tablicy-3-699x1024.jpg\" src=\"https:\/\/www.emeryci-sg.org.pl\/wp\/wp-content\/uploads\/2015\/06\/os\u0142oni\u0119cie-tablicy-3-184x269.jpg\" width=\"184\" height=\"269\" align=\"left\" title=\"os\u0142oni\u0119cie tablicy 3\" \/><\/a><\/div><\/div><div class=\"gallery-group images-1\" style=\"width: 362px; height: 273px;\"><div class=\"tiled-gallery-item tiled-gallery-item-large\"><a href=\"https:\/\/www.emeryci-sg.org.pl\/wp\/70-lat-luzyckiej-brygady-wop\/odsloniecie-tablicy-2-2\/\"><img loading=\"lazy\" decoding=\"async\" data-attachment-id=\"807\" data-orig-file=\"https:\/\/www.emeryci-sg.org.pl\/wp\/wp-content\/uploads\/2015\/06\/ods\u0142oni\u0119cie-tablicy-2.jpg\" data-orig-size=\"3264,2448\" data-comments-opened=\"0\" data-image-meta=\"{&quot;aperture&quot;:&quot;2.8&quot;,&quot;credit&quot;:&quot;&quot;,&quot;camera&quot;:&quot;DMC-LS80&quot;,&quot;caption&quot;:&quot;&quot;,&quot;created_timestamp&quot;:&quot;1433087446&quot;,&quot;copyright&quot;:&quot;&quot;,&quot;focal_length&quot;:&quot;5.5&quot;,&quot;iso&quot;:&quot;100&quot;,&quot;shutter_speed&quot;:&quot;0.005&quot;,&quot;title&quot;:&quot;&quot;,&quot;orientation&quot;:&quot;1&quot;}\" data-image-title=\"ods\u0142oni\u0119cie tablicy 2\" data-image-description=\"\" data-medium-file=\"https:\/\/www.emeryci-sg.org.pl\/wp\/wp-content\/uploads\/2015\/06\/ods\u0142oni\u0119cie-tablicy-2-300x225.jpg\" data-large-file=\"https:\/\/www.emeryci-sg.org.pl\/wp\/wp-content\/uploads\/2015\/06\/ods\u0142oni\u0119cie-tablicy-2-1024x768.jpg\" src=\"https:\/\/www.emeryci-sg.org.pl\/wp\/wp-content\/uploads\/2015\/06\/ods\u0142oni\u0119cie-tablicy-2-358x269.jpg\" width=\"358\" height=\"269\" align=\"left\" title=\"ods\u0142oni\u0119cie tablicy 2\" \/><\/a><\/div><\/div><\/div><div class=\"gallery-row\" style=\"width: 550px; height: 410px;\"><div class=\"gallery-group images-1\" style=\"width: 550px; height: 414px;\"><div class=\"tiled-gallery-item tiled-gallery-item-large\"><a href=\"https:\/\/www.emeryci-sg.org.pl\/wp\/70-lat-luzyckiej-brygady-wop\/odsloniecie-tablicy-2\/\"><img loading=\"lazy\" decoding=\"async\" data-attachment-id=\"806\" data-orig-file=\"https:\/\/www.emeryci-sg.org.pl\/wp\/wp-content\/uploads\/2015\/06\/ods\u0142oni\u0119cie-tablicy1.jpg\" data-orig-size=\"3264,2448\" data-comments-opened=\"0\" data-image-meta=\"{&quot;aperture&quot;:&quot;2.8&quot;,&quot;credit&quot;:&quot;&quot;,&quot;camera&quot;:&quot;DMC-LS80&quot;,&quot;caption&quot;:&quot;&quot;,&quot;created_timestamp&quot;:&quot;1433086531&quot;,&quot;copyright&quot;:&quot;&quot;,&quot;focal_length&quot;:&quot;5.5&quot;,&quot;iso&quot;:&quot;100&quot;,&quot;shutter_speed&quot;:&quot;0.002&quot;,&quot;title&quot;:&quot;&quot;,&quot;orientation&quot;:&quot;1&quot;}\" data-image-title=\"ods\u0142oni\u0119cie tablicy\" data-image-description=\"\" data-medium-file=\"https:\/\/www.emeryci-sg.org.pl\/wp\/wp-content\/uploads\/2015\/06\/ods\u0142oni\u0119cie-tablicy1-300x225.jpg\" data-large-file=\"https:\/\/www.emeryci-sg.org.pl\/wp\/wp-content\/uploads\/2015\/06\/ods\u0142oni\u0119cie-tablicy1-1024x768.jpg\" src=\"https:\/\/www.emeryci-sg.org.pl\/wp\/wp-content\/uploads\/2015\/06\/ods\u0142oni\u0119cie-tablicy1-546x410.jpg\" width=\"546\" height=\"410\" align=\"left\" title=\"ods\u0142oni\u0119cie tablicy\" \/><\/a><\/div><\/div><\/div><\/div>\n","protected":false},"excerpt":{"rendered":"<p>&nbsp; \u00a0\u00a0\u00a0\u00a0\u00a0\u00a0\u00a0\u00a0\u00a0\u00a0 Po 45 latach, 8 miesi\u0105cach i 2 dniach s\u0142u\u017cby na po\u0142udniowo \u2013 zachodnich rubie\u017cach Polski \u2013 \u0141u\u017cycka Brygada WOP przesz\u0142a do historii. Zosta\u0142a jednak po niej pami\u0119\u0107 w sercach i umys\u0142ach by\u0142ych jej \u017co\u0142nierzy. To z ich inicjatywy, ku pami\u0119ci mieszka\u0144com Lubania i nast\u0119pcom w s\u0142u\u017cbie funkcjonariuszom Stra\u017cy Granicznej w obiekcie O\u015brodka Szkole\u0144 &hellip; <\/p>\n<p><a class=\"more-link btn\" href=\"https:\/\/www.emeryci-sg.org.pl\/wp\/70-lat-luzyckiej-brygady-wop\/\">Czytaj dalej<\/a><\/p>\n","protected":false},"author":1,"featured_media":811,"comment_status":"closed","ping_status":"closed","sticky":false,"template":"","format":"standard","meta":{"footnotes":""},"categories":[10,5],"tags":[],"class_list":["post-802","post","type-post","status-publish","format-standard","has-post-thumbnail","hentry","category-region-luban","category-zeirsg","nodate","item-wrap"],"_links":{"self":[{"href":"https:\/\/www.emeryci-sg.org.pl\/wp\/wp-json\/wp\/v2\/posts\/802","targetHints":{"allow":["GET"]}}],"collection":[{"href":"https:\/\/www.emeryci-sg.org.pl\/wp\/wp-json\/wp\/v2\/posts"}],"about":[{"href":"https:\/\/www.emeryci-sg.org.pl\/wp\/wp-json\/wp\/v2\/types\/post"}],"author":[{"embeddable":true,"href":"https:\/\/www.emeryci-sg.org.pl\/wp\/wp-json\/wp\/v2\/users\/1"}],"replies":[{"embeddable":true,"href":"https:\/\/www.emeryci-sg.org.pl\/wp\/wp-json\/wp\/v2\/comments?post=802"}],"version-history":[{"count":7,"href":"https:\/\/www.emeryci-sg.org.pl\/wp\/wp-json\/wp\/v2\/posts\/802\/revisions"}],"predecessor-version":[{"id":967,"href":"https:\/\/www.emeryci-sg.org.pl\/wp\/wp-json\/wp\/v2\/posts\/802\/revisions\/967"}],"wp:featuredmedia":[{"embeddable":true,"href":"https:\/\/www.emeryci-sg.org.pl\/wp\/wp-json\/wp\/v2\/media\/811"}],"wp:attachment":[{"href":"https:\/\/www.emeryci-sg.org.pl\/wp\/wp-json\/wp\/v2\/media?parent=802"}],"wp:term":[{"taxonomy":"category","embeddable":true,"href":"https:\/\/www.emeryci-sg.org.pl\/wp\/wp-json\/wp\/v2\/categories?post=802"},{"taxonomy":"post_tag","embeddable":true,"href":"https:\/\/www.emeryci-sg.org.pl\/wp\/wp-json\/wp\/v2\/tags?post=802"}],"curies":[{"name":"wp","href":"https:\/\/api.w.org\/{rel}","templated":true}]}}