{"id":8090,"date":"2019-12-18T19:19:24","date_gmt":"2019-12-18T18:19:24","guid":{"rendered":"http:\/\/www.emeryci-sg.org.pl\/wp\/?p=8090"},"modified":"2019-12-19T20:00:10","modified_gmt":"2019-12-19T19:00:10","slug":"dosc-represji-w-trzecia-rocznice-uchwalenia-ustawy-represyjnej","status":"publish","type":"post","link":"https:\/\/www.emeryci-sg.org.pl\/wp\/dosc-represji-w-trzecia-rocznice-uchwalenia-ustawy-represyjnej\/","title":{"rendered":"DO\u015a\u0106 REPRESJI &#8211; W TRZECI\u0104 ROCZNIC\u0118 &#8222;UCHWALENIA&#8221; USTAWY REPRESYJNEJ!"},"content":{"rendered":"<h2 class=\"title-news\"><a href=\"https:\/\/www.emeryci-sg.org.pl\/wp\/wp-content\/uploads\/2015\/05\/logo_fssmrp.jpg\"><img loading=\"lazy\" decoding=\"async\" class=\"size-full wp-image-326 alignleft\" src=\"https:\/\/www.emeryci-sg.org.pl\/wp\/wp-content\/uploads\/2015\/05\/logo_fssmrp.jpg\" alt=\"\" width=\"160\" height=\"117\" \/><\/a><\/h2>\n<div class=\"short-content\">\n<p style=\"text-align: justify;\"><em><strong>16 grudnia 2019 r.<\/strong> min\u0119\u0142y 3 lata od &#8222;uchwalenia&#8221; przez Sejm RP ustawy represyjnej, bezprawnego i stricte politycznego aktu odwetu, \u0142ami\u0105cego prawa ponad 40 tys. obywateli Polski. Od 3 lat Federacja Stowarzysze\u0144 S\u0142u\u017cb Mundurowych RP i organizacje wchodz\u0105ce w jej sk\u0142ad, wszelkimi \u015brodkami walcz\u0105 wsp\u00f3lnie i w imieniu obj\u0119tych t\u0105 pseudoustaw\u0105 by\u0142ych funkcjonariuszy i \u017co\u0142nierzy, o jej usuni\u0119cie z polskiego systemu prawnego. Ta trzyletnia walka powoli przynosi efekty, bo dzi\u015b popieraj\u0105 j\u0105 nie tylko politycy praktycznie wszystkich partii opozycyjnych, dzia\u0142acze organizacji pozarz\u0105dowych, ale przede wszystkim coraz wi\u0119ksza rzesza &#8222;zwyk\u0142ych&#8221; obywateli. Niestety, ten akt parlamentarnego barbarzy\u0144stwa, kt\u00f3ry odebra\u0142 \u017cycie 59 osobom, nadal obowi\u0105zuje, a odpowiedzialni za jego wprowadzenie robi\u0105 wszystko, by obowi\u0105zywa\u0142 jak najd\u0142u\u017cej.<\/em><br \/>\n<em><u>My\u00a0nie poddamy si\u0119 nigdy i b\u0119dziemy walczy\u0107 do zwyci\u0119stwa! Tego nauczy\u0142a nas s\u0142u\u017cba Polsce!<\/u><\/em><br \/>\n<em>Dlatego\u00a0<strong>16 grudnia 2019 r.<\/strong>\u00a0&#8211; w trzeci\u0105 rocznic\u0119 &#8222;uchwalenia&#8221; tej &#8222;ustawy&#8221; FSSM RP i organizacje b\u0119d\u0105ce jej cz\u0142onkami zorganizowa\u0142y akcj\u0119\u00a0<strong>DO\u015a\u0106 REPRESJI<\/strong>.<\/em><\/p>\n<p>Dalsza cz\u0119\u015b\u0107 artyku\u0142u &gt;<strong><span style=\"color: #0000ff;\">\u00a0<a style=\"color: #0000ff;\" href=\"https:\/\/www.fssm.pl\/warszawa-16-grudnia-2019-r_\">TUTAJ<\/a><\/span><\/strong><\/p>\n<\/div>\n<p style=\"text-align: justify;\">Powy\u017cszy artyku\u0142 zawiera kompleksowe podsumowanie pikiet rocznicowych zwi\u0105zanych z III rocznic\u0105 uchwalenia haniebnej ustawy represyjnej i dzia\u0142aniami w Senacie i w Sejmie podj\u0119tymi przez Federacj\u0119 wraz z pos\u0142ami Nowej Lewicy w dniu 16.12.2019 roku w celu z\u0142o\u017cenia nowego projektu ustawy ruguj\u0105cej z przestrzeni prawnej rozwi\u0105zania dyskryminuj\u0105ce emeryt\u00f3w i rencist\u00f3w mundurowych i powr\u00f3t do uregulowa\u0144 z roku 1994. Warto przeczyta\u0107 i przejrze\u0107 wszystkie za\u0142\u0105czniki.<\/p>\n<p style=\"text-align: right;\">Rzecznik ZEiRSG<\/p>\n<p style=\"text-align: right;\">Jerzy Jankowski<\/p>\n<p>&nbsp;<\/p>\n","protected":false},"excerpt":{"rendered":"<p>16 grudnia 2019 r. min\u0119\u0142y 3 lata od &#8222;uchwalenia&#8221; przez Sejm RP ustawy represyjnej, bezprawnego i stricte politycznego aktu odwetu, \u0142ami\u0105cego prawa ponad 40 tys. obywateli Polski. Od 3 lat Federacja Stowarzysze\u0144 S\u0142u\u017cb Mundurowych RP i organizacje wchodz\u0105ce w jej sk\u0142ad, wszelkimi \u015brodkami walcz\u0105 wsp\u00f3lnie i w imieniu obj\u0119tych t\u0105 pseudoustaw\u0105 by\u0142ych funkcjonariuszy i \u017co\u0142nierzy, &hellip; <\/p>\n<p><a class=\"more-link btn\" href=\"https:\/\/www.emeryci-sg.org.pl\/wp\/dosc-represji-w-trzecia-rocznice-uchwalenia-ustawy-represyjnej\/\">Czytaj dalej<\/a><\/p>\n","protected":false},"author":2,"featured_media":8092,"comment_status":"closed","ping_status":"closed","sticky":false,"template":"","format":"standard","meta":{"footnotes":""},"categories":[27,21],"tags":[],"class_list":["post-8090","post","type-post","status-publish","format-standard","has-post-thumbnail","hentry","category-obnizone-emerytury","category-komunikaty-i-publikacje","nodate","item-wrap"],"_links":{"self":[{"href":"https:\/\/www.emeryci-sg.org.pl\/wp\/wp-json\/wp\/v2\/posts\/8090","targetHints":{"allow":["GET"]}}],"collection":[{"href":"https:\/\/www.emeryci-sg.org.pl\/wp\/wp-json\/wp\/v2\/posts"}],"about":[{"href":"https:\/\/www.emeryci-sg.org.pl\/wp\/wp-json\/wp\/v2\/types\/post"}],"author":[{"embeddable":true,"href":"https:\/\/www.emeryci-sg.org.pl\/wp\/wp-json\/wp\/v2\/users\/2"}],"replies":[{"embeddable":true,"href":"https:\/\/www.emeryci-sg.org.pl\/wp\/wp-json\/wp\/v2\/comments?post=8090"}],"version-history":[{"count":1,"href":"https:\/\/www.emeryci-sg.org.pl\/wp\/wp-json\/wp\/v2\/posts\/8090\/revisions"}],"predecessor-version":[{"id":8093,"href":"https:\/\/www.emeryci-sg.org.pl\/wp\/wp-json\/wp\/v2\/posts\/8090\/revisions\/8093"}],"wp:featuredmedia":[{"embeddable":true,"href":"https:\/\/www.emeryci-sg.org.pl\/wp\/wp-json\/wp\/v2\/media\/8092"}],"wp:attachment":[{"href":"https:\/\/www.emeryci-sg.org.pl\/wp\/wp-json\/wp\/v2\/media?parent=8090"}],"wp:term":[{"taxonomy":"category","embeddable":true,"href":"https:\/\/www.emeryci-sg.org.pl\/wp\/wp-json\/wp\/v2\/categories?post=8090"},{"taxonomy":"post_tag","embeddable":true,"href":"https:\/\/www.emeryci-sg.org.pl\/wp\/wp-json\/wp\/v2\/tags?post=8090"}],"curies":[{"name":"wp","href":"https:\/\/api.w.org\/{rel}","templated":true}]}}