{"id":9250,"date":"2020-12-23T22:42:31","date_gmt":"2020-12-23T21:42:31","guid":{"rendered":"http:\/\/www.emeryci-sg.org.pl\/wp\/?p=9250"},"modified":"2022-07-31T13:35:06","modified_gmt":"2022-07-31T11:35:06","slug":"zyczenia-swiateczno-noworoczne-2020-2021","status":"publish","type":"post","link":"https:\/\/www.emeryci-sg.org.pl\/wp\/zyczenia-swiateczno-noworoczne-2020-2021\/","title":{"rendered":"\u017byczenia \u015bwi\u0105teczno-noworoczne 2020\/2021."},"content":{"rendered":"<p><!--more--><\/p>\n<p style=\"text-align: center;\"><a href=\"https:\/\/www.emeryci-sg.org.pl\/wp\/wp-content\/uploads\/2020\/12\/Bo\u017ce-Narodzenie-2020.png\"><img loading=\"lazy\" decoding=\"async\" class=\"alignnone size-full wp-image-9251\" src=\"https:\/\/www.emeryci-sg.org.pl\/wp\/wp-content\/uploads\/2020\/12\/Bo\u017ce-Narodzenie-2020.png\" alt=\"\" width=\"968\" height=\"677\" srcset=\"https:\/\/www.emeryci-sg.org.pl\/wp\/wp-content\/uploads\/2020\/12\/Bo\u017ce-Narodzenie-2020.png 968w, https:\/\/www.emeryci-sg.org.pl\/wp\/wp-content\/uploads\/2020\/12\/Bo\u017ce-Narodzenie-2020-300x210.png 300w, https:\/\/www.emeryci-sg.org.pl\/wp\/wp-content\/uploads\/2020\/12\/Bo\u017ce-Narodzenie-2020-768x537.png 768w\" sizes=\"auto, (max-width: 968px) 100vw, 968px\" \/><\/a><\/p>\n<p style=\"text-align: center;\">\u017byczenia od Regionu Cieszyn.<\/p>\n<p style=\"text-align: center;\"><a href=\"https:\/\/www.emeryci-sg.org.pl\/wp\/wp-content\/uploads\/2020\/12\/Region-Cieszyn..jpg\"><img loading=\"lazy\" decoding=\"async\" class=\"alignnone size-full wp-image-9254\" src=\"https:\/\/www.emeryci-sg.org.pl\/wp\/wp-content\/uploads\/2020\/12\/Region-Cieszyn..jpg\" alt=\"\" width=\"1058\" height=\"794\" srcset=\"https:\/\/www.emeryci-sg.org.pl\/wp\/wp-content\/uploads\/2020\/12\/Region-Cieszyn..jpg 1058w, https:\/\/www.emeryci-sg.org.pl\/wp\/wp-content\/uploads\/2020\/12\/Region-Cieszyn.-300x225.jpg 300w, https:\/\/www.emeryci-sg.org.pl\/wp\/wp-content\/uploads\/2020\/12\/Region-Cieszyn.-768x576.jpg 768w, https:\/\/www.emeryci-sg.org.pl\/wp\/wp-content\/uploads\/2020\/12\/Region-Cieszyn.-1024x768.jpg 1024w\" sizes=\"auto, (max-width: 1058px) 100vw, 1058px\" \/><\/a><\/p>\n<p style=\"text-align: center;\">\u017byczenia od Regionu Szczecin.<\/p>\n<p><a href=\"https:\/\/www.emeryci-sg.org.pl\/wp\/wp-content\/uploads\/2020\/12\/Region-Szczecin.jpg\"><img loading=\"lazy\" decoding=\"async\" class=\"alignnone size-full wp-image-9255\" src=\"https:\/\/www.emeryci-sg.org.pl\/wp\/wp-content\/uploads\/2020\/12\/Region-Szczecin.jpg\" alt=\"\" width=\"1619\" height=\"1080\" srcset=\"https:\/\/www.emeryci-sg.org.pl\/wp\/wp-content\/uploads\/2020\/12\/Region-Szczecin.jpg 1619w, https:\/\/www.emeryci-sg.org.pl\/wp\/wp-content\/uploads\/2020\/12\/Region-Szczecin-300x200.jpg 300w, https:\/\/www.emeryci-sg.org.pl\/wp\/wp-content\/uploads\/2020\/12\/Region-Szczecin-768x512.jpg 768w, https:\/\/www.emeryci-sg.org.pl\/wp\/wp-content\/uploads\/2020\/12\/Region-Szczecin-1024x683.jpg 1024w\" sizes=\"auto, (max-width: 1619px) 100vw, 1619px\" \/><\/a><\/p>\n<p style=\"text-align: center;\">\u017byczenia od Regionu S\u0105deckiego.<\/p>\n<p><a href=\"https:\/\/www.emeryci-sg.org.pl\/wp\/wp-content\/uploads\/2020\/12\/zyczenia-od-Regionu-S\u0105deckiego.png\"><img loading=\"lazy\" decoding=\"async\" class=\"alignnone size-full wp-image-9256\" src=\"https:\/\/www.emeryci-sg.org.pl\/wp\/wp-content\/uploads\/2020\/12\/zyczenia-od-Regionu-S\u0105deckiego.png\" alt=\"\" width=\"1161\" height=\"453\" srcset=\"https:\/\/www.emeryci-sg.org.pl\/wp\/wp-content\/uploads\/2020\/12\/zyczenia-od-Regionu-S\u0105deckiego.png 1161w, https:\/\/www.emeryci-sg.org.pl\/wp\/wp-content\/uploads\/2020\/12\/zyczenia-od-Regionu-S\u0105deckiego-300x117.png 300w, https:\/\/www.emeryci-sg.org.pl\/wp\/wp-content\/uploads\/2020\/12\/zyczenia-od-Regionu-S\u0105deckiego-768x300.png 768w, https:\/\/www.emeryci-sg.org.pl\/wp\/wp-content\/uploads\/2020\/12\/zyczenia-od-Regionu-S\u0105deckiego-1024x400.png 1024w\" sizes=\"auto, (max-width: 1161px) 100vw, 1161px\" \/><\/a><\/p>\n<p style=\"text-align: center;\">\u017byczenia od Wiceprezesa Z\u017bWP p\u0142k. H. Budzy\u0144skiego.<\/p>\n<p style=\"text-align: center;\"><a href=\"https:\/\/www.emeryci-sg.org.pl\/wp\/wp-content\/uploads\/2020\/12\/\u017byczenia-od-Wiceprezesa-Z\u017bWP-H.-Budzy\u0144skiego.jpg\"><img loading=\"lazy\" decoding=\"async\" class=\"alignnone size-full wp-image-9257\" src=\"https:\/\/www.emeryci-sg.org.pl\/wp\/wp-content\/uploads\/2020\/12\/\u017byczenia-od-Wiceprezesa-Z\u017bWP-H.-Budzy\u0144skiego.jpg\" alt=\"\" width=\"1650\" height=\"1275\" srcset=\"https:\/\/www.emeryci-sg.org.pl\/wp\/wp-content\/uploads\/2020\/12\/\u017byczenia-od-Wiceprezesa-Z\u017bWP-H.-Budzy\u0144skiego.jpg 1650w, https:\/\/www.emeryci-sg.org.pl\/wp\/wp-content\/uploads\/2020\/12\/\u017byczenia-od-Wiceprezesa-Z\u017bWP-H.-Budzy\u0144skiego-300x232.jpg 300w, https:\/\/www.emeryci-sg.org.pl\/wp\/wp-content\/uploads\/2020\/12\/\u017byczenia-od-Wiceprezesa-Z\u017bWP-H.-Budzy\u0144skiego-768x593.jpg 768w, https:\/\/www.emeryci-sg.org.pl\/wp\/wp-content\/uploads\/2020\/12\/\u017byczenia-od-Wiceprezesa-Z\u017bWP-H.-Budzy\u0144skiego-1024x791.jpg 1024w\" sizes=\"auto, (max-width: 1650px) 100vw, 1650px\" \/><\/a><\/p>\n<p>&nbsp;<\/p>\n<p style=\"text-align: center;\">\u017byczenia od Prezesa ZF BOR Ryszarda G\u00f3rana.<a href=\"https:\/\/www.emeryci-sg.org.pl\/wp\/wp-content\/uploads\/2020\/12\/\u017byczenia-od-ZF-BOR.jpg\"><br \/>\n<img loading=\"lazy\" decoding=\"async\" class=\"alignnone size-full wp-image-9258 aligncenter\" src=\"https:\/\/www.emeryci-sg.org.pl\/wp\/wp-content\/uploads\/2020\/12\/\u017byczenia-od-ZF-BOR.jpg\" alt=\"\" width=\"1650\" height=\"1275\" srcset=\"https:\/\/www.emeryci-sg.org.pl\/wp\/wp-content\/uploads\/2020\/12\/\u017byczenia-od-ZF-BOR.jpg 1650w, https:\/\/www.emeryci-sg.org.pl\/wp\/wp-content\/uploads\/2020\/12\/\u017byczenia-od-ZF-BOR-300x232.jpg 300w, https:\/\/www.emeryci-sg.org.pl\/wp\/wp-content\/uploads\/2020\/12\/\u017byczenia-od-ZF-BOR-768x593.jpg 768w, https:\/\/www.emeryci-sg.org.pl\/wp\/wp-content\/uploads\/2020\/12\/\u017byczenia-od-ZF-BOR-1024x791.jpg 1024w\" sizes=\"auto, (max-width: 1650px) 100vw, 1650px\" \/><\/a><\/p>\n<p style=\"text-align: center;\">\u017byczenia od Federacji SSM RP<\/p>\n<p><img decoding=\"async\" class=\"aligncenter\" src=\"https:\/\/fssm.pl\/ckfinder_pliki\/images\/yczenia%20Bo%C5%BConarodzeniowe%202020.png\" \/><\/p>\n","protected":false},"excerpt":{"rendered":"","protected":false},"author":2,"featured_media":6293,"comment_status":"closed","ping_status":"closed","sticky":false,"template":"","format":"standard","meta":{"footnotes":""},"categories":[14],"tags":[],"class_list":["post-9250","post","type-post","status-publish","format-standard","has-post-thumbnail","hentry","category-zarzad-glowny","nodate","item-wrap"],"_links":{"self":[{"href":"https:\/\/www.emeryci-sg.org.pl\/wp\/wp-json\/wp\/v2\/posts\/9250","targetHints":{"allow":["GET"]}}],"collection":[{"href":"https:\/\/www.emeryci-sg.org.pl\/wp\/wp-json\/wp\/v2\/posts"}],"about":[{"href":"https:\/\/www.emeryci-sg.org.pl\/wp\/wp-json\/wp\/v2\/types\/post"}],"author":[{"embeddable":true,"href":"https:\/\/www.emeryci-sg.org.pl\/wp\/wp-json\/wp\/v2\/users\/2"}],"replies":[{"embeddable":true,"href":"https:\/\/www.emeryci-sg.org.pl\/wp\/wp-json\/wp\/v2\/comments?post=9250"}],"version-history":[{"count":7,"href":"https:\/\/www.emeryci-sg.org.pl\/wp\/wp-json\/wp\/v2\/posts\/9250\/revisions"}],"predecessor-version":[{"id":11680,"href":"https:\/\/www.emeryci-sg.org.pl\/wp\/wp-json\/wp\/v2\/posts\/9250\/revisions\/11680"}],"wp:featuredmedia":[{"embeddable":true,"href":"https:\/\/www.emeryci-sg.org.pl\/wp\/wp-json\/wp\/v2\/media\/6293"}],"wp:attachment":[{"href":"https:\/\/www.emeryci-sg.org.pl\/wp\/wp-json\/wp\/v2\/media?parent=9250"}],"wp:term":[{"taxonomy":"category","embeddable":true,"href":"https:\/\/www.emeryci-sg.org.pl\/wp\/wp-json\/wp\/v2\/categories?post=9250"},{"taxonomy":"post_tag","embeddable":true,"href":"https:\/\/www.emeryci-sg.org.pl\/wp\/wp-json\/wp\/v2\/tags?post=9250"}],"curies":[{"name":"wp","href":"https:\/\/api.w.org\/{rel}","templated":true}]}}